{"id":17123,"date":"2022-11-04T23:46:18","date_gmt":"2022-11-05T02:46:18","guid":{"rendered":"https:\/\/corrientesdetarde.com\/?p=17123"},"modified":"2022-11-04T23:46:21","modified_gmt":"2022-11-05T02:46:21","slug":"cristina-kirchner-los-que-quisieron-matarme-no-eran-indignados-sino-pagados-por-empresarios-vinculados-con-el-macrismo","status":"publish","type":"post","link":"https:\/\/corrientesdetarde.com\/index.php\/politica\/cristina-kirchner-los-que-quisieron-matarme-no-eran-indignados-sino-pagados-por-empresarios-vinculados-con-el-macrismo\/","title":{"rendered":"Cristina Kirchner: &#8220;Los que quisieron matarme no eran indignados, sino pagados por empresarios vinculados con el macrismo&#8221;"},"content":{"rendered":"\n<p>La vicepresidenta Cristina Kirchner encabez\u00f3 este viernes el cierre del acto de la Uni\u00f3n Obrera Metal\u00fargica (UOM), donde se hab\u00eda generado una fuerte expectativa por su discurso, en medio de la interna del Frente de Todos, la crisis econ\u00f3mica, su reaparici\u00f3n p\u00fablica despu\u00e9s de intento de asesinato que sufri\u00f3 en la puerta de su casa y el clamor por su posible candidatura en las pr\u00f3ximas elecciones del 2023. Sin embargo, la ex mandataria hizo un repaso por su gesti\u00f3n y evit\u00f3 referirse a Alberto Fern\u00e1ndez.<\/p>\n\n\n\n<p>&#8220;Esta es mi primera salida. Hoy se cumplen dos meses y tres d\u00edas de eso que todos vieron por televisi\u00f3n. Yo tambi\u00e9n lo vi por televisi\u00f3n: el arma que pretend\u00eda volarme la cabeza. Dicen los psiquiatras que es mucho mejor porque eso te acompa\u00f1a de por vida. Yo por suerte no lo vi. En estos meses y tres d\u00edas no me pod\u00eda sacar de la cabeza una idea: qu\u00e9 hubiera pasado si hubiera gatillado. Esa imagen para mis hijos y mis nietos&#8221;, reflexion\u00f3.<\/p>\n\n\n\n<p>En ese sentido, la Vicepresidenta justific\u00f3 su presencia en el acto de la UOM: &#8220;Quer\u00eda estar ac\u00e1 porque despu\u00e9s de algunas cosas no hay mejor lugar que estar junto a los trabajadores y las trabajadoras. Este compa\u00f1ero (Abel Furl\u00e1n), en el 2016 era diputado nacional junto a Axel y el cuervo que bancaron las ideas y convicciones sobre todas las cosas. Vot\u00f3 en contra del endeudamiento con los fondos buitres, haciendo honor a su organizaci\u00f3n&#8221;.<\/p>\n\n\n\n<p>Cuando parec\u00eda que la Vicepresidenta iba a apuntar contra las pol\u00edtica econ\u00f3micas, record\u00f3 el salario, jubilaciones y la participaci\u00f3n de los trabajadores en 2015, cuando termin\u00f3 su segundo mandato y dej\u00f3 la presidencia a Mauricio Macri. De todos modos, reclam\u00f3 una suma fija para los trabajadores que, seg\u00fan explic\u00f3, &#8220;no va a ser en detrimento de las paritarias&#8221;.<\/p>\n\n\n\n<p>&#8220;En el 2019 cuando el macrismo endeud\u00f3 al pa\u00eds de una manera demencial yo ten\u00eda la responsabilidad -como la fuerza m\u00e1s representativa despu\u00e9s de las elecciones del 2017- para que le peronismo ganara las elecciones y las pol\u00edticas de endeudamiento hab\u00eda que tomar decisiones. El escenario internacional era complejo&#8221;, record\u00f3 al mencionar las cr\u00edticas que recibe por la f\u00f3rmula que propuso con Alberto Fern\u00e1ndez.<\/p>\n\n\n\n<p>Adem\u00e1s, expres\u00f3: &#8220;Y aqu\u00ed en nuestro pa\u00eds cual era la situaci\u00f3n. Una dirigente que ten\u00eda que tomar una decisi\u00f3n y que no estaba muy acompa\u00f1ada que digamos. No es un reproche, es una descripci\u00f3n. Muchos dec\u00eda que el ciclo de CFK est\u00e1 terminado. Algunos movimientos sociales no ve\u00edan tan mal las ayudas que recib\u00edan. Los dirigentes de la CGT no aparec\u00edan tan decididos de enfrentar esa pol\u00edticas&#8221;.<\/p>\n\n\n\n<p>&#8220;Tuve que tomar una decisi\u00f3n y no me arrepiento. Hab\u00eda que votar en contra de ciertas pol\u00edticas, no de personas. La verdad que es necesario representar y organizar no solo al peronismo, sino a aquellos que creen poder tener una sociedad m\u00e1s equitativa. No me gusta hablar de lo que gasta el Estado, sino de inversi\u00f3n&#8221;, explic\u00f3.<\/p>\n\n\n\n<p>Como hab\u00eda adelantado Infobae, en el entorno de Alberto Fern\u00e1ndez entend\u00edan que era una posibilidad que criticara el rumbo del Gobierno: &#8220;Probablemente vuelva a insistir con el tema del poder adquisitivo, y con el aumento a las prepagas. Y a comparar su gesti\u00f3n con la suya. Nada nuevo&#8221;. Sin embargo, la ex mandataria evit\u00f3 pronunciarse al respecto.<\/p>\n\n\n\n<p>&#8220;Yo voy a hacer lo que tenga que hacer para lograr que nuestro pueblo pueda organizarse en un proyecto de pa\u00eds que recuperar la ilusi\u00f3n. \u00c9ramos un pueblo alegre en 2015. Volvamos a recuperar esa alegr\u00eda que tuvimos alguna vez: la alegr\u00eda de que el sueldo alcanzaba, que hab\u00eda trabajo y que hab\u00eda futuro. Esa alegr\u00eda nos la merecemos todos los argentinos&#8221;, finaliz\u00f3 Fern\u00e1ndez de Kirchner.<\/p>\n","protected":false},"excerpt":{"rendered":"<p>La vicepresidenta Cristina Kirchner encabez\u00f3 este viernes el cierre del acto de la Uni\u00f3n Obrera Metal\u00fargica (UOM), donde se hab\u00eda generado una fuerte expectativa por su discurso, en medio de&hellip; <\/p>\n","protected":false},"author":1,"featured_media":17126,"comment_status":"closed","ping_status":"open","sticky":false,"template":"","format":"standard","meta":{"footnotes":""},"categories":[3],"tags":[],"class_list":["post-17123","post","type-post","status-publish","format-standard","has-post-thumbnail","hentry","category-politica"],"_links":{"self":[{"href":"https:\/\/corrientesdetarde.com\/index.php\/wp-json\/wp\/v2\/posts\/17123","targetHints":{"allow":["GET"]}}],"collection":[{"href":"https:\/\/corrientesdetarde.com\/index.php\/wp-json\/wp\/v2\/posts"}],"about":[{"href":"https:\/\/corrientesdetarde.com\/index.php\/wp-json\/wp\/v2\/types\/post"}],"author":[{"embeddable":true,"href":"https:\/\/corrientesdetarde.com\/index.php\/wp-json\/wp\/v2\/users\/1"}],"replies":[{"embeddable":true,"href":"https:\/\/corrientesdetarde.com\/index.php\/wp-json\/wp\/v2\/comments?post=17123"}],"version-history":[{"count":1,"href":"https:\/\/corrientesdetarde.com\/index.php\/wp-json\/wp\/v2\/posts\/17123\/revisions"}],"predecessor-version":[{"id":17129,"href":"https:\/\/corrientesdetarde.com\/index.php\/wp-json\/wp\/v2\/posts\/17123\/revisions\/17129"}],"wp:featuredmedia":[{"embeddable":true,"href":"https:\/\/corrientesdetarde.com\/index.php\/wp-json\/wp\/v2\/media\/17126"}],"wp:attachment":[{"href":"https:\/\/corrientesdetarde.com\/index.php\/wp-json\/wp\/v2\/media?parent=17123"}],"wp:term":[{"taxonomy":"category","embeddable":true,"href":"https:\/\/corrientesdetarde.com\/index.php\/wp-json\/wp\/v2\/categories?post=17123"},{"taxonomy":"post_tag","embeddable":true,"href":"https:\/\/corrientesdetarde.com\/index.php\/wp-json\/wp\/v2\/tags?post=17123"}],"curies":[{"name":"wp","href":"https:\/\/api.w.org\/{rel}","templated":true}]}}