{"id":171243,"date":"2024-11-07T10:23:10","date_gmt":"2024-11-07T13:23:10","guid":{"rendered":"https:\/\/corrientesdetarde.com\/?p=171243"},"modified":"2024-11-07T10:23:22","modified_gmt":"2024-11-07T13:23:22","slug":"el-gobierno-denunciara-por-secuestro-de-personas-a-los-gremios-por-el-paro-de-los-aeropuertos","status":"publish","type":"post","link":"https:\/\/corrientesdetarde.com\/index.php\/informacion-general\/el-gobierno-denunciara-por-secuestro-de-personas-a-los-gremios-por-el-paro-de-los-aeropuertos\/","title":{"rendered":"el Gobierno denunciar\u00e1 por secuestro de personas a los gremios por el paro de los aeropuertos"},"content":{"rendered":"\n<p><\/p>\n\n\n\n<p>El Gobierno anunci\u00f3 este mi\u00e9rcoles que denunciar\u00e1 por secuestro de personas a los sindicalistas que realizan medidas de fuerza en Aeroparque, donde miles de pasajeros fueron afectados por las demoras y cancelaciones en sus vuelos, producto de una sorpresiva asamblea gremial de los trabajadores de Intercargo. Tambi\u00e9n hubo usuarios que quedaron varados adentro de los aviones sin poder bajar.<\/p>\n\n\n\n<p>La decisi\u00f3n de recurrir a la Justicia fue comunicada en conferencia de prensa por el vocero presidencial Manuel Adorni, quien se refiri\u00f3 al conflicto que se desat\u00f3 este mediod\u00eda volviendo a alterar al funcionamiento del aeropuerto porte\u00f1o.<\/p>\n\n\n\n<p>\u201cHay personas de reh\u00e9n por culpa del delirio terrorista sindical, que para no perder sus privilegios desde hace meses pretende poner en jaque el sistema aerocomercial de la Argentina\u201d, sintetiz\u00f3 el funcionario al respecto. Luego dijo determinante: \u201cEl Gobierno va a ir a la Justicia por abandono y secuestro de personas\u201d.<\/p>\n\n\n\n<p>A lo largo de la jornada, las autoridades ya tuvieron que intervenir para ayudar a los pasajeros afectados por la medida de fuerza. La Polic\u00eda de Seguridad Aeroportuaria, por ejemplo, actu\u00f3 tras una orden del ministerio de Seguridad y mont\u00f3 un operativo en la pista de aterrizaje para colaborar en el descenso de las m\u00e1s de mil personas que hab\u00edan quedado encerradas arriba de los aviones.<\/p>\n\n\n\n<p>En este sentido, Patricia Bullrich se manifest\u00f3 sobre la problem\u00e1tica y a trav\u00e9s de sus redes sociales escribi\u00f3: \u201cPasajeros descompuestos y con ataque de p\u00e1nico. Con la Polic\u00eda de Seguridad Aeroportuaria estamos colaborando con Franco Mogetta, secretario de Transporte de la Naci\u00f3n, para bajar a la gente varada arriba de los aviones, porque no hay servicios de escaleras ni de rampas\u201d.<\/p>\n\n\n\n<p>Y agreg\u00f3: \u201cEstos delincuentes secuestran a la gente por sus intereses corruptos. Hay 10 aviones con m\u00e1s de 1500 personas secuestradas. La PSA se encuentra ahora baj\u00e1ndolas de los aviones y, adem\u00e1s, llegan refuerzos de Gendarmer\u00eda y Prefectura. Vamos a ir a la Justicia contra estos delincuentes por abandono y secuestro de personas, intimidaci\u00f3n p\u00fablica y bloqueo. Las hacen, las pagan\u201d.<\/p>\n\n\n\n<p>La medida de fuerza realizada por la empresa responsable del servicio de rampa que utilizan las compa\u00f1\u00edas a\u00e9reas comenz\u00f3 cerca de las 11 de la ma\u00f1ana en Aeroparque y luego se extendi\u00f3 a Ezeiza. Se debe al despido de un trabajador en el aeropuerto metropolitano.<\/p>\n\n\n\n<p>En partidas no est\u00e1n despachando valijas y en arribos bajan pasajeros pero no su equipaje. Adem\u00e1s, hay vuelos cancelados de todas las aerol\u00edneas y muchos est\u00e1n con demoras.<\/p>\n\n\n\n<p>Flybondi, por su parte, inform\u00f3 que debido a la sorpresiva asamblea gremial de los trabajadores de la empresa Intercargo en Aeroparque, la compa\u00f1\u00eda tuvo que cancelar 8 vuelos, lo que afecta a m\u00e1s de 1340 pasajeros y tuvo que demorar 4 vuelos que afectan a 649 pasajeros.<\/p>\n\n\n\n<p>\u201cEs importante resaltar que durante m\u00e1s de 2 horas m\u00e1s de 400 personas, entre pasajeros y tripulaciones, fueron rehenes de esta medida de fuerza, ya que no pod\u00edan descender de los aviones que se encontraban ya aterrizados en plataforma. Es inadmisible que un sindicado pueda ejercer la privaci\u00f3n de la libertad de las personas, oblig\u00e1ndolas a permanecer a bordo de las aeronaves por la fuerza\u201d, dijo la compa\u00f1\u00eda.<\/p>\n\n\n\n<p><strong>El reclamo de Intercargo<\/strong><\/p>\n\n\n\n<p>En un comunicado, la Asociaci\u00f3n del Personal Aeron\u00e1utico (APA) indic\u00f3 que el paro se debe a la decisi\u00f3n \u201carbitraria y sin causa\u201d a un trabajador de la base Aeroparque.<\/p>\n\n\n\n<p>\u201cExigimos de forma urgente su leg\u00edtima reincorporaci\u00f3n. Advertimos que puede haber demoras por reuniones informativas\u201d, advirtieron en el marco de la asamblea realizada este mi\u00e9rcoles.<\/p>\n\n\n\n<p>El texto contin\u00faa: \u201cNo vamos a permitir este tipo de provocaciones, menos a\u00fan en medio de la irresponsabilidad de Femando Montes, Presidente de Intercargo, y sus gerentes frente a una paritaria interrumpida intencionalmente para perjudicar econ\u00f3micamente al conjunto de trabajadores\/as de Intercargo\u201d.<\/p>\n","protected":false},"excerpt":{"rendered":"<p>El Gobierno anunci\u00f3 este mi\u00e9rcoles que denunciar\u00e1 por secuestro de personas a los sindicalistas que realizan medidas de fuerza en Aeroparque, donde miles de pasajeros fueron afectados por las demoras&hellip; <\/p>\n","protected":false},"author":1,"featured_media":171247,"comment_status":"closed","ping_status":"open","sticky":false,"template":"","format":"standard","meta":{"footnotes":""},"categories":[1],"tags":[],"class_list":["post-171243","post","type-post","status-publish","format-standard","has-post-thumbnail","hentry","category-informacion-general"],"_links":{"self":[{"href":"https:\/\/corrientesdetarde.com\/index.php\/wp-json\/wp\/v2\/posts\/171243","targetHints":{"allow":["GET"]}}],"collection":[{"href":"https:\/\/corrientesdetarde.com\/index.php\/wp-json\/wp\/v2\/posts"}],"about":[{"href":"https:\/\/corrientesdetarde.com\/index.php\/wp-json\/wp\/v2\/types\/post"}],"author":[{"embeddable":true,"href":"https:\/\/corrientesdetarde.com\/index.php\/wp-json\/wp\/v2\/users\/1"}],"replies":[{"embeddable":true,"href":"https:\/\/corrientesdetarde.com\/index.php\/wp-json\/wp\/v2\/comments?post=171243"}],"version-history":[{"count":1,"href":"https:\/\/corrientesdetarde.com\/index.php\/wp-json\/wp\/v2\/posts\/171243\/revisions"}],"predecessor-version":[{"id":171248,"href":"https:\/\/corrientesdetarde.com\/index.php\/wp-json\/wp\/v2\/posts\/171243\/revisions\/171248"}],"wp:featuredmedia":[{"embeddable":true,"href":"https:\/\/corrientesdetarde.com\/index.php\/wp-json\/wp\/v2\/media\/171247"}],"wp:attachment":[{"href":"https:\/\/corrientesdetarde.com\/index.php\/wp-json\/wp\/v2\/media?parent=171243"}],"wp:term":[{"taxonomy":"category","embeddable":true,"href":"https:\/\/corrientesdetarde.com\/index.php\/wp-json\/wp\/v2\/categories?post=171243"},{"taxonomy":"post_tag","embeddable":true,"href":"https:\/\/corrientesdetarde.com\/index.php\/wp-json\/wp\/v2\/tags?post=171243"}],"curies":[{"name":"wp","href":"https:\/\/api.w.org\/{rel}","templated":true}]}}