{"id":171254,"date":"2024-11-07T13:23:39","date_gmt":"2024-11-07T16:23:39","guid":{"rendered":"https:\/\/corrientesdetarde.com\/?p=171254"},"modified":"2024-11-07T13:32:24","modified_gmt":"2024-11-07T16:32:24","slug":"braillard-poccard-ita-ibate-es-un-ejemplo-de-ecoturismo","status":"publish","type":"post","link":"https:\/\/corrientesdetarde.com\/index.php\/eventossociedad\/braillard-poccard-ita-ibate-es-un-ejemplo-de-ecoturismo\/","title":{"rendered":"Braillard Poccard: \u201cIta Ibat\u00e9 es un ejemplo de ecoturismo\u201d"},"content":{"rendered":"\n<p>Lanzamiento \u201cIta Turismo Bike\u201d<\/p>\n\n\n\n<p>El Vicegobernador Pedro Braillard Poccard encabez\u00f3 junto al intendente de It\u00e1 Ibat\u00e9, Secundino Portela, el lanzamiento de la cuarta edici\u00f3n del Cicloturismo \u201cIta Turismo Bike\u201d que se llev\u00f3 a cabo este jueves en Casa Iber\u00e1.<\/p>\n\n\n\n<p>Esta traves\u00eda se realizar\u00e1 los d\u00edas s\u00e1bado 23 y domingo 24 de noviembre en la localidad. Una traves\u00eda de 45Km, completamente se\u00f1alizado, con puestos de hidrataci\u00f3n, apoyo vehicular y seguridad (ambulancia, polic\u00eda, bomberos y motocicletas).<\/p>\n\n\n\n<p>En la oportunidad, la Secretaria de Turismo de Ita Ibat\u00e9, Viviana Maciel, detall\u00f3: \u201cEsta cuarta edici\u00f3n se llama Ita Turismo Bike, es un recorrido por campos vecinos de Ita Ibat\u00e9\u201d y agreg\u00f3 \u201chasta el momento llevamos 95 inscriptos, y seguimos sumando, algunos de ellos de la provincia de Misiones y de La Pampa\u201d.<\/p>\n\n\n\n<p>Por su parte, el intendente Portela destac\u00f3: \u201cEl esfuerzo que est\u00e1 haciendo Ita Ibat\u00e9 de potenciar el turismo de Corrientes es un objetivo claro, y la \u00fanica forma de hacerlo es trabajar en forma conjunta. A trav\u00e9s de estas actividades no s\u00f3lo se potencia el turismo del lugar sino tambi\u00e9n la econom\u00eda circular y los beneficios para un municipio que va creciendo\u201d.<\/p>\n\n\n\n<p>En tanto Braillard Poccard, al hacer uso de la palabra, expres\u00f3: \u201cDentro de la matriz productiva de la provincia el ecoturismo constituye un factor fundamental, en este caso Ita Ibat\u00e9 es un ejemplo porque nuclea los componentes b\u00e1sicos del turismo y la preservaci\u00f3n de los recursos naturales\u201d. Augur\u00f3 \u00e9xitos y felicit\u00f3 al Intendente por la iniciativa.<\/p>\n\n\n\n<p>Los interesados en participar de este gran evento deportivo tur\u00edstico pueden acceder a www.pedalea.com.ar<\/p>\n\n\n\n<p><\/p>\n\n\n\n<figure class=\"wp-block-image size-large\"><img loading=\"lazy\" decoding=\"async\" width=\"1024\" height=\"682\" src=\"https:\/\/corrientesdetarde.com\/wp-content\/uploads\/2024\/11\/WhatsApp-Image-2024-11-07-at-12.52.20-2-1024x682.jpeg\" alt=\"\" class=\"wp-image-171256\" srcset=\"https:\/\/corrientesdetarde.com\/wp-content\/uploads\/2024\/11\/WhatsApp-Image-2024-11-07-at-12.52.20-2-1024x682.jpeg 1024w, https:\/\/corrientesdetarde.com\/wp-content\/uploads\/2024\/11\/WhatsApp-Image-2024-11-07-at-12.52.20-2-300x200.jpeg 300w, https:\/\/corrientesdetarde.com\/wp-content\/uploads\/2024\/11\/WhatsApp-Image-2024-11-07-at-12.52.20-2-768x512.jpeg 768w, https:\/\/corrientesdetarde.com\/wp-content\/uploads\/2024\/11\/WhatsApp-Image-2024-11-07-at-12.52.20-2-1536x1023.jpeg 1536w, https:\/\/corrientesdetarde.com\/wp-content\/uploads\/2024\/11\/WhatsApp-Image-2024-11-07-at-12.52.20-2.jpeg 1600w\" sizes=\"auto, (max-width: 1024px) 100vw, 1024px\" \/><\/figure>\n\n\n\n<figure class=\"wp-block-image size-large\"><img loading=\"lazy\" decoding=\"async\" width=\"1024\" height=\"682\" src=\"https:\/\/corrientesdetarde.com\/wp-content\/uploads\/2024\/11\/WhatsApp-Image-2024-11-07-at-12.52.20-1-1024x682.jpeg\" alt=\"\" class=\"wp-image-171257\" srcset=\"https:\/\/corrientesdetarde.com\/wp-content\/uploads\/2024\/11\/WhatsApp-Image-2024-11-07-at-12.52.20-1-1024x682.jpeg 1024w, https:\/\/corrientesdetarde.com\/wp-content\/uploads\/2024\/11\/WhatsApp-Image-2024-11-07-at-12.52.20-1-300x200.jpeg 300w, https:\/\/corrientesdetarde.com\/wp-content\/uploads\/2024\/11\/WhatsApp-Image-2024-11-07-at-12.52.20-1-768x512.jpeg 768w, https:\/\/corrientesdetarde.com\/wp-content\/uploads\/2024\/11\/WhatsApp-Image-2024-11-07-at-12.52.20-1-1536x1023.jpeg 1536w, https:\/\/corrientesdetarde.com\/wp-content\/uploads\/2024\/11\/WhatsApp-Image-2024-11-07-at-12.52.20-1.jpeg 1600w\" sizes=\"auto, (max-width: 1024px) 100vw, 1024px\" \/><\/figure>\n\n\n\n<p><\/p>\n","protected":false},"excerpt":{"rendered":"<p>Lanzamiento \u201cIta Turismo Bike\u201d El Vicegobernador Pedro Braillard Poccard encabez\u00f3 junto al intendente de It\u00e1 Ibat\u00e9, Secundino Portela, el lanzamiento de la cuarta edici\u00f3n del Cicloturismo \u201cIta Turismo Bike\u201d que&hellip; <\/p>\n","protected":false},"author":8,"featured_media":171255,"comment_status":"closed","ping_status":"open","sticky":false,"template":"","format":"standard","meta":{"footnotes":""},"categories":[1208],"tags":[],"class_list":["post-171254","post","type-post","status-publish","format-standard","has-post-thumbnail","hentry","category-eventossociedad"],"_links":{"self":[{"href":"https:\/\/corrientesdetarde.com\/index.php\/wp-json\/wp\/v2\/posts\/171254","targetHints":{"allow":["GET"]}}],"collection":[{"href":"https:\/\/corrientesdetarde.com\/index.php\/wp-json\/wp\/v2\/posts"}],"about":[{"href":"https:\/\/corrientesdetarde.com\/index.php\/wp-json\/wp\/v2\/types\/post"}],"author":[{"embeddable":true,"href":"https:\/\/corrientesdetarde.com\/index.php\/wp-json\/wp\/v2\/users\/8"}],"replies":[{"embeddable":true,"href":"https:\/\/corrientesdetarde.com\/index.php\/wp-json\/wp\/v2\/comments?post=171254"}],"version-history":[{"count":2,"href":"https:\/\/corrientesdetarde.com\/index.php\/wp-json\/wp\/v2\/posts\/171254\/revisions"}],"predecessor-version":[{"id":171280,"href":"https:\/\/corrientesdetarde.com\/index.php\/wp-json\/wp\/v2\/posts\/171254\/revisions\/171280"}],"wp:featuredmedia":[{"embeddable":true,"href":"https:\/\/corrientesdetarde.com\/index.php\/wp-json\/wp\/v2\/media\/171255"}],"wp:attachment":[{"href":"https:\/\/corrientesdetarde.com\/index.php\/wp-json\/wp\/v2\/media?parent=171254"}],"wp:term":[{"taxonomy":"category","embeddable":true,"href":"https:\/\/corrientesdetarde.com\/index.php\/wp-json\/wp\/v2\/categories?post=171254"},{"taxonomy":"post_tag","embeddable":true,"href":"https:\/\/corrientesdetarde.com\/index.php\/wp-json\/wp\/v2\/tags?post=171254"}],"curies":[{"name":"wp","href":"https:\/\/api.w.org\/{rel}","templated":true}]}}