{"id":171259,"date":"2024-11-07T13:27:35","date_gmt":"2024-11-07T16:27:35","guid":{"rendered":"https:\/\/corrientesdetarde.com\/?p=171259"},"modified":"2024-11-07T13:27:39","modified_gmt":"2024-11-07T16:27:39","slug":"tras-el-temporal-cuadrillas-desobstruyeron-sumideros-y-no-se-registraron-mayores-complicaciones","status":"publish","type":"post","link":"https:\/\/corrientesdetarde.com\/index.php\/informacion-general\/tras-el-temporal-cuadrillas-desobstruyeron-sumideros-y-no-se-registraron-mayores-complicaciones\/","title":{"rendered":"Tras el temporal, cuadrillas desobstruyeron\u00a0sumideros y no se registraron mayores complicaciones"},"content":{"rendered":"\n<p><\/p>\n\n\n\n<figure class=\"wp-block-table\"><table class=\"has-fixed-layout\"><tbody><tr><td><em>La tormenta con lluvia afect\u00f3 m\u00e1s a la zona Sur de la ciudad, donde por la acci\u00f3n del viento, cay\u00f3 un \u00e1rbol y dos postes de servicios. Los trabajadores municipales trabajaron desde el amanecer para desobstruir sumideros tapados por basura y pl\u00e1sticos.<\/em><br>La Municipalidad de Corrientes informa que el temporal que azot\u00f3 la ciudad en las primeras horas de la ma\u00f1ana de este jueves 7 de noviembre no caus\u00f3 mayores complicaciones en los barrios, debido principalmente a las tareas de prevenci\u00f3n que se llevan adelante en el marco del Plan H\u00eddrico que viene ejecutando la gesti\u00f3n del intendente, Eduardo Tassano.<br><br>En tal sentido, el subsecretario de Gesti\u00f3n Integral de Riesgos del municipio, Jos\u00e9 Pedro Ru\u00edz, cont\u00f3 que \u201cla tormenta no caus\u00f3 mayores complicaciones, m\u00e1s all\u00e1 de la ca\u00edda de un \u00e1rbol y dos postes de servicios\u201d.<br><br>El funcionario puntualiz\u00f3 que \u201cla entrada de la tormenta fue a las 5,30 de la ma\u00f1ana, con dos chaparrones seguidos que totalizaron casi 30 mil\u00edmetros de agua ca\u00edda en algunas zonas y cerca de 45mm en otras, en menos de media hora, un fen\u00f3meno que se est\u00e1 dando en estos \u00faltimos d\u00edas\u201d.<br><br>\u201cDe acuerdo a registros propios, el viento m\u00e1s fuerte de la zona de la tormenta se dio en la zona Sur de la ciudad con r\u00e1fagas que alcanzaron los 42 km\/h y provocaron la ca\u00edda de un \u00e1rbol en las Mil Viviendas y dos postes de Telecom por avenida Paysand\u00fa y calle Leloir\u201d, a\u00f1adi\u00f3.<br><br>Ru\u00edz se\u00f1al\u00f3 que \u201cdesde las 6 de la ma\u00f1ana que estamos con las cuadrillas de la Subsecretar\u00eda en las calles para restablecer las condiciones normales. En algunas bocas de tormenta de sectores puntuales de la ciudad tuvimos que intervenir para desobstruir por la presencia de basura y bolsas pl\u00e1sticas que taponan el normal escurrimiento del agua\u201d.<br><br>Finalmente, Ru\u00edz record\u00f3 que \u201cno se debe sacar la basura en d\u00edas de lluvia o con pron\u00f3stico de tormentas para evitar la obstrucci\u00f3n de los sumideros\u201d, y agreg\u00f3 que m\u00e1s all\u00e1 de estos casos que se dieron puntualmente \u201cen toda la ciudad el agua escurri\u00f3 r\u00e1pidamente gracias a los trabajos de prevenci\u00f3n que la municipalidad realiza en el marco del Plan H\u00eddrico\u201d.<\/td><\/tr><\/tbody><\/table><\/figure>\n\n\n\n<figure class=\"wp-block-table\"><table class=\"has-fixed-layout\"><tbody><tr><td><\/td><\/tr><\/tbody><\/table><\/figure>\n\n\n\n<p><\/p>\n\n\n\n<figure class=\"wp-block-image size-large\"><img loading=\"lazy\" decoding=\"async\" width=\"576\" height=\"1024\" src=\"https:\/\/corrientesdetarde.com\/wp-content\/uploads\/2024\/11\/image-229-576x1024.png\" alt=\"\" class=\"wp-image-171261\" srcset=\"https:\/\/corrientesdetarde.com\/wp-content\/uploads\/2024\/11\/image-229-576x1024.png 576w, https:\/\/corrientesdetarde.com\/wp-content\/uploads\/2024\/11\/image-229-169x300.png 169w, https:\/\/corrientesdetarde.com\/wp-content\/uploads\/2024\/11\/image-229.png 720w\" sizes=\"auto, (max-width: 576px) 100vw, 576px\" \/><\/figure>\n\n\n\n<p><\/p>\n\n\n\n<figure class=\"wp-block-image size-large\"><img loading=\"lazy\" decoding=\"async\" width=\"576\" height=\"1024\" src=\"https:\/\/corrientesdetarde.com\/wp-content\/uploads\/2024\/11\/image-230-576x1024.png\" alt=\"\" class=\"wp-image-171262\" srcset=\"https:\/\/corrientesdetarde.com\/wp-content\/uploads\/2024\/11\/image-230-576x1024.png 576w, https:\/\/corrientesdetarde.com\/wp-content\/uploads\/2024\/11\/image-230-169x300.png 169w, https:\/\/corrientesdetarde.com\/wp-content\/uploads\/2024\/11\/image-230-768x1366.png 768w, https:\/\/corrientesdetarde.com\/wp-content\/uploads\/2024\/11\/image-230-864x1536.png 864w, https:\/\/corrientesdetarde.com\/wp-content\/uploads\/2024\/11\/image-230.png 899w\" sizes=\"auto, (max-width: 576px) 100vw, 576px\" \/><\/figure>\n\n\n\n<p><\/p>\n\n\n\n<figure class=\"wp-block-image size-large\"><img loading=\"lazy\" decoding=\"async\" width=\"768\" height=\"1024\" src=\"https:\/\/corrientesdetarde.com\/wp-content\/uploads\/2024\/11\/image-231-768x1024.png\" alt=\"\" class=\"wp-image-171263\" srcset=\"https:\/\/corrientesdetarde.com\/wp-content\/uploads\/2024\/11\/image-231-768x1024.png 768w, https:\/\/corrientesdetarde.com\/wp-content\/uploads\/2024\/11\/image-231-225x300.png 225w, https:\/\/corrientesdetarde.com\/wp-content\/uploads\/2024\/11\/image-231-1152x1536.png 1152w, https:\/\/corrientesdetarde.com\/wp-content\/uploads\/2024\/11\/image-231.png 1200w\" sizes=\"auto, (max-width: 768px) 100vw, 768px\" \/><\/figure>\n\n\n\n<p><\/p>\n\n\n\n<figure class=\"wp-block-image size-large\"><img loading=\"lazy\" decoding=\"async\" width=\"1024\" height=\"768\" src=\"https:\/\/corrientesdetarde.com\/wp-content\/uploads\/2024\/11\/image-232-1024x768.png\" alt=\"\" class=\"wp-image-171264\" srcset=\"https:\/\/corrientesdetarde.com\/wp-content\/uploads\/2024\/11\/image-232-1024x768.png 1024w, https:\/\/corrientesdetarde.com\/wp-content\/uploads\/2024\/11\/image-232-300x225.png 300w, https:\/\/corrientesdetarde.com\/wp-content\/uploads\/2024\/11\/image-232-768x576.png 768w, https:\/\/corrientesdetarde.com\/wp-content\/uploads\/2024\/11\/image-232.png 1280w\" sizes=\"auto, (max-width: 1024px) 100vw, 1024px\" \/><\/figure>\n\n\n\n<p><\/p>\n\n\n\n<figure class=\"wp-block-image size-large\"><img loading=\"lazy\" decoding=\"async\" width=\"1024\" height=\"576\" src=\"https:\/\/corrientesdetarde.com\/wp-content\/uploads\/2024\/11\/image-233-1024x576.png\" alt=\"\" class=\"wp-image-171265\" srcset=\"https:\/\/corrientesdetarde.com\/wp-content\/uploads\/2024\/11\/image-233-1024x576.png 1024w, https:\/\/corrientesdetarde.com\/wp-content\/uploads\/2024\/11\/image-233-300x169.png 300w, https:\/\/corrientesdetarde.com\/wp-content\/uploads\/2024\/11\/image-233-768x432.png 768w, https:\/\/corrientesdetarde.com\/wp-content\/uploads\/2024\/11\/image-233-1536x864.png 1536w, https:\/\/corrientesdetarde.com\/wp-content\/uploads\/2024\/11\/image-233.png 1600w\" sizes=\"auto, (max-width: 1024px) 100vw, 1024px\" \/><\/figure>\n\n\n\n<p><\/p>\n","protected":false},"excerpt":{"rendered":"<p>La tormenta con lluvia afect\u00f3 m\u00e1s a la zona Sur de la ciudad, donde por la acci\u00f3n del viento, cay\u00f3 un \u00e1rbol y dos postes de servicios. Los trabajadores municipales&hellip; <\/p>\n","protected":false},"author":8,"featured_media":171260,"comment_status":"closed","ping_status":"open","sticky":false,"template":"","format":"standard","meta":{"footnotes":""},"categories":[1],"tags":[],"class_list":["post-171259","post","type-post","status-publish","format-standard","has-post-thumbnail","hentry","category-informacion-general"],"_links":{"self":[{"href":"https:\/\/corrientesdetarde.com\/index.php\/wp-json\/wp\/v2\/posts\/171259","targetHints":{"allow":["GET"]}}],"collection":[{"href":"https:\/\/corrientesdetarde.com\/index.php\/wp-json\/wp\/v2\/posts"}],"about":[{"href":"https:\/\/corrientesdetarde.com\/index.php\/wp-json\/wp\/v2\/types\/post"}],"author":[{"embeddable":true,"href":"https:\/\/corrientesdetarde.com\/index.php\/wp-json\/wp\/v2\/users\/8"}],"replies":[{"embeddable":true,"href":"https:\/\/corrientesdetarde.com\/index.php\/wp-json\/wp\/v2\/comments?post=171259"}],"version-history":[{"count":1,"href":"https:\/\/corrientesdetarde.com\/index.php\/wp-json\/wp\/v2\/posts\/171259\/revisions"}],"predecessor-version":[{"id":171266,"href":"https:\/\/corrientesdetarde.com\/index.php\/wp-json\/wp\/v2\/posts\/171259\/revisions\/171266"}],"wp:featuredmedia":[{"embeddable":true,"href":"https:\/\/corrientesdetarde.com\/index.php\/wp-json\/wp\/v2\/media\/171260"}],"wp:attachment":[{"href":"https:\/\/corrientesdetarde.com\/index.php\/wp-json\/wp\/v2\/media?parent=171259"}],"wp:term":[{"taxonomy":"category","embeddable":true,"href":"https:\/\/corrientesdetarde.com\/index.php\/wp-json\/wp\/v2\/categories?post=171259"},{"taxonomy":"post_tag","embeddable":true,"href":"https:\/\/corrientesdetarde.com\/index.php\/wp-json\/wp\/v2\/tags?post=171259"}],"curies":[{"name":"wp","href":"https:\/\/api.w.org\/{rel}","templated":true}]}}