{"id":171340,"date":"2024-11-07T16:15:32","date_gmt":"2024-11-07T19:15:32","guid":{"rendered":"https:\/\/corrientesdetarde.com\/?p=171340"},"modified":"2024-11-07T16:15:37","modified_gmt":"2024-11-07T19:15:37","slug":"el-manager-de-colapinto-le-contesto-a-un-tuitero-y-lo-sorprendio-quien-te-dijo-que-no-tiene-ofertas","status":"publish","type":"post","link":"https:\/\/corrientesdetarde.com\/index.php\/deportes\/el-manager-de-colapinto-le-contesto-a-un-tuitero-y-lo-sorprendio-quien-te-dijo-que-no-tiene-ofertas\/","title":{"rendered":"El manager de Colapinto le contest\u00f3 a un tuitero y lo sorprendi\u00f3: \u201c\u00bfQui\u00e9n te dijo que no tiene ofertas?\u201d"},"content":{"rendered":"\n<p>El piloto argentino a\u00fan no tiene asegurado un asiento en la F\u00f3rmula 1 para el a\u00f1o pr\u00f3ximo, pero hay negociaciones en curso.<\/p>\n\n\n\n<p>El equipo que asesora a\u00a0<strong>Franco Colapinto<\/strong>trabaja a contrarreloj para\u00a0<strong>conseguirle una butaca en la F\u00f3rmula 1 el a\u00f1o pr\u00f3ximo.<\/strong>\u00a0M\u00e1s all\u00e1 de que todos los lugares ya estar\u00edan ocupados,\u00a0<strong>se especula con que Red Bull rescinda el contrato de Checo P\u00e9rez y contrate al piloto argentino.<\/strong><\/p>\n\n\n\n<p>En este marco,&nbsp;<strong>Jamie Campbell-Walker<\/strong>, uno de los hombres fuertes del equipo de Colapinto, le contest\u00f3 a un tuitero que no entend\u00eda c\u00f3mo el piloto argentino no ten\u00eda asegurado un lugar en la F\u00f3rmula 1 en 2025.<\/p>\n\n\n\n<p><strong>\u201cEs incre\u00edble que no tenga asiento un piloto como Colapinto que adelanta a un siete veces campe\u00f3n en pista mojada\u201d<\/strong>, escribi\u00f3 el usuario @TinoCLeclrc en la red social X, posteo que acompa\u00f1\u00f3 con un video del piloto argentino sobrepasando a Hamilton en el GP de Brasil.<\/p>\n\n\n\n<figure class=\"wp-block-image\"><img decoding=\"async\" src=\"https:\/\/tn.com.ar\/resizer\/v2\/el-manager-de-franco-colapinto-le-contesto-a-un-tuitero-sobre-el-futuro-del-piloto-argentino-red-social-x-GPRDARMS4RGKHPCDELLB7SU4EY.jfif?auth=49add95e5f8d5467f2756bb59792c47cf2b4c40b13b4ffeb65534a44497e705b&amp;width=767\" alt=\"El manager de Franco Colapinto le contest\u00f3 a un tuitero sobre el futuro del piloto argentino. (Red social X)\"\/><\/figure>\n\n\n\n<p>Lo sorpresivo fue la respuesta del manager de Colapinto.&nbsp;<strong>\u201c\u00bfQui\u00e9n te inform\u00f3 que Franco no tiene ninguna oferta?\u201d<\/strong>, escribi\u00f3 el ingl\u00e9s.<\/p>\n\n\n\n<p>Jamie Campbell-Walker, es el esposo de Mar\u00eda Catarineu, qui\u00e9n tambi\u00e9n hace de representante del piloto de Williams. Fue justamente ella la que\u00a0<strong>horas atr\u00e1s se\u00f1al\u00f3 que la llegada de Franco a la F\u00f3rmula 1 estaba bastante avanzada.<\/strong><\/p>\n\n\n\n<figure class=\"wp-block-image\"><img decoding=\"async\" src=\"https:\/\/tn.com.ar\/resizer\/v2\/franco-colapinto-con-los-fanaticos-argentinos-en-el-gran-premio-de-brasil-foto-reuters-6K6FCA2T4BEJTGYGP6IGZXBWHQ.jpg?auth=7e9f414f9009732bab1910d8f24c8da0eb4a6a03dd81af9aa80e143001c167d0&amp;width=767\" alt=\"Franco Colapinto con los fan\u00e1ticos argentinos en el Gran Premio de Brasil. (Foto: Reuters)\"\/><\/figure>\n\n\n\n<p>As\u00ed lo revel\u00f3 en una entrevista con&nbsp;<em>Campeones<\/em>, medio especializado en automovilismo. Fue ante la siguiente pregunta de los periodistas: \u201cDe 1 a 10, \u00bfcu\u00e1ntas chances hay de que Franco el a\u00f1o que viene est\u00e9 corriendo (en la F\u00f3rmula 1)\u201d.&nbsp;<strong>La respuesta de la mujer fue firme: \u201c20\u2033<\/strong>.<\/p>\n\n\n\n<p>Mientras que en el piso quedaron sorprendidos por semejante afirmaci\u00f3n, repreguntaron si Mar\u00eda hab\u00eda entendido bien la consulta, a lo que ella respondi\u00f3 de manera contundente:<strong>&nbsp;\u201cLa entend\u00ed perfectamente\u201d<\/strong>.<\/p>\n\n\n\n<figure class=\"wp-block-image\"><img decoding=\"async\" src=\"https:\/\/tn.com.ar\/resizer\/v2\/https%3A%2F%2Fthumbs.vodgc.net%2F1-419-oeBAQg1730908147749-1730909008.jpg?auth=b910ae52b2900fb1ee5ebbbea841b254549209abec4d604f1ca2f680a1243401&amp;width=767\" alt=\"Video Placeholder\"\/><\/figure>\n\n\n\n<p><\/p>\n\n\n\n<p>Luego, ante una nueva repregunta sobre si hab\u00eda comprendido lo que se le consultaba, cerr\u00f3:&nbsp;<strong>\u201cCuando tanta gente est\u00e1 poniendo tanta intenci\u00f3n, ser\u00eda justo que ocurra eso\u201d.<\/strong><\/p>\n\n\n\n<p>Por supuesto, los fan\u00e1ticos enloquecieron con la revelaci\u00f3n de la mujer, que si bien no confirm\u00f3 ninguna negociaci\u00f3n con ninguna escuder\u00eda en particular,&nbsp;<strong>dio a entender que el joven piloto argentino continuar\u00e1 en la m\u00e1xima categor\u00eda del automovilismo en la pr\u00f3xima temporada.<\/strong><\/p>\n","protected":false},"excerpt":{"rendered":"<p>El piloto argentino a\u00fan no tiene asegurado un asiento en la F\u00f3rmula 1 para el a\u00f1o pr\u00f3ximo, pero hay negociaciones en curso. El equipo que asesora a\u00a0Franco Colapintotrabaja a contrarreloj&hellip; <\/p>\n","protected":false},"author":8,"featured_media":171341,"comment_status":"closed","ping_status":"open","sticky":false,"template":"","format":"standard","meta":{"footnotes":""},"categories":[4],"tags":[],"class_list":["post-171340","post","type-post","status-publish","format-standard","has-post-thumbnail","hentry","category-deportes"],"_links":{"self":[{"href":"https:\/\/corrientesdetarde.com\/index.php\/wp-json\/wp\/v2\/posts\/171340","targetHints":{"allow":["GET"]}}],"collection":[{"href":"https:\/\/corrientesdetarde.com\/index.php\/wp-json\/wp\/v2\/posts"}],"about":[{"href":"https:\/\/corrientesdetarde.com\/index.php\/wp-json\/wp\/v2\/types\/post"}],"author":[{"embeddable":true,"href":"https:\/\/corrientesdetarde.com\/index.php\/wp-json\/wp\/v2\/users\/8"}],"replies":[{"embeddable":true,"href":"https:\/\/corrientesdetarde.com\/index.php\/wp-json\/wp\/v2\/comments?post=171340"}],"version-history":[{"count":1,"href":"https:\/\/corrientesdetarde.com\/index.php\/wp-json\/wp\/v2\/posts\/171340\/revisions"}],"predecessor-version":[{"id":171342,"href":"https:\/\/corrientesdetarde.com\/index.php\/wp-json\/wp\/v2\/posts\/171340\/revisions\/171342"}],"wp:featuredmedia":[{"embeddable":true,"href":"https:\/\/corrientesdetarde.com\/index.php\/wp-json\/wp\/v2\/media\/171341"}],"wp:attachment":[{"href":"https:\/\/corrientesdetarde.com\/index.php\/wp-json\/wp\/v2\/media?parent=171340"}],"wp:term":[{"taxonomy":"category","embeddable":true,"href":"https:\/\/corrientesdetarde.com\/index.php\/wp-json\/wp\/v2\/categories?post=171340"},{"taxonomy":"post_tag","embeddable":true,"href":"https:\/\/corrientesdetarde.com\/index.php\/wp-json\/wp\/v2\/tags?post=171340"}],"curies":[{"name":"wp","href":"https:\/\/api.w.org\/{rel}","templated":true}]}}