{"id":171343,"date":"2024-11-07T16:19:55","date_gmt":"2024-11-07T19:19:55","guid":{"rendered":"https:\/\/corrientesdetarde.com\/?p=171343"},"modified":"2024-11-07T16:20:16","modified_gmt":"2024-11-07T19:20:16","slug":"el-que-faltaba-un-diario-frances-incluyo-a-milei-en-una-caricatura-junto-a-trump-y-otros-lideres-mundiales","status":"publish","type":"post","link":"https:\/\/corrientesdetarde.com\/index.php\/internacionales\/el-que-faltaba-un-diario-frances-incluyo-a-milei-en-una-caricatura-junto-a-trump-y-otros-lideres-mundiales\/","title":{"rendered":"\u201cEl que faltaba\u201d: un diario franc\u00e9s incluy\u00f3 a Milei en una caricatura junto a Trump y otros l\u00edderes mundiales"},"content":{"rendered":"\n<p>La obra de la dibujante Coco muestra al presidente electo de Estados Unidos junto al mandatario argentino (motosierra en mano) y otras figuras de la pol\u00edtica internacional.<\/p>\n\n\n\n<p>\u201c<strong>\u00c9l que faltaba<\/strong>\u201d, dice una caricatura del diario franc\u00e9s de izquierda\u00a0<em>Lib\u00e9ration\u00a0<\/em>sobre la\u00a0<strong>victoria de Donald Trump<\/strong>\u00a0sobre Kamala Harris en las elecciones estadounidenses. La imagen muestra al magnate republicano con su corbata roja saludando a dictadores y l\u00edderes pol\u00e9micos como el Ayatollah Jamenei, un combatiente de Hamas, el primer ministro israel\u00ed Benjamin Netanyahu, el l\u00edder norcoreano Kim Jong-un abrazado con Vladimir Putin, el\u00a0eterno presidente chino\u00a0Xi Jinping y&#8230;<strong>\u00a0Javier Milei con su motosierra.<\/strong><\/p>\n\n\n\n<p>El dibujo es obra de\u00a0<strong>Corinne Rey<\/strong>, alias\u00a0<em>Coco<\/em>, una de las pocas personas que sobrevivieron a la\u00a0masacre de la revista sat\u00edrica Charlie Hebdo\u00a0llevada a cabo por terroristas yihadistas en 2015, en la que murieron 12 personas.<\/p>\n\n\n\n<p>Para el diario&nbsp;<em>Lib\u00e9ration<\/em>, el segundo mandato de Trump se anuncia \u201cpeor que el primero\u201d, tanto para Estados Unidos como para el resto del mundo. \u201cDelirante, mentiroso, xen\u00f3fobo, autoritario: el presidente electo de Estados Unidos de mayor edad sigue siendo el mismo que en 2016 o 2020. Pero peor: domina al Partido Republicano y debilit\u00f3 los contrapoderes institucionales\u201d, afirmaron en una nota.<\/p>\n\n\n\n<figure class=\"wp-block-image\"><img decoding=\"async\" src=\"https:\/\/tn.com.ar\/resizer\/v2\/el-dibujo-de-la-francesa-coco-que-muestra-a-trump-junto-a-milei-y-otros-polemicos-lideres-mundiales-foto-instagramliberatonfr-DSHFYJLAKJAI5KJHQM7ZY4LIJQ.jpg?auth=311cd2ca0492a09c9654224f9f852777b07708520d7b92406f0828054f6f456b&amp;width=767\" alt=\"El dibujo de la francesa Coco que muestra a Trump junto a Milei y otros pol\u00e9micos l\u00edderes mundiales. (Foto: Instagram\/@liberatonfr).\"\/><\/figure>\n\n\n\n<h2 class=\"wp-block-heading\">El saludo de Milei a Trump<\/h2>\n\n\n\n<p>El presidente Javier Milei fue uno de los primeros en\u00a0mandar felicitaciones a Donald Trump, primero con un tuit en ingl\u00e9s y luego con un video. \u201cPod\u00e9s\u00a0<strong>contar con la Argentina<\/strong>\u00a0para cumplir tu tarea\u201d, le dijo primero. \u201cSabemos que podemos contar con usted\u201d, le insisti\u00f3 poco despu\u00e9s en un TikTok que un\u00eda el\u00a0<em>Make America Great Again<\/em>\u00a0de Trump con su tradicional \u201d\u00a1Viva la libertad carajo!\u201d.<\/p>\n\n\n\n<figure class=\"wp-block-image\"><img decoding=\"async\" src=\"https:\/\/tn.com.ar\/resizer\/v2\/https%3A%2F%2Fthumbs.vodgc.net%2F3229F5F1FB690BF8E261B88818164813926_1080P.jpg?auth=59a62d7360f7f62c9993cad569b822862dbe30d64cd1ad62be2cb93cc79320ba&amp;width=767\" alt=\"Video Placeholder\"\/><\/figure>\n\n\n\n<p><\/p>\n\n\n\n<p>Milei busca mostrarse como aliado estrat\u00e9gico del l\u00edder republicano para impulsar acuerdos de libre comercio. El Presidenteser\u00e1 el anfitri\u00f3n de la Conferencia Pol\u00edtica de Acci\u00f3n Conservadora (CPAC), que se realizar\u00e1 el 4 de diciembre en Puerto Madero. Adem\u00e1s, el jefe de Estado&nbsp;<strong>planea viajar el 20 de enero a Washington para participar de la asunci\u00f3n presidencial<\/strong>&nbsp;del mandatario electo en el Capitolio.<\/p>\n\n\n\n<p>De hecho, el Ejecutivo\u00a0<strong>demora la designaci\u00f3n del nuevo embajador\u00a0<\/strong>en los Estados Unidos porque buscan un\u00a0<strong>perfil \u201cfuerte, que garantice el correcto acceso a la Casa Blanca<\/strong>\u201d, seg\u00fan\u00a0indicaron\u00a0fuentes de Casa Rosada<\/p>\n\n\n\n<figure class=\"wp-block-image\"><img decoding=\"async\" src=\"https:\/\/tn.com.ar\/resizer\/v2\/la-afinidad-ideologica-entre-donald-trump-y-javier-milei-podria-ayudar-en-la-negociacion-con-el-fmi-foto-presidencia-argentina-HVGF4BWWONFR7CDP776G5GMVFM.jpg?auth=c15a6415acb7c0ebabfab2049e1621efc3ba23e83985c0baa430ab3703a7a49f&amp;width=767\" alt=\"La afinidad ideol\u00f3gica entre Donald Trump y Javier Milei podr\u00eda ayudar en la negociaci\u00f3n con el FMI. (Foto: Presidencia Argentina).\"\/><\/figure>\n\n\n\n<p>La Casa Rosadaespecula tambi\u00e9n con&nbsp;<strong>profundizar la coordinaci\u00f3n militar con los Estados Unidos&nbsp;<\/strong>junto con el v\u00ednculo con la Agencia Central de Inteligencia (CIA). Milei confirm\u00f3 que&nbsp;<strong>intervendr\u00e1 el Ministerio de Relaciones Exteriores para que los diplom\u00e1ticos voten siempre en l\u00ednea con los Estados Unidos e Israel<\/strong>.<\/p>\n\n\n\n<p><strong>Adem\u00e1s, quiere armar un \u201cfrente de resistencia\u201d contra la agenda 2030<\/strong>&nbsp;y las pol\u00edticas econ\u00f3micas, sociales y ambientales de la Organizaci\u00f3n de las Naciones Unidas (ONU). Reconoce como aliados estrat\u00e9gicos a los mandatarios Donald Trump (Estados Unidos), Giorgia Meloni (Italia), Viktor Orb\u00e1n (Hungr\u00eda) y Nayib Bukele (El Salvador).<\/p>\n\n\n\n<p>En el Gobierno, esperan que la victoria de Trump se traduzca en un\u00a0apoyo de EE.UU. para cerrar un acuerdo con el FMI. El pa\u00eds norteamericano es el principal accionista de ese organismo,\u00a0con el 16,71% de los votos\u00a0y no es un dato menor que durante la primera presidencia de Trump la entidad multilateral concedi\u00f3 un pr\u00e9stamo de US$45.000 millones al\u00a0gobierno de\u00a0<strong>Mauricio Macri<\/strong>.<\/p>\n","protected":false},"excerpt":{"rendered":"<p>La obra de la dibujante Coco muestra al presidente electo de Estados Unidos junto al mandatario argentino (motosierra en mano) y otras figuras de la pol\u00edtica internacional. \u201c\u00c9l que faltaba\u201d,&hellip; <\/p>\n","protected":false},"author":8,"featured_media":171344,"comment_status":"closed","ping_status":"open","sticky":false,"template":"","format":"standard","meta":{"footnotes":""},"categories":[11],"tags":[],"class_list":["post-171343","post","type-post","status-publish","format-standard","has-post-thumbnail","hentry","category-internacionales"],"_links":{"self":[{"href":"https:\/\/corrientesdetarde.com\/index.php\/wp-json\/wp\/v2\/posts\/171343","targetHints":{"allow":["GET"]}}],"collection":[{"href":"https:\/\/corrientesdetarde.com\/index.php\/wp-json\/wp\/v2\/posts"}],"about":[{"href":"https:\/\/corrientesdetarde.com\/index.php\/wp-json\/wp\/v2\/types\/post"}],"author":[{"embeddable":true,"href":"https:\/\/corrientesdetarde.com\/index.php\/wp-json\/wp\/v2\/users\/8"}],"replies":[{"embeddable":true,"href":"https:\/\/corrientesdetarde.com\/index.php\/wp-json\/wp\/v2\/comments?post=171343"}],"version-history":[{"count":1,"href":"https:\/\/corrientesdetarde.com\/index.php\/wp-json\/wp\/v2\/posts\/171343\/revisions"}],"predecessor-version":[{"id":171345,"href":"https:\/\/corrientesdetarde.com\/index.php\/wp-json\/wp\/v2\/posts\/171343\/revisions\/171345"}],"wp:featuredmedia":[{"embeddable":true,"href":"https:\/\/corrientesdetarde.com\/index.php\/wp-json\/wp\/v2\/media\/171344"}],"wp:attachment":[{"href":"https:\/\/corrientesdetarde.com\/index.php\/wp-json\/wp\/v2\/media?parent=171343"}],"wp:term":[{"taxonomy":"category","embeddable":true,"href":"https:\/\/corrientesdetarde.com\/index.php\/wp-json\/wp\/v2\/categories?post=171343"},{"taxonomy":"post_tag","embeddable":true,"href":"https:\/\/corrientesdetarde.com\/index.php\/wp-json\/wp\/v2\/tags?post=171343"}],"curies":[{"name":"wp","href":"https:\/\/api.w.org\/{rel}","templated":true}]}}