{"id":171346,"date":"2024-11-07T16:22:52","date_gmt":"2024-11-07T19:22:52","guid":{"rendered":"https:\/\/corrientesdetarde.com\/?p=171346"},"modified":"2024-11-07T16:23:03","modified_gmt":"2024-11-07T19:23:03","slug":"javier-milei-viajara-a-ee-uu-la-proxima-semana-para-reunirse-con-donald-trump","status":"publish","type":"post","link":"https:\/\/corrientesdetarde.com\/index.php\/politica\/javier-milei-viajara-a-ee-uu-la-proxima-semana-para-reunirse-con-donald-trump\/","title":{"rendered":"Javier Milei viajar\u00e1 a EE.UU. la pr\u00f3xima semana para reunirse con Donald Trump"},"content":{"rendered":"\n<p>El mandatario argentino visitar\u00e1 al republicano el 14 y 15 de noviembre para felicitarlo por el triunfo. Ser\u00e1 durante la Conferencia de Acci\u00f3n Pol\u00edtica Conservadora, en donde ya se hab\u00edan visto hace algunos meses.<\/p>\n\n\n\n<p>La pr\u00f3xima semana\u00a0<strong>Javier Milei viajar\u00e1 a Estados Unidos<\/strong>\u00a0para reunirse con el flamante presidente electo,\u00a0<strong>Donald Trump.<\/strong>\u00a0Ser\u00e1 el 14 y 15 de noviembre durante la Conferencia de Acci\u00f3n Pol\u00edtica Conservadora, en donde ya se hab\u00edan visto hace algunos meses.<\/p>\n\n\n\n<p>\u201cFelicidades por su formidable victoria electoral. Ahora, vuelva a hacer grande a los Estados Unidos.<strong>\u00a0Usted sabe que puede contar con la Argentina\u00a0<\/strong>para llevar a cabo su tarea. \u00c9xitos y bendiciones. Saludos cordiales, Javier Milei\u201d, escribi\u00f3 en ingl\u00e9s el jefe de Estado minutos despu\u00e9s de confirmada la victoria de Trump. Ahora, se confirm\u00f3 que viajar\u00e1 a felicitarlo en persona.<\/p>\n\n\n\n<p>Seg\u00fan pudo saber ,\u00a0<strong>Milei quiere viajar el 20 de enero a la ceremonia de inauguraci\u00f3n presidencial<\/strong>\u00a0en el Capitolio, pero todav\u00eda no est\u00e1 definido. No hay un operativo de seguridad en marcha. \u201c<strong>Faltan instancias previas para que se d\u00e9 el viaje<\/strong>. No est\u00e1 cerrado\u201d, expres\u00f3 a este medio un funcionario.<\/p>\n\n\n\n<p>Como el propio presidente argentino lo dijo,\u00a0<strong>Trump es una de las figuras pol\u00edticas a las que m\u00e1s respeta<\/strong>\u00a0y con quien planea tener un\u00a0<strong>v\u00ednculo mucho m\u00e1s cercano<\/strong>\u00a0en su gesti\u00f3n cuando el republicano asuma el poder en la Casa Blanca el pr\u00f3ximo 20 de enero, a diferencia de la relaci\u00f3n que tuvo con el presidente\u00a0<strong>Joe Biden.<\/strong><\/p>\n\n\n\n<p>Hay una serie de cuestiones que marcar\u00e1n esta&nbsp;<strong>cercan\u00eda pol\u00edtica e ideol\u00f3gica<\/strong>&nbsp;entre Milei y Trump: una&nbsp;<strong>posici\u00f3n conservadora<\/strong>&nbsp;en ciertos aspectos ideol\u00f3gicos, as\u00ed como una postura&nbsp;<strong>en contra de algunos organismos multilaterales<\/strong>&nbsp;y de las restricciones que gran parte de los pa\u00edses del mundo acordaron en la&nbsp;<strong>lucha contra el cambio clim\u00e1tico<\/strong>, como el&nbsp;<strong>Acuerdo de Par\u00eds<\/strong>.<\/p>\n\n\n\n<p><\/p>\n\n\n\n<p><\/p>\n\n\n\n<p><\/p>\n","protected":false},"excerpt":{"rendered":"<p>El mandatario argentino visitar\u00e1 al republicano el 14 y 15 de noviembre para felicitarlo por el triunfo. Ser\u00e1 durante la Conferencia de Acci\u00f3n Pol\u00edtica Conservadora, en donde ya se hab\u00edan&hellip; <\/p>\n","protected":false},"author":8,"featured_media":171347,"comment_status":"closed","ping_status":"open","sticky":false,"template":"","format":"standard","meta":{"footnotes":""},"categories":[3],"tags":[],"class_list":["post-171346","post","type-post","status-publish","format-standard","has-post-thumbnail","hentry","category-politica"],"_links":{"self":[{"href":"https:\/\/corrientesdetarde.com\/index.php\/wp-json\/wp\/v2\/posts\/171346","targetHints":{"allow":["GET"]}}],"collection":[{"href":"https:\/\/corrientesdetarde.com\/index.php\/wp-json\/wp\/v2\/posts"}],"about":[{"href":"https:\/\/corrientesdetarde.com\/index.php\/wp-json\/wp\/v2\/types\/post"}],"author":[{"embeddable":true,"href":"https:\/\/corrientesdetarde.com\/index.php\/wp-json\/wp\/v2\/users\/8"}],"replies":[{"embeddable":true,"href":"https:\/\/corrientesdetarde.com\/index.php\/wp-json\/wp\/v2\/comments?post=171346"}],"version-history":[{"count":1,"href":"https:\/\/corrientesdetarde.com\/index.php\/wp-json\/wp\/v2\/posts\/171346\/revisions"}],"predecessor-version":[{"id":171349,"href":"https:\/\/corrientesdetarde.com\/index.php\/wp-json\/wp\/v2\/posts\/171346\/revisions\/171349"}],"wp:featuredmedia":[{"embeddable":true,"href":"https:\/\/corrientesdetarde.com\/index.php\/wp-json\/wp\/v2\/media\/171347"}],"wp:attachment":[{"href":"https:\/\/corrientesdetarde.com\/index.php\/wp-json\/wp\/v2\/media?parent=171346"}],"wp:term":[{"taxonomy":"category","embeddable":true,"href":"https:\/\/corrientesdetarde.com\/index.php\/wp-json\/wp\/v2\/categories?post=171346"},{"taxonomy":"post_tag","embeddable":true,"href":"https:\/\/corrientesdetarde.com\/index.php\/wp-json\/wp\/v2\/tags?post=171346"}],"curies":[{"name":"wp","href":"https:\/\/api.w.org\/{rel}","templated":true}]}}