{"id":17135,"date":"2022-11-05T08:35:31","date_gmt":"2022-11-05T11:35:31","guid":{"rendered":"https:\/\/corrientesdetarde.com\/?p=17135"},"modified":"2022-11-05T08:35:34","modified_gmt":"2022-11-05T11:35:34","slug":"valdes-sobre-el-bono-de-fin-de-ano-vamos-a-hacerlo-en-el-numero-mas-alto-posible","status":"publish","type":"post","link":"https:\/\/corrientesdetarde.com\/index.php\/locales\/valdes-sobre-el-bono-de-fin-de-ano-vamos-a-hacerlo-en-el-numero-mas-alto-posible\/","title":{"rendered":"Vald\u00e9s sobre el bono de fin de a\u00f1o: &#8220;Vamos a hacerlo en el n\u00famero m\u00e1s alto posible&#8221;"},"content":{"rendered":"\n<p>Luego de que se dio a conocer la confirmaci\u00f3n de que el mes que viene habr\u00e1 un nuevo bono navide\u00f1o -posiblemente ronde los $30 mil &#8211; el Gobernador, en contacto con la prensa desde Mburucuy\u00e1, indic\u00f3 ratificando la noticia: &#8220;No decimos n\u00fameros, pero la decisi\u00f3n est\u00e1 tomada&#8221;.<\/p>\n\n\n\n<p>Luego haciendo referencia a lo que ser\u00e1 el \u00faltimo incremento salarial del a\u00f1o sostuvo: &#8220;Trataremos de dar un aumento de sueldo ahora en noviembre y por supuesto vamos a estar pensando tambi\u00e9n en sostener ese nivel de ingreso para lo que es diciembre&#8221;.<\/p>\n\n\n\n<p>&#8220;Tenemos que hacer un esfuerzo importante porque la inflaci\u00f3n realmente golpea muy fuerte el bolsillo de los ciudadanos&#8221;, expres\u00f3 el Gustavo Vald\u00e9s.<\/p>\n\n\n\n<p>&#8220;Debemos tener paciencia porque contra la inflaci\u00f3n nadie gana, sino que perdemos todos&#8221;, remarc\u00f3 ante las repercusiones de la noticia.<\/p>\n\n\n\n<p>&#8220;Tenemos la decisi\u00f3n tomada de otorgar el plus, vamos a hacerlo en el n\u00famero m\u00e1s alto posible&#8221;, adelant\u00f3 el Mandatario.<\/p>\n\n\n\n<p>Luego fue consultado sobre si la semana que viene podr\u00eda ser el anuncio del bono a lo que Vald\u00e9s respondi\u00f3: &#8220;S\u00ed, estamos ya con los \u00faltimos n\u00fameros. Estamos proyectando los n\u00fameros para el aumento de salarios para activos y pasivos&#8221;.<\/p>\n\n\n\n<h2 class=\"wp-block-heading\">Reclamo a Naci\u00f3n<\/h2>\n\n\n\n<p>Por otra parte, mencion\u00f3: &#8220;Es lo que venimos exigiendo al Gobierno nacional, que tome medidas de correcciones y que haga un cambio de rumbo en la pol\u00edtica econ\u00f3mica porque si no el golpe es muy fuerte&#8221;.<\/p>\n\n\n\n<p>A su vez, Vald\u00e9s recalc\u00f3: &#8220;Necesitamos que tenga un plan de contenci\u00f3n de la inflaci\u00f3n porque parece que el Gobierno no tienen ning\u00fan plan y simplemente se habla de reserva, pero cada vez que pasa el tiempo los n\u00fameros de la inflaci\u00f3n suben y a la gente le alcanza cada vez menos&#8221;.<\/p>\n","protected":false},"excerpt":{"rendered":"<p>Luego de que se dio a conocer la confirmaci\u00f3n de que el mes que viene habr\u00e1 un nuevo bono navide\u00f1o -posiblemente ronde los $30 mil &#8211; el Gobernador, en contacto&hellip; <\/p>\n","protected":false},"author":3,"featured_media":17136,"comment_status":"closed","ping_status":"open","sticky":false,"template":"","format":"standard","meta":{"footnotes":""},"categories":[8],"tags":[],"class_list":["post-17135","post","type-post","status-publish","format-standard","has-post-thumbnail","hentry","category-locales"],"_links":{"self":[{"href":"https:\/\/corrientesdetarde.com\/index.php\/wp-json\/wp\/v2\/posts\/17135","targetHints":{"allow":["GET"]}}],"collection":[{"href":"https:\/\/corrientesdetarde.com\/index.php\/wp-json\/wp\/v2\/posts"}],"about":[{"href":"https:\/\/corrientesdetarde.com\/index.php\/wp-json\/wp\/v2\/types\/post"}],"author":[{"embeddable":true,"href":"https:\/\/corrientesdetarde.com\/index.php\/wp-json\/wp\/v2\/users\/3"}],"replies":[{"embeddable":true,"href":"https:\/\/corrientesdetarde.com\/index.php\/wp-json\/wp\/v2\/comments?post=17135"}],"version-history":[{"count":1,"href":"https:\/\/corrientesdetarde.com\/index.php\/wp-json\/wp\/v2\/posts\/17135\/revisions"}],"predecessor-version":[{"id":17137,"href":"https:\/\/corrientesdetarde.com\/index.php\/wp-json\/wp\/v2\/posts\/17135\/revisions\/17137"}],"wp:featuredmedia":[{"embeddable":true,"href":"https:\/\/corrientesdetarde.com\/index.php\/wp-json\/wp\/v2\/media\/17136"}],"wp:attachment":[{"href":"https:\/\/corrientesdetarde.com\/index.php\/wp-json\/wp\/v2\/media?parent=17135"}],"wp:term":[{"taxonomy":"category","embeddable":true,"href":"https:\/\/corrientesdetarde.com\/index.php\/wp-json\/wp\/v2\/categories?post=17135"},{"taxonomy":"post_tag","embeddable":true,"href":"https:\/\/corrientesdetarde.com\/index.php\/wp-json\/wp\/v2\/tags?post=17135"}],"curies":[{"name":"wp","href":"https:\/\/api.w.org\/{rel}","templated":true}]}}