{"id":171356,"date":"2024-11-07T20:26:53","date_gmt":"2024-11-07T23:26:53","guid":{"rendered":"https:\/\/corrientesdetarde.com\/?p=171356"},"modified":"2024-11-07T20:27:05","modified_gmt":"2024-11-07T23:27:05","slug":"media-sancion-para-el-proyecto-sobre-el-recupero-de-gastos-del-servicio-de-salud","status":"publish","type":"post","link":"https:\/\/corrientesdetarde.com\/index.php\/actualidad\/media-sancion-para-el-proyecto-sobre-el-recupero-de-gastos-del-servicio-de-salud\/","title":{"rendered":"Media sanci\u00f3n para el proyecto sobre el recupero de gastos del servicio de salud"},"content":{"rendered":"\n<p>La C\u00e1mara de Senadores, presidida por el vicegobernador Pedro Braillard Poccard, llev\u00f3 a cabo este jueves su 16\u00aa sesi\u00f3n ordinaria, en la misma tuvo media sanci\u00f3n el proyecto de ley por el que se establece el arancelamiento hospitalario bajo el t\u00edtulo de \u201cLey de Recupero de Gastos del Servicio de Salud\u201d.<br>Dicho proyecto hab\u00eda perdido estado parlamentario, en su momento llev\u00f3 el nombre de arancelamiento hospitalario, fue nuevamente presentado por el Senador Di\u00f3genes Gonz\u00e1lez apoyado por otros senadores, establece que lo que se recaude por el recupero de gastos podr\u00e1 estar orientado a realizar mejoras edilicias para el ejercicio vigente de las pr\u00e1cticas hospitalarias, para las contrataciones de servicios entre las cuales se encuentran las locaciones de obra y de servicios, la adquisici\u00f3n de bienes de consumo o de capital, todos en funci\u00f3n al \u00e1rea de la salud.<br>Tambi\u00e9n tuvo media sanci\u00f3n el proyecto de ley por el que se adhiere la provincia a la ley nacional N\u00ba 27575 por la cual se crea el d\u00eda de la persona donante de \u00f3rganos.<br>En tanto que se convirtieron en ley el proyecto por el que se rinde homenaje a Genaro Ber\u00f3n de Astrada, ex gobernador de Corrientes y la implementaci\u00f3n del concurso de cargos jer\u00e1rquicos en el nivel secundario.<br>Adem\u00e1s, se aprob\u00f3 sobretablas el proyecto de Resoluci\u00f3n por el que se solicita al Congreso de la Naci\u00f3n se deroguen de la Ley 24.065 todos los art\u00edculos que impliquen desigualdades y discriminaciones a las Provincias con relaci\u00f3n al AMBA, garantizando que llegue la misma tarifa el\u00e9ctrica a todo el pa\u00eds.<br>Sumado a esto, se realiz\u00f3 la audiencia p\u00fablica por la cual el Poder Ejecutivo Provincial solicita acuerdo para la designaci\u00f3n en el cargo de Juez del Tribunal de Juicio N\u00ba 1 de la Primera Circunscripci\u00f3n Judicial con asiento en la ciudad de Corrientes, para el Dr. Dar\u00edo Alejandro Ortiz.<br>Para finalizar se acord\u00f3 llevar a cabo una audiencia p\u00fablica para tratar la designaci\u00f3n en el cargo de Defensor de Pobres y Ausentes de la Quinta Circunscripci\u00f3n Judicial con asiento en la ciudad de Santo Tom\u00e9 (Corrientes), para el Dr. Nelson Marcelo Petenatti, el jueves 21 en horario de sesi\u00f3n.<br>Declaraciones de Inter\u00e9s<br>Se aprobaron las siguientes declaraciones de Inter\u00e9s Legislativo, encuentro del Sindicato de la Telecomunicaci\u00f3n y Nueva Tecnolog\u00eda y la visita del Se\u00f1or Claudio Mar\u00edn a dicho encuentro; tambi\u00e9n la 1era. jornada provincial sobre violencias contra ni\u00f1os, ni\u00f1as y adolescentes en el marco de la implementaci\u00f3n de la Ley Lucio, adem\u00e1s la VIII Fiesta Provincial del B\u00fafalo 2024, organizada por la Asociaci\u00f3n Argentina de Criadores de B\u00fafalos, a realizarse en Ca\u00e1 Cat\u00ed; el evento educativo Tecnicar 2024 \u201cDesaf\u00edo Corrientes\u201d; la Jornada sobre la Protecci\u00f3n Jur\u00eddica de las Personas con Discapacidad y el Derecho Administrativo, a realizarse el d\u00eda 19 de noviembre y el \u201cProyecto de participaci\u00f3n y de integraci\u00f3n comunal a trav\u00e9s del arte e industrias artesanales\u201d del Instituto de Cultura de Corrientes.<\/p>\n\n\n\n<p><\/p>\n\n\n\n<figure class=\"wp-block-image size-large\"><img loading=\"lazy\" decoding=\"async\" width=\"1024\" height=\"678\" src=\"https:\/\/corrientesdetarde.com\/wp-content\/uploads\/2024\/11\/image-275-1024x678.png\" alt=\"\" class=\"wp-image-171363\" srcset=\"https:\/\/corrientesdetarde.com\/wp-content\/uploads\/2024\/11\/image-275-1024x678.png 1024w, https:\/\/corrientesdetarde.com\/wp-content\/uploads\/2024\/11\/image-275-300x199.png 300w, https:\/\/corrientesdetarde.com\/wp-content\/uploads\/2024\/11\/image-275-768x508.png 768w, https:\/\/corrientesdetarde.com\/wp-content\/uploads\/2024\/11\/image-275.png 1124w\" sizes=\"auto, (max-width: 1024px) 100vw, 1024px\" \/><\/figure>\n\n\n\n<p><\/p>\n\n\n\n<p><\/p>\n\n\n\n<figure class=\"wp-block-image size-large\"><img loading=\"lazy\" decoding=\"async\" width=\"1024\" height=\"680\" src=\"https:\/\/corrientesdetarde.com\/wp-content\/uploads\/2024\/11\/image-276-1024x680.png\" alt=\"\" class=\"wp-image-171364\" srcset=\"https:\/\/corrientesdetarde.com\/wp-content\/uploads\/2024\/11\/image-276-1024x680.png 1024w, https:\/\/corrientesdetarde.com\/wp-content\/uploads\/2024\/11\/image-276-300x199.png 300w, https:\/\/corrientesdetarde.com\/wp-content\/uploads\/2024\/11\/image-276-768x510.png 768w, https:\/\/corrientesdetarde.com\/wp-content\/uploads\/2024\/11\/image-276.png 1119w\" sizes=\"auto, (max-width: 1024px) 100vw, 1024px\" \/><\/figure>\n\n\n\n<p><\/p>\n\n\n\n<p><\/p>\n","protected":false},"excerpt":{"rendered":"<p>La C\u00e1mara de Senadores, presidida por el vicegobernador Pedro Braillard Poccard, llev\u00f3 a cabo este jueves su 16\u00aa sesi\u00f3n ordinaria, en la misma tuvo media sanci\u00f3n el proyecto de ley&hellip; <\/p>\n","protected":false},"author":4,"featured_media":171365,"comment_status":"closed","ping_status":"open","sticky":false,"template":"","format":"standard","meta":{"footnotes":""},"categories":[23],"tags":[],"class_list":["post-171356","post","type-post","status-publish","format-standard","has-post-thumbnail","hentry","category-actualidad"],"_links":{"self":[{"href":"https:\/\/corrientesdetarde.com\/index.php\/wp-json\/wp\/v2\/posts\/171356","targetHints":{"allow":["GET"]}}],"collection":[{"href":"https:\/\/corrientesdetarde.com\/index.php\/wp-json\/wp\/v2\/posts"}],"about":[{"href":"https:\/\/corrientesdetarde.com\/index.php\/wp-json\/wp\/v2\/types\/post"}],"author":[{"embeddable":true,"href":"https:\/\/corrientesdetarde.com\/index.php\/wp-json\/wp\/v2\/users\/4"}],"replies":[{"embeddable":true,"href":"https:\/\/corrientesdetarde.com\/index.php\/wp-json\/wp\/v2\/comments?post=171356"}],"version-history":[{"count":1,"href":"https:\/\/corrientesdetarde.com\/index.php\/wp-json\/wp\/v2\/posts\/171356\/revisions"}],"predecessor-version":[{"id":171366,"href":"https:\/\/corrientesdetarde.com\/index.php\/wp-json\/wp\/v2\/posts\/171356\/revisions\/171366"}],"wp:featuredmedia":[{"embeddable":true,"href":"https:\/\/corrientesdetarde.com\/index.php\/wp-json\/wp\/v2\/media\/171365"}],"wp:attachment":[{"href":"https:\/\/corrientesdetarde.com\/index.php\/wp-json\/wp\/v2\/media?parent=171356"}],"wp:term":[{"taxonomy":"category","embeddable":true,"href":"https:\/\/corrientesdetarde.com\/index.php\/wp-json\/wp\/v2\/categories?post=171356"},{"taxonomy":"post_tag","embeddable":true,"href":"https:\/\/corrientesdetarde.com\/index.php\/wp-json\/wp\/v2\/tags?post=171356"}],"curies":[{"name":"wp","href":"https:\/\/api.w.org\/{rel}","templated":true}]}}