{"id":17141,"date":"2022-11-05T08:44:10","date_gmt":"2022-11-05T11:44:10","guid":{"rendered":"https:\/\/corrientesdetarde.com\/?p=17141"},"modified":"2022-11-05T08:44:12","modified_gmt":"2022-11-05T11:44:12","slug":"iberarte-inaugura-la-muestra-aviaria","status":"publish","type":"post","link":"https:\/\/corrientesdetarde.com\/index.php\/cultura\/iberarte-inaugura-la-muestra-aviaria\/","title":{"rendered":"IberArte inaugura la muestra &#8220;Aviaria&#8221;"},"content":{"rendered":"\n<p>Uno de los espacios de muestra de arte contempor\u00e1nea de la regi\u00f3n IberArte vuelve a abrir sus puertas para presentar la muestra integral &#8220;Aviaria&#8221;. La misma podr\u00e1 visitarse desde hoy y hasta el viernes 11, de 9 a 18, en Casa Iber\u00e1 (Carlos Pellerini 501, frente al parque Camba Cu\u00e1).<\/p>\n\n\n\n<p>La propuesta permitir\u00e1 disfrutar de distintas t\u00e9cnicas reflejadas en el trabajo de tres destacadas artistas pl\u00e1sticas, como son Chary Esquivel, Yasi \u00c1valos y Mercedes Sananes. &#8220;Es una muestra muy interesante, con la creatividad y talento de tres reconocidas artistas que utilizan diversas t\u00e9cnicas con la tem\u00e1tica de aves. Hay fotograf\u00edas, pintura y escultura en cer\u00e1mica&#8221;, expres\u00f3 a \u00e9poca Gabriela Gonz\u00e1lez Vedoya de Casa Iber\u00e1.<\/p>\n\n\n\n<p>Con entrada libre y gratuita, los visitantes podr\u00e1n recorrer y admirar en detalle la muestra integral &#8220;Aviaria&#8221;, en la que las artistas ponen a consideraci\u00f3n de los espectadores esta correntada de sensaciones que reflejan en cada trabajo. La Inauguraci\u00f3n oficial ser\u00e1 ma\u00f1ana a las 10, con la presencia de las autoras de las obras.<\/p>\n","protected":false},"excerpt":{"rendered":"<p>Uno de los espacios de muestra de arte contempor\u00e1nea de la regi\u00f3n IberArte vuelve a abrir sus puertas para presentar la muestra integral &#8220;Aviaria&#8221;. La misma podr\u00e1 visitarse desde hoy&hellip; <\/p>\n","protected":false},"author":3,"featured_media":17142,"comment_status":"closed","ping_status":"open","sticky":false,"template":"","format":"standard","meta":{"footnotes":""},"categories":[15],"tags":[],"class_list":["post-17141","post","type-post","status-publish","format-standard","has-post-thumbnail","hentry","category-cultura"],"_links":{"self":[{"href":"https:\/\/corrientesdetarde.com\/index.php\/wp-json\/wp\/v2\/posts\/17141","targetHints":{"allow":["GET"]}}],"collection":[{"href":"https:\/\/corrientesdetarde.com\/index.php\/wp-json\/wp\/v2\/posts"}],"about":[{"href":"https:\/\/corrientesdetarde.com\/index.php\/wp-json\/wp\/v2\/types\/post"}],"author":[{"embeddable":true,"href":"https:\/\/corrientesdetarde.com\/index.php\/wp-json\/wp\/v2\/users\/3"}],"replies":[{"embeddable":true,"href":"https:\/\/corrientesdetarde.com\/index.php\/wp-json\/wp\/v2\/comments?post=17141"}],"version-history":[{"count":1,"href":"https:\/\/corrientesdetarde.com\/index.php\/wp-json\/wp\/v2\/posts\/17141\/revisions"}],"predecessor-version":[{"id":17143,"href":"https:\/\/corrientesdetarde.com\/index.php\/wp-json\/wp\/v2\/posts\/17141\/revisions\/17143"}],"wp:featuredmedia":[{"embeddable":true,"href":"https:\/\/corrientesdetarde.com\/index.php\/wp-json\/wp\/v2\/media\/17142"}],"wp:attachment":[{"href":"https:\/\/corrientesdetarde.com\/index.php\/wp-json\/wp\/v2\/media?parent=17141"}],"wp:term":[{"taxonomy":"category","embeddable":true,"href":"https:\/\/corrientesdetarde.com\/index.php\/wp-json\/wp\/v2\/categories?post=17141"},{"taxonomy":"post_tag","embeddable":true,"href":"https:\/\/corrientesdetarde.com\/index.php\/wp-json\/wp\/v2\/tags?post=17141"}],"curies":[{"name":"wp","href":"https:\/\/api.w.org\/{rel}","templated":true}]}}