{"id":171411,"date":"2024-11-08T09:54:50","date_gmt":"2024-11-08T12:54:50","guid":{"rendered":"https:\/\/corrientesdetarde.com\/?p=171411"},"modified":"2024-11-08T11:29:40","modified_gmt":"2024-11-08T14:29:40","slug":"valdes-saludo-a-los-trabajadores-municipales-correntinos-por-su-dia","status":"publish","type":"post","link":"https:\/\/corrientesdetarde.com\/index.php\/locales\/valdes-saludo-a-los-trabajadores-municipales-correntinos-por-su-dia\/","title":{"rendered":"Vald\u00e9s salud\u00f3 a los trabajadores municipales correntinos por su d\u00eda"},"content":{"rendered":"\n<p>El gobernador Gustavo Vald\u00e9s salud\u00f3 en su d\u00eda a los trabajadores municipales de cada ciudad de Corrientes. Lo hizo a trav\u00e9s de sus redes sociales, agradeciendo el compromiso y esfuerzo \u201cporque con su trabajo diario consolidan nuestra comunidad y mejoran nuestra convivencia\u201d.<\/p>\n\n\n\n<p>El D\u00eda del Trabajador Municipal se celebra en Argentina cada 8 de noviembre, en recuerdo de la creaci\u00f3n de la&nbsp;Confederaci\u00f3n de Obreros y Empleados Municipales de Argentina (COEMA) en 1959.<\/p>\n","protected":false},"excerpt":{"rendered":"<p>El gobernador Gustavo Vald\u00e9s salud\u00f3 en su d\u00eda a los trabajadores municipales de cada ciudad de Corrientes. Lo hizo a trav\u00e9s de sus redes sociales, agradeciendo el compromiso y esfuerzo&hellip; <\/p>\n","protected":false},"author":12,"featured_media":171414,"comment_status":"closed","ping_status":"open","sticky":false,"template":"","format":"standard","meta":{"footnotes":""},"categories":[8],"tags":[],"class_list":["post-171411","post","type-post","status-publish","format-standard","has-post-thumbnail","hentry","category-locales"],"_links":{"self":[{"href":"https:\/\/corrientesdetarde.com\/index.php\/wp-json\/wp\/v2\/posts\/171411","targetHints":{"allow":["GET"]}}],"collection":[{"href":"https:\/\/corrientesdetarde.com\/index.php\/wp-json\/wp\/v2\/posts"}],"about":[{"href":"https:\/\/corrientesdetarde.com\/index.php\/wp-json\/wp\/v2\/types\/post"}],"author":[{"embeddable":true,"href":"https:\/\/corrientesdetarde.com\/index.php\/wp-json\/wp\/v2\/users\/12"}],"replies":[{"embeddable":true,"href":"https:\/\/corrientesdetarde.com\/index.php\/wp-json\/wp\/v2\/comments?post=171411"}],"version-history":[{"count":2,"href":"https:\/\/corrientesdetarde.com\/index.php\/wp-json\/wp\/v2\/posts\/171411\/revisions"}],"predecessor-version":[{"id":171465,"href":"https:\/\/corrientesdetarde.com\/index.php\/wp-json\/wp\/v2\/posts\/171411\/revisions\/171465"}],"wp:featuredmedia":[{"embeddable":true,"href":"https:\/\/corrientesdetarde.com\/index.php\/wp-json\/wp\/v2\/media\/171414"}],"wp:attachment":[{"href":"https:\/\/corrientesdetarde.com\/index.php\/wp-json\/wp\/v2\/media?parent=171411"}],"wp:term":[{"taxonomy":"category","embeddable":true,"href":"https:\/\/corrientesdetarde.com\/index.php\/wp-json\/wp\/v2\/categories?post=171411"},{"taxonomy":"post_tag","embeddable":true,"href":"https:\/\/corrientesdetarde.com\/index.php\/wp-json\/wp\/v2\/tags?post=171411"}],"curies":[{"name":"wp","href":"https:\/\/api.w.org\/{rel}","templated":true}]}}