{"id":17150,"date":"2022-11-05T09:21:43","date_gmt":"2022-11-05T12:21:43","guid":{"rendered":"https:\/\/corrientesdetarde.com\/?p=17150"},"modified":"2022-11-05T09:21:47","modified_gmt":"2022-11-05T12:21:47","slug":"bella-vista-se-alista-para-la-expo-joven","status":"publish","type":"post","link":"https:\/\/corrientesdetarde.com\/index.php\/informacion-general\/bella-vista-se-alista-para-la-expo-joven\/","title":{"rendered":"Bella Vista se alista para la Expo Joven"},"content":{"rendered":"\n<p>A su vez se espera conocer a los ganadores del concurso de bienes de capital para emprendedores y productores j\u00f3venes.<\/p>\n\n\n\n<p>La Direcci\u00f3n de Juventud, dependiente del Ministerio de Desarrollo Social de Corrientes, en conjunto con la Municipalidad de la Bella Vista coordinan esfuerzos para llevar adelante el 10 de noviembre la cuarta Expo Joven de la provincia.<\/p>\n\n\n\n<p>Adem\u00e1s alientan a los j\u00f3venes que tienen entre 16 y 30 a\u00f1os y residan en Bella Vista, Empedrado, San Lorenzo, Saladas, Mburucuy\u00e1, Santa Rosa, Concepci\u00f3n, Tabay, Tatacu\u00e1, Colonia Pando, San Roque, 3 de Abril, Pedro R. Fern\u00e1ndez, 9 de Julio, Chavarr\u00eda, Felipe Yofre, Gobernador Mart\u00ednez, Cruz de los Milagros, Yatay T\u00ed Calle, Santa Luc\u00eda, Cecilio Echevarr\u00eda, Lavalle, Goya o Carolina a inscribirse para participar del concurso.&nbsp;Tags<\/p>\n\n\n\n<p><a href=\"https:\/\/www.diarioepoca.com\/t230-bella-vista\">Bella Vista<\/a><a href=\"https:\/\/www.diarioepoca.com\/t51912-expo-joven\">Expo Joven<\/a><\/p>\n","protected":false},"excerpt":{"rendered":"<p>A su vez se espera conocer a los ganadores del concurso de bienes de capital para emprendedores y productores j\u00f3venes. La Direcci\u00f3n de Juventud, dependiente del Ministerio de Desarrollo Social&hellip; <\/p>\n","protected":false},"author":3,"featured_media":17151,"comment_status":"closed","ping_status":"open","sticky":false,"template":"","format":"standard","meta":{"footnotes":""},"categories":[1],"tags":[],"class_list":["post-17150","post","type-post","status-publish","format-standard","has-post-thumbnail","hentry","category-informacion-general"],"_links":{"self":[{"href":"https:\/\/corrientesdetarde.com\/index.php\/wp-json\/wp\/v2\/posts\/17150","targetHints":{"allow":["GET"]}}],"collection":[{"href":"https:\/\/corrientesdetarde.com\/index.php\/wp-json\/wp\/v2\/posts"}],"about":[{"href":"https:\/\/corrientesdetarde.com\/index.php\/wp-json\/wp\/v2\/types\/post"}],"author":[{"embeddable":true,"href":"https:\/\/corrientesdetarde.com\/index.php\/wp-json\/wp\/v2\/users\/3"}],"replies":[{"embeddable":true,"href":"https:\/\/corrientesdetarde.com\/index.php\/wp-json\/wp\/v2\/comments?post=17150"}],"version-history":[{"count":1,"href":"https:\/\/corrientesdetarde.com\/index.php\/wp-json\/wp\/v2\/posts\/17150\/revisions"}],"predecessor-version":[{"id":17152,"href":"https:\/\/corrientesdetarde.com\/index.php\/wp-json\/wp\/v2\/posts\/17150\/revisions\/17152"}],"wp:featuredmedia":[{"embeddable":true,"href":"https:\/\/corrientesdetarde.com\/index.php\/wp-json\/wp\/v2\/media\/17151"}],"wp:attachment":[{"href":"https:\/\/corrientesdetarde.com\/index.php\/wp-json\/wp\/v2\/media?parent=17150"}],"wp:term":[{"taxonomy":"category","embeddable":true,"href":"https:\/\/corrientesdetarde.com\/index.php\/wp-json\/wp\/v2\/categories?post=17150"},{"taxonomy":"post_tag","embeddable":true,"href":"https:\/\/corrientesdetarde.com\/index.php\/wp-json\/wp\/v2\/tags?post=17150"}],"curies":[{"name":"wp","href":"https:\/\/api.w.org\/{rel}","templated":true}]}}