{"id":171582,"date":"2024-11-09T08:04:24","date_gmt":"2024-11-09T11:04:24","guid":{"rendered":"https:\/\/corrientesdetarde.com\/?p=171582"},"modified":"2024-11-09T08:04:30","modified_gmt":"2024-11-09T11:04:30","slug":"con-25-bandas-se-encienden-las-luces-del-14-taragui-rock","status":"publish","type":"post","link":"https:\/\/corrientesdetarde.com\/index.php\/informacion-general\/con-25-bandas-se-encienden-las-luces-del-14-taragui-rock\/","title":{"rendered":"Con 25 bandas, se encienden las luces del 14\u00b0 Tarag\u00fc\u00ed Rock"},"content":{"rendered":"\n<p>El megafestival comienza hoy a las 16:30, con la presentaci\u00f3n de la rapera Chizz. El evento contar\u00e1 con dos escenarios en los que alternar\u00e1n los n\u00fameros art\u00edsticos. Caballeros de la Quema y Los Pericos ser\u00e1n las bandas destacadas del show inaugural.<\/p>\n\n\n\n<p>El cors\u00f3dromo Nolo Al\u00edas vuelve a rockear y con dos jornadas colmadas de bandas comienza hoy a las 16:30 la 14\u00aa edici\u00f3n del Tarag\u00fc\u00ed Rock, el megafestival que reunir\u00e1 a miles de fan\u00e1ticos del g\u00e9nero musical. Con una apuesta esc\u00e9nica importante, el considerado &#8220;Gigante del NEA&#8221; ofrecer\u00e1 dos escenarios que alternar\u00e1n din\u00e1micamente la presentaci\u00f3n de las 25 bandas que forman parte de la celebraci\u00f3n roquera de este a\u00f1o.<\/p>\n\n\n\n<p>&#8220;Estamos listos. Se realiz\u00f3 un gran trabajo en el montaje t\u00e9cnico en el predio para disfrutar de esta gran edici\u00f3n&#8221;, expres\u00f3 la presidente del Instituto de Cultura, Beatriz Kunin, a cargo de la organizaci\u00f3n.<\/p>\n\n\n\n<p>El predio est\u00e1 organizado especialmente para que el p\u00fablico de todas las edades pueda disfrutar del espect\u00e1culo con espacios con food trucks, cervecer\u00eda artesanal, pabellones institucionales y un predio con juegos para los ni\u00f1os.<\/p>\n\n\n\n<figure class=\"wp-block-image\"><img decoding=\"async\" src=\"https:\/\/www.diarioepoca.com\/content\/bucket\/2\/1394012w380h265c.jpg.webp\" alt=\"\"\/><\/figure>\n\n\n\n<p>El concepto del festival para esta edici\u00f3n es una combinaci\u00f3n de bandas hist\u00f3ricas, invitados internacionales y lo m\u00e1s fresco de la escena musical del NEA. El acceso al predio estar\u00e1 habilitado desde las 16 horas y el ticket tendr\u00e1 un valor de $6.000 para quienes ingresen antes de las 18 y $7.500 sin l\u00edmite de horario.<\/p>\n\n\n\n<p>La rapera Chizz ser\u00e1 la encargada de inaugurar la edici\u00f3n y su show dar\u00e1 inicio esta tarde a las 16:30 (ver la grilla en la infograf\u00eda). La artista se destac\u00f3 en los \u00faltimos a\u00f1os en la escena de la m\u00fasica urbana, impulsada por su amor al freestyle, desde donde creci\u00f3 y comenz\u00f3 una carrera profesional.<\/p>\n\n\n\n<p>As\u00ed se sumergi\u00f3 en la cultura del hip hop, apoyando eventos y siendo participe de muchos eventos del g\u00e9nero. La rapera no solo apoy\u00f3 a la escena hip hop local, sino que tambi\u00e9n se convirti\u00f3 en parte integral de ella. Particip\u00f3 en destacados espect\u00e1culo como activista, host y jurado junto a su Crew Natural Flava.<\/p>\n\n\n\n<figure class=\"wp-block-image\"><img decoding=\"async\" src=\"https:\/\/www.diarioepoca.com\/content\/bucket\/0\/1393980w380h601c.jpg.webp\" alt=\"\"\/><\/figure>\n\n\n\n<p>Entre los m\u00e1s esperados de la edici\u00f3n esta noche estar\u00e1n Los Caballeros de la Quema y Los Pericos, mientras que ma\u00f1ana suben al escenario La Bersuit, Turf y Roque Narvaja y el proyecto Hilda canta a Charly, un homenaje al gran Charly Garc\u00eda, encabezado por la artista referente del cancionero popular, Hilda Lizarazu.<\/p>\n\n\n\n<p>Desde la organizaci\u00f3n informaron que est\u00e1 habilitado el ingreso de silletas, mate, terer\u00e9 y agua y no se podr\u00e1 entrar con bebidas alcoh\u00f3licas, envases de vidrio, elementos cortantes ni conservadora.<\/p>\n\n\n\n<p>Esta edici\u00f3n tambi\u00e9n contar\u00e1 con traslado gratuito en colectivo desde el parque Mitre al cors\u00f3dromo Nolo Al\u00edas. Las salidas ser\u00e1n a las 17 y 18 horas.<\/p>\n","protected":false},"excerpt":{"rendered":"<p>El megafestival comienza hoy a las 16:30, con la presentaci\u00f3n de la rapera Chizz. El evento contar\u00e1 con dos escenarios en los que alternar\u00e1n los n\u00fameros art\u00edsticos. Caballeros de la&hellip; <\/p>\n","protected":false},"author":3,"featured_media":171602,"comment_status":"closed","ping_status":"open","sticky":false,"template":"","format":"standard","meta":{"footnotes":""},"categories":[1],"tags":[],"class_list":["post-171582","post","type-post","status-publish","format-standard","has-post-thumbnail","hentry","category-informacion-general"],"_links":{"self":[{"href":"https:\/\/corrientesdetarde.com\/index.php\/wp-json\/wp\/v2\/posts\/171582","targetHints":{"allow":["GET"]}}],"collection":[{"href":"https:\/\/corrientesdetarde.com\/index.php\/wp-json\/wp\/v2\/posts"}],"about":[{"href":"https:\/\/corrientesdetarde.com\/index.php\/wp-json\/wp\/v2\/types\/post"}],"author":[{"embeddable":true,"href":"https:\/\/corrientesdetarde.com\/index.php\/wp-json\/wp\/v2\/users\/3"}],"replies":[{"embeddable":true,"href":"https:\/\/corrientesdetarde.com\/index.php\/wp-json\/wp\/v2\/comments?post=171582"}],"version-history":[{"count":1,"href":"https:\/\/corrientesdetarde.com\/index.php\/wp-json\/wp\/v2\/posts\/171582\/revisions"}],"predecessor-version":[{"id":171603,"href":"https:\/\/corrientesdetarde.com\/index.php\/wp-json\/wp\/v2\/posts\/171582\/revisions\/171603"}],"wp:featuredmedia":[{"embeddable":true,"href":"https:\/\/corrientesdetarde.com\/index.php\/wp-json\/wp\/v2\/media\/171602"}],"wp:attachment":[{"href":"https:\/\/corrientesdetarde.com\/index.php\/wp-json\/wp\/v2\/media?parent=171582"}],"wp:term":[{"taxonomy":"category","embeddable":true,"href":"https:\/\/corrientesdetarde.com\/index.php\/wp-json\/wp\/v2\/categories?post=171582"},{"taxonomy":"post_tag","embeddable":true,"href":"https:\/\/corrientesdetarde.com\/index.php\/wp-json\/wp\/v2\/tags?post=171582"}],"curies":[{"name":"wp","href":"https:\/\/api.w.org\/{rel}","templated":true}]}}