{"id":171583,"date":"2024-11-09T08:01:03","date_gmt":"2024-11-09T11:01:03","guid":{"rendered":"https:\/\/corrientesdetarde.com\/?p=171583"},"modified":"2024-11-09T08:01:04","modified_gmt":"2024-11-09T11:01:04","slug":"un-sabado-con-multiples-propuestas","status":"publish","type":"post","link":"https:\/\/corrientesdetarde.com\/index.php\/informacion-general\/un-sabado-con-multiples-propuestas\/","title":{"rendered":"Un s\u00e1bado con m\u00faltiples propuestas"},"content":{"rendered":"\n<p>Como cada fin de semana, la Municipalidad de Corrientes pone a disposici\u00f3n de vecinos y visitantes una variada agenda de espect\u00e1culos para este s\u00e1bado.<\/p>\n\n\n\n<p>La Feria de Artesanos estar\u00e1 en Costanera Sur y calle Las Heras, de 9 a 22, con todo tipo de objetos y creaciones artesanales, ideal para adquirir un recuerdo especial o hacer un regalo \u00fanico.<\/p>\n\n\n\n<p>Hoy llega a su cierre la 38\u00aa edici\u00f3n de la Fiesta Provincial del Teatro. Desde las 15:30 a 22:30 habr\u00e1 distintas obras en el Teatro de la Ciudad, Casa del Bicentenario, Teatro Flotante, Sociedad Libanesa y Espacio Mari\u00f1o.<\/p>\n\n\n\n<p>De 8 a 12, ser\u00e1 una nueva jornada de prevenci\u00f3n de consumos problem\u00e1ticos en el barrio Quilmes.<\/p>\n\n\n\n<p>En el marco del circuito tur\u00edstico &#8220;Descubr\u00ed Corrientes&#8221;, que consiste en recorridos guiados por los atractivos de la ciudad, de 10 a 12, se recorrer\u00e1 el cementerio San Juan Bautista y, de 18 a 20, la plaza 25 de Mayo y alrededores.<\/p>\n\n\n\n<p>De 16 a 21, en el parque de calistenia, ubicado en la playa Arazaty I se realizar\u00e1 una masterclass, exhibici\u00f3n y competencia de calistenia consistente en un sistema de ejercicios f\u00edsicos en los que se utiliza el propio peso corporal, para fortalecer los diferentes grupos musculares.<\/p>\n","protected":false},"excerpt":{"rendered":"<p>Como cada fin de semana, la Municipalidad de Corrientes pone a disposici\u00f3n de vecinos y visitantes una variada agenda de espect\u00e1culos para este s\u00e1bado. La Feria de Artesanos estar\u00e1 en&hellip; <\/p>\n","protected":false},"author":3,"featured_media":171596,"comment_status":"closed","ping_status":"open","sticky":false,"template":"","format":"standard","meta":{"footnotes":""},"categories":[1],"tags":[],"class_list":["post-171583","post","type-post","status-publish","format-standard","has-post-thumbnail","hentry","category-informacion-general"],"_links":{"self":[{"href":"https:\/\/corrientesdetarde.com\/index.php\/wp-json\/wp\/v2\/posts\/171583","targetHints":{"allow":["GET"]}}],"collection":[{"href":"https:\/\/corrientesdetarde.com\/index.php\/wp-json\/wp\/v2\/posts"}],"about":[{"href":"https:\/\/corrientesdetarde.com\/index.php\/wp-json\/wp\/v2\/types\/post"}],"author":[{"embeddable":true,"href":"https:\/\/corrientesdetarde.com\/index.php\/wp-json\/wp\/v2\/users\/3"}],"replies":[{"embeddable":true,"href":"https:\/\/corrientesdetarde.com\/index.php\/wp-json\/wp\/v2\/comments?post=171583"}],"version-history":[{"count":1,"href":"https:\/\/corrientesdetarde.com\/index.php\/wp-json\/wp\/v2\/posts\/171583\/revisions"}],"predecessor-version":[{"id":171601,"href":"https:\/\/corrientesdetarde.com\/index.php\/wp-json\/wp\/v2\/posts\/171583\/revisions\/171601"}],"wp:featuredmedia":[{"embeddable":true,"href":"https:\/\/corrientesdetarde.com\/index.php\/wp-json\/wp\/v2\/media\/171596"}],"wp:attachment":[{"href":"https:\/\/corrientesdetarde.com\/index.php\/wp-json\/wp\/v2\/media?parent=171583"}],"wp:term":[{"taxonomy":"category","embeddable":true,"href":"https:\/\/corrientesdetarde.com\/index.php\/wp-json\/wp\/v2\/categories?post=171583"},{"taxonomy":"post_tag","embeddable":true,"href":"https:\/\/corrientesdetarde.com\/index.php\/wp-json\/wp\/v2\/tags?post=171583"}],"curies":[{"name":"wp","href":"https:\/\/api.w.org\/{rel}","templated":true}]}}