{"id":171585,"date":"2024-11-09T08:00:45","date_gmt":"2024-11-09T11:00:45","guid":{"rendered":"https:\/\/corrientesdetarde.com\/?p=171585"},"modified":"2024-11-09T08:00:46","modified_gmt":"2024-11-09T11:00:46","slug":"dengue-salud-coordina-acciones-en-hospitales-y-con-municipios","status":"publish","type":"post","link":"https:\/\/corrientesdetarde.com\/index.php\/bienestar-y-salud\/dengue-salud-coordina-acciones-en-hospitales-y-con-municipios\/","title":{"rendered":"Dengue: Salud coordina acciones en hospitales y con municipios"},"content":{"rendered":"\n<p>En el marco del plan provincial, los equipos realizan acciones conjuntas con Educaci\u00f3n, comunas y centros de salud.<\/p>\n\n\n\n<p>En el marco del Plan Provincial de Prevenci\u00f3n y Control de Dengue, el Ministerio de Salud P\u00fablica a trav\u00e9s de la Direcci\u00f3n General de Epidemiolog\u00eda, est\u00e1 coordinando acciones con municipios, hospitales y otras instituciones. Es as\u00ed que en todas localidades se llevan adelante tareas preventivas y se intensifica el trabajo en aquellas donde hubo brotes en temporadas anteriores, como en Capital, Santo Tom\u00e9, Goya y San Luis del Palmar.<\/p>\n\n\n\n<p>La semana pr\u00f3xima estar\u00e1n en Saladas y en la ciudad de Corrientes. Al finalizar el barrio Sur seguir\u00e1n por Ber\u00f3n de Astrada.<\/p>\n\n\n\n<p>En este contexto, el titular de la cartera sanitaria, Ricardo Cardozo, se\u00f1al\u00f3: &#8220;Hasta ahora estamos sin casos en la provincia, trabajando con la poblaci\u00f3n para que limpien sus hogares y evitar as\u00ed criaderos del mosquito&#8221;.<\/p>\n\n\n\n<p>&#8220;En este momento estamos en un interbrote. Tenemos que intensificar el descacharrado y control focal. Trabajamos con los vecinos, revisando criaderos y rociando larvicidas, adem\u00e1s de compartir informaci\u00f3n esencial. Cuando comience la circulaci\u00f3n viral, en Corrientes por el momento no, se hace el control cl\u00ednico de pacientes y ante s\u00edntomas se pide consultar a su m\u00e9dico&#8221;, explic\u00f3 la directora general de Epidemiolog\u00eda Angelina Bobadilla.<\/p>\n\n\n\n<p>A la vez, precis\u00f3 que est\u00e1n coordinando acciones con los municipios y record\u00f3: &#8220;Nuestros equipos trabajan con Educaci\u00f3n, comunas y hospitales regionales&#8221;. Agreg\u00f3: &#8220;La articulaci\u00f3n es permanente y esta vinculaci\u00f3n ha quedado del trabajo que hicimos ante brotes anteriores&#8221;.<\/p>\n","protected":false},"excerpt":{"rendered":"<p>En el marco del plan provincial, los equipos realizan acciones conjuntas con Educaci\u00f3n, comunas y centros de salud. En el marco del Plan Provincial de Prevenci\u00f3n y Control de Dengue,&hellip; <\/p>\n","protected":false},"author":3,"featured_media":171595,"comment_status":"closed","ping_status":"open","sticky":false,"template":"","format":"standard","meta":{"footnotes":""},"categories":[16],"tags":[],"class_list":["post-171585","post","type-post","status-publish","format-standard","has-post-thumbnail","hentry","category-bienestar-y-salud"],"_links":{"self":[{"href":"https:\/\/corrientesdetarde.com\/index.php\/wp-json\/wp\/v2\/posts\/171585","targetHints":{"allow":["GET"]}}],"collection":[{"href":"https:\/\/corrientesdetarde.com\/index.php\/wp-json\/wp\/v2\/posts"}],"about":[{"href":"https:\/\/corrientesdetarde.com\/index.php\/wp-json\/wp\/v2\/types\/post"}],"author":[{"embeddable":true,"href":"https:\/\/corrientesdetarde.com\/index.php\/wp-json\/wp\/v2\/users\/3"}],"replies":[{"embeddable":true,"href":"https:\/\/corrientesdetarde.com\/index.php\/wp-json\/wp\/v2\/comments?post=171585"}],"version-history":[{"count":1,"href":"https:\/\/corrientesdetarde.com\/index.php\/wp-json\/wp\/v2\/posts\/171585\/revisions"}],"predecessor-version":[{"id":171600,"href":"https:\/\/corrientesdetarde.com\/index.php\/wp-json\/wp\/v2\/posts\/171585\/revisions\/171600"}],"wp:featuredmedia":[{"embeddable":true,"href":"https:\/\/corrientesdetarde.com\/index.php\/wp-json\/wp\/v2\/media\/171595"}],"wp:attachment":[{"href":"https:\/\/corrientesdetarde.com\/index.php\/wp-json\/wp\/v2\/media?parent=171585"}],"wp:term":[{"taxonomy":"category","embeddable":true,"href":"https:\/\/corrientesdetarde.com\/index.php\/wp-json\/wp\/v2\/categories?post=171585"},{"taxonomy":"post_tag","embeddable":true,"href":"https:\/\/corrientesdetarde.com\/index.php\/wp-json\/wp\/v2\/tags?post=171585"}],"curies":[{"name":"wp","href":"https:\/\/api.w.org\/{rel}","templated":true}]}}