{"id":171610,"date":"2024-11-09T09:00:22","date_gmt":"2024-11-09T12:00:22","guid":{"rendered":"https:\/\/corrientesdetarde.com\/?p=171610"},"modified":"2024-11-09T09:00:23","modified_gmt":"2024-11-09T12:00:23","slug":"funcionarios-y-sindicalistas-analizaron-el-presente-de-la-educacion","status":"publish","type":"post","link":"https:\/\/corrientesdetarde.com\/index.php\/informacion-general\/funcionarios-y-sindicalistas-analizaron-el-presente-de-la-educacion\/","title":{"rendered":"Funcionarios y sindicalistas analizaron el presente de la educaci\u00f3n"},"content":{"rendered":"\n<p>La titular de la cartera educativa, Pr\u00e1xedes L\u00f3pez, particip\u00f3 de las jornadas organizadas por AMET y la ACDP. La funcionaria destac\u00f3 la apertura para analizar tem\u00e1ticas de la actualidad del sector. Por el lado gremial pidieron el cese de los recortes por parte de Naci\u00f3n.<\/p>\n\n\n\n<p>En la ma\u00f1ana de ayer qued\u00f3 inaugurado el XV Congreso Pol\u00edtico Educativo organizado por la Asociaci\u00f3n Correntina de Docentes Provinciales (ACDP), que se desarrollar\u00e1 hasta hoy en la sede que el gremio tiene en la calle San Juan casi San Mart\u00edn de esta capital.<\/p>\n\n\n\n<p>La apertura estuvo a cargo del vicegobernador Pedro Braillard Poccard, la ministra de Educaci\u00f3n Pr\u00e1xedes L\u00f3pez y el secretario general de ACDP, Jos\u00e9 Gea.<\/p>\n\n\n\n<p>En este marco, Gea habl\u00f3 de la actualidad de los docentes dentro de las nuevas modalidades: &#8220;Este congreso trae un antes y un despu\u00e9s. La pandemia nos mostr\u00f3 otros caminos en los cuales involucrarse, como con la parte tecnol\u00f3gica. El docente se tiene que adaptar y buscar herramientas para actualizarse. Hay docentes capaces que buscan mejorar teniendo siempre como \u00faltimo fin al alumno&#8221;.<\/p>\n\n\n\n<figure class=\"wp-block-image\"><img decoding=\"async\" src=\"https:\/\/www.diarioepoca.com\/content\/bucket\/5\/1393975w380h280c.jpg.webp\" alt=\"\"\/><figcaption class=\"wp-element-caption\">EL CONGRESO DE LA AMET SE DESARROLL\u00d3 EN EL CENTRO DE CONVENCIONES.<\/figcaption><\/figure>\n\n\n\n<p>En cuanto la tem\u00e1tica, se\u00f1al\u00f3 que en esta oportunidad se hablar\u00e1 de las nuevas tecnolog\u00edas sin olvidar el rol del sindicato.<\/p>\n\n\n\n<p>&#8220;Estamos tratando de acercar a los docentes nuestro acompa\u00f1amiento. Dec\u00edamos con la ministra de Educaci\u00f3n y el Vicegobernador que el di\u00e1logo tiene que ser importante para ir sorteando todos los inconvenientes que surjan&#8221;, dijo el titular de la ACDP.<\/p>\n\n\n\n<p>Afirm\u00f3 que todo lo que se resuelva en lo institucional repercute en los alumnos. &#8220;Todo lo que se desarrolla como estrategia en este tipo de encuentros tienen como finalidad que sirva para mejorar el aprendizaje de docentes y alumnos&#8221;, indic\u00f3.<\/p>\n\n\n\n<figure class=\"wp-block-image\"><img decoding=\"async\" src=\"https:\/\/www.diarioepoca.com\/content\/bucket\/8\/1394008w380h132c.jpg.webp\" alt=\"\"\/><\/figure>\n\n\n\n<p>Consultado por la vicisitudes de \u00edndole econ\u00f3mica, expres\u00f3 que este congreso lo hacen para devolver en algo lo que afiliado aporta. &#8220;Nuestro pensamiento es seguir al lado de docente sin arriar banderas. Nuestro objetivo es continuar con la tarea de conseguir mejoras salariales&#8221;, enfatiz\u00f3 Gea.<\/p>\n\n\n\n<p>Sostuvo que el di\u00e1logo con la ministra de Educaci\u00f3n el Vicegobernador, coincidieron en que la educaci\u00f3n no debe tener m\u00e1s recortes de los gobiernos nacionales, como sucedi\u00f3 con el Fondo de Incentivo Docente y lo que ocurre con las universidades. &#8220;No hace bien a la sociedad que queremos. Anhelamos una sociedad equilibrada para tener una Argentina y una provincia mucho mejor&#8221;, concluy\u00f3.<\/p>\n\n\n\n<p>A su turno, el Vicegobernador marc\u00f3 la importancia de los docentes en la formaci\u00f3n y la transmisi\u00f3n de valores. Y, siguiendo lo expuesto por Gea, sostuvo: &#8220;Ante los avances de la ciencia, los docentes est\u00e1n en permanente adaptaci\u00f3n porque deben capacitarse y superarse. Y la tecnolog\u00eda nos genera esperanza pero tambi\u00e9n un desaf\u00edo, y ese es el compromiso con una educaci\u00f3n p\u00fablica que responda a las necesidades de la sociedad&#8221;.<\/p>\n\n\n\n<figure class=\"wp-block-image\"><img decoding=\"async\" src=\"https:\/\/www.diarioepoca.com\/content\/bucket\/9\/1394009w380h132c.jpg.webp\" alt=\"\"\/><\/figure>\n\n\n\n<p>Por su parte, la Ministra Pr\u00e1xedes L\u00f3pez, dijo que ayer fue una jornada importante ya que particip\u00f3 del congreso de AMET (Asociaci\u00f3n del Magisterio y Ense\u00f1anza T\u00e9cnica) -fue el Centro de Convenciones- y tambi\u00e9n de la que realiz\u00f3 la Asociaci\u00f3n Correntina de Docentes Provinciales (ACDP).<\/p>\n\n\n\n<p>&#8220;Cuando se realizan congresos de este tipo en el que participan los docentes debemos estar. Esto nos permite que los maestros y profesores puedan tambi\u00e9n escuchar el trabajo que venimos realizando desde el gobierno provincial&#8221;, dijo la funcionaria quien resalt\u00f3 &#8220;que ninguna transformaci\u00f3n educativa se puede dar sin los docentes&#8221;.<\/p>\n\n\n\n<p>&#8220;Los gremios est\u00e1n en el d\u00eda a d\u00eda y por eso aceptamos estar en los congresos. En el caso del desarrollado en la ACDP realic\u00e9 una exposici\u00f3n del trabajo de alfabetizaci\u00f3n&#8221;<\/p>\n","protected":false},"excerpt":{"rendered":"<p>La titular de la cartera educativa, Pr\u00e1xedes L\u00f3pez, particip\u00f3 de las jornadas organizadas por AMET y la ACDP. La funcionaria destac\u00f3 la apertura para analizar tem\u00e1ticas de la actualidad del&hellip; <\/p>\n","protected":false},"author":3,"featured_media":171616,"comment_status":"closed","ping_status":"open","sticky":false,"template":"","format":"standard","meta":{"footnotes":""},"categories":[1],"tags":[],"class_list":["post-171610","post","type-post","status-publish","format-standard","has-post-thumbnail","hentry","category-informacion-general"],"_links":{"self":[{"href":"https:\/\/corrientesdetarde.com\/index.php\/wp-json\/wp\/v2\/posts\/171610","targetHints":{"allow":["GET"]}}],"collection":[{"href":"https:\/\/corrientesdetarde.com\/index.php\/wp-json\/wp\/v2\/posts"}],"about":[{"href":"https:\/\/corrientesdetarde.com\/index.php\/wp-json\/wp\/v2\/types\/post"}],"author":[{"embeddable":true,"href":"https:\/\/corrientesdetarde.com\/index.php\/wp-json\/wp\/v2\/users\/3"}],"replies":[{"embeddable":true,"href":"https:\/\/corrientesdetarde.com\/index.php\/wp-json\/wp\/v2\/comments?post=171610"}],"version-history":[{"count":1,"href":"https:\/\/corrientesdetarde.com\/index.php\/wp-json\/wp\/v2\/posts\/171610\/revisions"}],"predecessor-version":[{"id":171650,"href":"https:\/\/corrientesdetarde.com\/index.php\/wp-json\/wp\/v2\/posts\/171610\/revisions\/171650"}],"wp:featuredmedia":[{"embeddable":true,"href":"https:\/\/corrientesdetarde.com\/index.php\/wp-json\/wp\/v2\/media\/171616"}],"wp:attachment":[{"href":"https:\/\/corrientesdetarde.com\/index.php\/wp-json\/wp\/v2\/media?parent=171610"}],"wp:term":[{"taxonomy":"category","embeddable":true,"href":"https:\/\/corrientesdetarde.com\/index.php\/wp-json\/wp\/v2\/categories?post=171610"},{"taxonomy":"post_tag","embeddable":true,"href":"https:\/\/corrientesdetarde.com\/index.php\/wp-json\/wp\/v2\/tags?post=171610"}],"curies":[{"name":"wp","href":"https:\/\/api.w.org\/{rel}","templated":true}]}}