{"id":171613,"date":"2024-11-09T09:00:16","date_gmt":"2024-11-09T12:00:16","guid":{"rendered":"https:\/\/corrientesdetarde.com\/?p=171613"},"modified":"2024-11-09T09:00:28","modified_gmt":"2024-11-09T12:00:28","slug":"entre-rios-demando-a-la-nacion-por-fondos-de-la-represa-salto-grande","status":"publish","type":"post","link":"https:\/\/corrientesdetarde.com\/index.php\/politica\/entre-rios-demando-a-la-nacion-por-fondos-de-la-represa-salto-grande\/","title":{"rendered":"Entre R\u00edos demand\u00f3 a la Naci\u00f3n por fondos de la represa Salto Grande"},"content":{"rendered":"\n<p>El gobierno de Rogelio Frigerio reclama que desde 2013 a la represa de Salto Grande le vienen pagando poco por la energ\u00eda que genera. En ese sentido, este mi\u00e9rcoles, desde la provincia fue interpuesta ante la Corte Suprema de Justicia una demanda contra Naci\u00f3n por US$175,5 millones, m\u00e1s intereses.<\/p>\n\n\n\n<p>Desde la provincia de Corrientes asimismo se reclama por regal\u00edas de la hidroel\u00e9ctrica Yacyret\u00e1 y tambi\u00e9n activ\u00f3 la v\u00eda judicial a la Corte junto con la deuda de ANSES.<\/p>\n\n\n\n<p>En su caso, la administraci\u00f3n conducida por el ex ministro del Interior de Mauricio Macri considera que ha sido afectada por esa cifra debido al bajo precio que la Secretar\u00eda de Energ\u00eda fij\u00f3 desde 2013 a la energ\u00eda que produce la represa ubicada sobre el r\u00edo Uruguay, a la altura de Concordia y Salto (ROU).<\/p>\n\n\n\n<p>La represa aporta el 7% del total de la electricidad que se consume en el pa\u00eds.<\/p>\n","protected":false},"excerpt":{"rendered":"<p>El gobierno de Rogelio Frigerio reclama que desde 2013 a la represa de Salto Grande le vienen pagando poco por la energ\u00eda que genera. En ese sentido, este mi\u00e9rcoles, desde&hellip; <\/p>\n","protected":false},"author":3,"featured_media":171614,"comment_status":"closed","ping_status":"open","sticky":false,"template":"","format":"standard","meta":{"footnotes":""},"categories":[3],"tags":[],"class_list":["post-171613","post","type-post","status-publish","format-standard","has-post-thumbnail","hentry","category-politica"],"_links":{"self":[{"href":"https:\/\/corrientesdetarde.com\/index.php\/wp-json\/wp\/v2\/posts\/171613","targetHints":{"allow":["GET"]}}],"collection":[{"href":"https:\/\/corrientesdetarde.com\/index.php\/wp-json\/wp\/v2\/posts"}],"about":[{"href":"https:\/\/corrientesdetarde.com\/index.php\/wp-json\/wp\/v2\/types\/post"}],"author":[{"embeddable":true,"href":"https:\/\/corrientesdetarde.com\/index.php\/wp-json\/wp\/v2\/users\/3"}],"replies":[{"embeddable":true,"href":"https:\/\/corrientesdetarde.com\/index.php\/wp-json\/wp\/v2\/comments?post=171613"}],"version-history":[{"count":1,"href":"https:\/\/corrientesdetarde.com\/index.php\/wp-json\/wp\/v2\/posts\/171613\/revisions"}],"predecessor-version":[{"id":171653,"href":"https:\/\/corrientesdetarde.com\/index.php\/wp-json\/wp\/v2\/posts\/171613\/revisions\/171653"}],"wp:featuredmedia":[{"embeddable":true,"href":"https:\/\/corrientesdetarde.com\/index.php\/wp-json\/wp\/v2\/media\/171614"}],"wp:attachment":[{"href":"https:\/\/corrientesdetarde.com\/index.php\/wp-json\/wp\/v2\/media?parent=171613"}],"wp:term":[{"taxonomy":"category","embeddable":true,"href":"https:\/\/corrientesdetarde.com\/index.php\/wp-json\/wp\/v2\/categories?post=171613"},{"taxonomy":"post_tag","embeddable":true,"href":"https:\/\/corrientesdetarde.com\/index.php\/wp-json\/wp\/v2\/tags?post=171613"}],"curies":[{"name":"wp","href":"https:\/\/api.w.org\/{rel}","templated":true}]}}