{"id":17168,"date":"2022-11-05T10:07:46","date_gmt":"2022-11-05T13:07:46","guid":{"rendered":"https:\/\/corrientesdetarde.com\/?p=17168"},"modified":"2022-11-05T10:07:48","modified_gmt":"2022-11-05T13:07:48","slug":"cerro-la-recepcion-de-propuestas-musicales-para-la-32a-fiesta-nacional-del-chamame","status":"publish","type":"post","link":"https:\/\/corrientesdetarde.com\/index.php\/cultura\/cerro-la-recepcion-de-propuestas-musicales-para-la-32a-fiesta-nacional-del-chamame\/","title":{"rendered":"Cerr\u00f3 la recepci\u00f3n de propuestas musicales para la 32\u00aa Fiesta Nacional del Chamam\u00e9"},"content":{"rendered":"\n<p>La Direcci\u00f3n de Artes Esc\u00e9nicas, M\u00fasica y Artes Audiovisuales\u00a0del Instituto de Cultura dio por concluido el tr\u00e1mite.\u00a0<\/p>\n\n\n\n<p>Cerr\u00f3 ayer la recepci\u00f3n de propuestas musicales para la 32\u00aa Fiesta Nacional del Chamam\u00e9, 18\u00aa Fiesta del Chamam\u00e9 del Mercosur y 2\u00aa Celebraci\u00f3n Mundial, a desarrollarse del 13 al 22 de enero de 2023, en Corrientes, el pa\u00eds y en cada rinc\u00f3n que comparta la identidad chamamecera y se sume a esta gran fiesta popular.<\/p>\n\n\n\n<p>La Direcci\u00f3n de las Artes Esc\u00e9nicas, M\u00fasica y Artes Audiovisuales del Instituto de Cultura de la Provincia de Corrientes, reiter\u00f3 que hasta ayer se aceptaban las propuestas para integrar la programaci\u00f3n musical de la fiesta grande.<\/p>\n\n\n\n<p>A fin de informarse y proponer su proyecto, los artistas deber\u00e1n completar el siguiente link: https:\/\/forms.gle\/YxMnzeUhe4KvZtq36.<\/p>\n\n\n\n<p>Como en ediciones anteriores, el repertorio propuesto por los artistas deber\u00e1 incluir un \u201ctema in\u00e9dito\u201d y\/o un \u201ctema de rescate\u201d, es decir, un tema que ya no se escuche por los medios o en festivales, con la idea de su conservaci\u00f3n patrimonial.<\/p>\n\n\n\n<p>Adem\u00e1s, quienes resulten invitados a presentarse en el m\u00edtico escenario Osvaldo Sosa Cordero del anfiteatro Mario del Tr\u00e1nsito Cocomarola, realizar\u00e1n una participaci\u00f3n aceptando el marco de ambientaci\u00f3n escenogr\u00e1fica y audiovisual dise\u00f1ada por el Instituto de Cultura.<\/p>\n\n\n\n<p>Asimismo, el artista seleccionado se compromete a realizar dentro de sus posibilidades, solo o con parte de su elenco, una o m\u00e1s intervenciones en lugares de acceso gratuito que integren la programaci\u00f3n general de la fiesta.&nbsp;<\/p>\n","protected":false},"excerpt":{"rendered":"<p>La Direcci\u00f3n de Artes Esc\u00e9nicas, M\u00fasica y Artes Audiovisuales\u00a0del Instituto de Cultura dio por concluido el tr\u00e1mite.\u00a0 Cerr\u00f3 ayer la recepci\u00f3n de propuestas musicales para la 32\u00aa Fiesta Nacional del&hellip; <\/p>\n","protected":false},"author":3,"featured_media":17169,"comment_status":"closed","ping_status":"open","sticky":false,"template":"","format":"standard","meta":{"footnotes":""},"categories":[15],"tags":[],"class_list":["post-17168","post","type-post","status-publish","format-standard","has-post-thumbnail","hentry","category-cultura"],"_links":{"self":[{"href":"https:\/\/corrientesdetarde.com\/index.php\/wp-json\/wp\/v2\/posts\/17168","targetHints":{"allow":["GET"]}}],"collection":[{"href":"https:\/\/corrientesdetarde.com\/index.php\/wp-json\/wp\/v2\/posts"}],"about":[{"href":"https:\/\/corrientesdetarde.com\/index.php\/wp-json\/wp\/v2\/types\/post"}],"author":[{"embeddable":true,"href":"https:\/\/corrientesdetarde.com\/index.php\/wp-json\/wp\/v2\/users\/3"}],"replies":[{"embeddable":true,"href":"https:\/\/corrientesdetarde.com\/index.php\/wp-json\/wp\/v2\/comments?post=17168"}],"version-history":[{"count":1,"href":"https:\/\/corrientesdetarde.com\/index.php\/wp-json\/wp\/v2\/posts\/17168\/revisions"}],"predecessor-version":[{"id":17170,"href":"https:\/\/corrientesdetarde.com\/index.php\/wp-json\/wp\/v2\/posts\/17168\/revisions\/17170"}],"wp:featuredmedia":[{"embeddable":true,"href":"https:\/\/corrientesdetarde.com\/index.php\/wp-json\/wp\/v2\/media\/17169"}],"wp:attachment":[{"href":"https:\/\/corrientesdetarde.com\/index.php\/wp-json\/wp\/v2\/media?parent=17168"}],"wp:term":[{"taxonomy":"category","embeddable":true,"href":"https:\/\/corrientesdetarde.com\/index.php\/wp-json\/wp\/v2\/categories?post=17168"},{"taxonomy":"post_tag","embeddable":true,"href":"https:\/\/corrientesdetarde.com\/index.php\/wp-json\/wp\/v2\/tags?post=17168"}],"curies":[{"name":"wp","href":"https:\/\/api.w.org\/{rel}","templated":true}]}}