{"id":17171,"date":"2022-11-05T10:10:14","date_gmt":"2022-11-05T13:10:14","guid":{"rendered":"https:\/\/corrientesdetarde.com\/?p=17171"},"modified":"2022-11-05T10:10:17","modified_gmt":"2022-11-05T13:10:17","slug":"messi-no-jugara-este-domingo-en-el-psg-por-una-inflamacion-en-el-tendon","status":"publish","type":"post","link":"https:\/\/corrientesdetarde.com\/index.php\/deportes\/messi-no-jugara-este-domingo-en-el-psg-por-una-inflamacion-en-el-tendon\/","title":{"rendered":"Messi no jugar\u00e1 este domingo en el PSG por una inflamaci\u00f3n en el tend\u00f3n"},"content":{"rendered":"\n<p>As\u00ed lo inform\u00f3 el club franc\u00e9s durante las \u00faltimas horas por intermedio de un parte m\u00e9dico.\u00a0<\/p>\n\n\n\n<p>Lionel Messi encendi\u00f3 las \u00faltimas alarmas que faltaban en la selecci\u00f3n argentina a d\u00edas del Mundial: no jugar\u00e1 este domingo para el Par\u00eds Saint Germain a ra\u00edz de un problema en el tend\u00f3n y ser\u00e1 puesto bajo un tratamiento por &#8220;precauci\u00f3n&#8221;, seg\u00fan difundi\u00f3 el propio club.<\/p>\n\n\n\n<p>&#8220;V\u00edctima de una inflamaci\u00f3n en el tend\u00f3n de Aquiles, Leo Messi permanecer\u00e1 en tratamiento por precauci\u00f3n. Reanudar\u00e1 los entrenamientos colectivos la pr\u00f3xima semana&#8221;, detall\u00f3 el punto m\u00e9dico que difundi\u00f3 en las \u00faltimas horas la entidad francesa.<\/p>\n\n\n\n<p>El capit\u00e1n del equipo argentino faltar\u00e1 a un encuentro del PSG por tercera vez en el semestre, teniendo en cuenta que a comienzos de octubre sufri\u00f3 una molestia en el gemelo ante Benfica por Champions League y decidi\u00f3 descansar ante Reims (0-0) y en la revancha contra los portugueses (1-1).<\/p>\n\n\n\n<p>El PSG visitar\u00e1 este domingo 6 de noviembre al Lorient (desde las 9, hora Argentina) por la 14\u00aa fecha de la Ligue 1, que lo tiene como l\u00edder absoluto con cinco puntos de diferencia sobre su escolta, el Lens. A 15 d\u00edas del inicio del Mundial de Qatar, s\u00f3lo quedar\u00e1 una presentaci\u00f3n posible para la Pulga en Par\u00eds durante este semestre: el domingo 13 recibir\u00e1n al Auxerre por la jornada 15 del torneo.<\/p>\n\n\n\n<p>El punto m\u00e9dico que difundi\u00f3 en este fin de semana el PSG tambi\u00e9n caus\u00f3 preocupaci\u00f3n en otras selecciones, ya que quedaron marginados el costarricense Keylor Navas (dolor de espalda), el franc\u00e9s Presnel Kimpembe y el espa\u00f1ol Fabi\u00e1n Ruiz (lesi\u00f3n en el aductor izquierdo).<\/p>\n\n\n\n<p>Con este panorama, y teniendo en cuenta que la selecci\u00f3n argentina disputar\u00e1 un amistoso previo a la Copa del Mundo el mi\u00e9rcoles 16 de noviembre frente a Emiratos \u00c1rabes Unidos, suena dif\u00edcil que Messi vuelva a ser parte del PSG en este 2022.<\/p>\n\n\n\n<p>La Albiceleste realizar\u00e1 su estreno en Qatar el martes 22 de noviembre en el Lusail Stadium ante Arabia Saudita (desde las 7 de Argentina). Luego seguir\u00e1 su camino en el Grupo C contra M\u00e9xico (s\u00e1bado 26\/11 desde las 16) y frente a Polonia (mi\u00e9rcoles 30\/11 a partir de las 16).<\/p>\n\n\n\n<p>&#8220;Es un mundial diferente, al jugarse en una \u00e9poca diferente a las anteriores. Estamos tan cerquita que cualquier m\u00ednima cosa que te pueda pasar te puede dejar afuera. Como dec\u00edas vos, lo que le pas\u00f3 a Paulo, a Fideo, a nivel personal ya lo preocupa a uno, y despu\u00e9s ver esas cosas te da mas miedo, entre comillas&#8221;, hab\u00eda reconocido Messi en una entrevista con DirecTV que se public\u00f3 hace unas semanas.<\/p>\n\n\n\n<p>El futbolista de 35 a\u00f1os acumul\u00f3 19 presentaciones entre todas las competencias del PSG este semestre y colabor\u00f3 con 12 goles, aunque tambi\u00e9n brind\u00f3 14 asistencias entre Champions y Ligue 1.<\/p>\n\n\n\n<p>El cuerpo t\u00e9cnico que lidera Lionel Scaloni est\u00e1 conviviendo con horas de absoluta preocupaci\u00f3n por la gran tanda de lesionados y jugadores con molestias que tiene la selecci\u00f3n argentina a d\u00edas del arranque del certamen en Medio Oriente. M\u00e1s all\u00e1 de esta situaci\u00f3n del capit\u00e1n, la lupa est\u00e1 colocada sobre el mediocampista de Villarreal Giovani Lo Celso, quien sufri\u00f3 una lesi\u00f3n el pasado fin de semana tras tirar un taco y el lunes se realizar\u00e1 el estudio que definir\u00e1 si debe ser operado o no, lo que lo dejar\u00eda definitivamente afuera de Qatar.<\/p>\n\n\n\n<p>Sin embargo, no es el \u00fanico apellido que plantea temores al equipo de trabajo de Argentina. El otro tema que est\u00e1n siguiendo de cerca es el de Paulo Dybala, en recuperaci\u00f3n por una lesi\u00f3n en el recto femoral izquierdo desde inicios de octubre: en los pr\u00f3ximos d\u00edas se sabr\u00e1 si podr\u00e1 llegar a la Copa del Mundo o no.<\/p>\n\n\n\n<p>Mientras tanto, se aguarda por las reapariciones en Juventus de \u00c1ngel Di Mar\u00eda y Leandro Paredes tras las lesiones que sufrieron semanas atr\u00e1s. Tambi\u00e9n hay expectativa por la situaci\u00f3n de Juan Foyth, quien estuvo marginado por m\u00e1s de dos meses a ra\u00edz de una lesi\u00f3n en la rodilla y reapareci\u00f3 en una citaci\u00f3n del Villarreal entre semana por la UEFA Conference League pero finalmente qued\u00f3 afuera de banco de suplentes.<\/p>\n\n\n\n<p>Tambi\u00e9n se siguen de cerca las situaciones de Marcos Acu\u00f1a, Cuti Romero, Dibu Mart\u00ednez, Germ\u00e1n Pezzella, Guido Rodr\u00edguez y Nicol\u00e1s Gonz\u00e1lez.<\/p>\n","protected":false},"excerpt":{"rendered":"<p>As\u00ed lo inform\u00f3 el club franc\u00e9s durante las \u00faltimas horas por intermedio de un parte m\u00e9dico.\u00a0 Lionel Messi encendi\u00f3 las \u00faltimas alarmas que faltaban en la selecci\u00f3n argentina a d\u00edas&hellip; <\/p>\n","protected":false},"author":3,"featured_media":17172,"comment_status":"closed","ping_status":"open","sticky":false,"template":"","format":"standard","meta":{"footnotes":""},"categories":[4],"tags":[],"class_list":["post-17171","post","type-post","status-publish","format-standard","has-post-thumbnail","hentry","category-deportes"],"_links":{"self":[{"href":"https:\/\/corrientesdetarde.com\/index.php\/wp-json\/wp\/v2\/posts\/17171","targetHints":{"allow":["GET"]}}],"collection":[{"href":"https:\/\/corrientesdetarde.com\/index.php\/wp-json\/wp\/v2\/posts"}],"about":[{"href":"https:\/\/corrientesdetarde.com\/index.php\/wp-json\/wp\/v2\/types\/post"}],"author":[{"embeddable":true,"href":"https:\/\/corrientesdetarde.com\/index.php\/wp-json\/wp\/v2\/users\/3"}],"replies":[{"embeddable":true,"href":"https:\/\/corrientesdetarde.com\/index.php\/wp-json\/wp\/v2\/comments?post=17171"}],"version-history":[{"count":1,"href":"https:\/\/corrientesdetarde.com\/index.php\/wp-json\/wp\/v2\/posts\/17171\/revisions"}],"predecessor-version":[{"id":17173,"href":"https:\/\/corrientesdetarde.com\/index.php\/wp-json\/wp\/v2\/posts\/17171\/revisions\/17173"}],"wp:featuredmedia":[{"embeddable":true,"href":"https:\/\/corrientesdetarde.com\/index.php\/wp-json\/wp\/v2\/media\/17172"}],"wp:attachment":[{"href":"https:\/\/corrientesdetarde.com\/index.php\/wp-json\/wp\/v2\/media?parent=17171"}],"wp:term":[{"taxonomy":"category","embeddable":true,"href":"https:\/\/corrientesdetarde.com\/index.php\/wp-json\/wp\/v2\/categories?post=17171"},{"taxonomy":"post_tag","embeddable":true,"href":"https:\/\/corrientesdetarde.com\/index.php\/wp-json\/wp\/v2\/tags?post=17171"}],"curies":[{"name":"wp","href":"https:\/\/api.w.org\/{rel}","templated":true}]}}