{"id":17177,"date":"2022-11-05T10:13:38","date_gmt":"2022-11-05T13:13:38","guid":{"rendered":"https:\/\/corrientesdetarde.com\/?p=17177"},"modified":"2022-11-05T10:13:41","modified_gmt":"2022-11-05T13:13:41","slug":"trasladaran-a-los-puesteros-del-puerto-para-iniciar-una-megaobra","status":"publish","type":"post","link":"https:\/\/corrientesdetarde.com\/index.php\/informacion-general\/trasladaran-a-los-puesteros-del-puerto-para-iniciar-una-megaobra\/","title":{"rendered":"Trasladar\u00e1n a los puesteros del puerto para iniciar una megaobra"},"content":{"rendered":"\n<p>Restan s\u00f3lo 15 d\u00edas para que los trabajadores de este sector realicen la mudanza. Ayer, el secretario de Desarrollo Econ\u00f3mico municipal, Juan Esteban Maldonado Yonna, fue el encargado de comunicarles oficialmente los detalles de la obra. El martes volver\u00e1n a reunirse.<\/p>\n\n\n\n<p>La decisi\u00f3n est\u00e1 tomada y esta vez no habr\u00e1 mayor resistencia. La Municipalidad de la ciudad de Corrientes comunic\u00f3 a los puesteros del mercado del puerto capitalino que el pr\u00f3ximo s\u00e1bado 19 de noviembre deber\u00e1n dejar sus puestos para ser traslados a un predio de la avenida Gregorio Pomar. El objetivo del Ejecutivo comunal es avanzar con una obra ambiciosa que tendr\u00e1 aproximadamente nueve meses de ejecuci\u00f3n.<\/p>\n\n\n\n<p>A lo largo de las cuatro d\u00e9cadas que tiene el mercado del puerto hubo varios intentos por trasladar a las personas que comercializan diversos productos en ese privilegiado punto de la capital.<\/p>\n\n\n\n<p>En la tarde de ayer, \u00e9poca realiz\u00f3 una recorrida por los puestos y pudo dialogar con algunos trabajadores de este sector.<\/p>\n\n\n\n<figure class=\"wp-block-image\"><img decoding=\"async\" src=\"https:\/\/www.diarioepoca.com\/content\/bucket\/7\/1260157w762h586c.jpg.webp\" alt=\"\"\/><figcaption>ERIKA FUE UNA DE LAS REFERENTES QUE MANTUVO LA REUNI\u00d3N CON MALDONADO YONNA.<\/figcaption><\/figure>\n\n\n\n<p>De acuerdo a los datos oficiales, son 57 los puesteros que se encuentran empadronados all\u00ed. De esa totalidad, y de acuerdo al sondeo de opini\u00f3n que realiz\u00f3 este medio, muchos se encuentran con incertidumbres por lo que ser\u00e1 el futuro inmediato, ya que no saben con lo que se encontrar\u00e1n en el predio ubicado cerca del shopping de esta Capital.<\/p>\n\n\n\n<p>A otros el temor les viene por si volver\u00e1n al puerto una vez terminada la obra que encarar\u00e1 el Ejecutivo comunal.<\/p>\n\n\n\n<figure class=\"wp-block-image\"><img decoding=\"async\" src=\"https:\/\/www.diarioepoca.com\/content\/bucket\/8\/1260158w762h518c.jpg.webp\" alt=\"\"\/><figcaption>LOS PUESTEROS DEL PUERTO CON INCERTIDUMBRE.<\/figcaption><\/figure>\n\n\n\n<p>Erika Romero fue una de las puesteras que mantuvo contacto con el secretario de Desarrollo Econ\u00f3mico municipal, Juan Esteban Maldonado Yonna. En di\u00e1logo con \u00e9poca, la mujer inform\u00f3 que el funcionario convoc\u00f3 a un encuentro que se desarroll\u00f3 ayer por la ma\u00f1ana. En esa reuni\u00f3n les inform\u00f3 el proyecto que tiene en mente el Municipio.<\/p>\n\n\n\n<p>Si bien los trabajadores ya ten\u00edan una versi\u00f3n extraoficial, ayer se formaliz\u00f3 la obra que pretende realizar la Comuna en la zona portuaria.<\/p>\n\n\n\n<figure class=\"wp-block-image\"><img decoding=\"async\" src=\"https:\/\/www.diarioepoca.com\/content\/bucket\/9\/1260159w762h518c.jpg.webp\" alt=\"\"\/><figcaption>BRUNO CREE QUE LA OBRA LOS BENEFICIAR\u00c1.<\/figcaption><\/figure>\n\n\n\n<p>&#8220;Maldonado Yonna nos brind\u00f3 detalles de la obra, nos mostr\u00f3 planos y all\u00ed pudimos interiorizarnos. Tendr\u00e1 una planta baja y dos pisos. De acuerdo a lo que nos manifest\u00f3, los 57 puesteros que estamos ac\u00e1 vamos a mantener los puestos en el puerto, una vez que est\u00e9 finalizada la obra. Adem\u00e1s de contar con puestos m\u00e1s confortables, en el primer piso habr\u00e1 un sector dedicado a la gastronom\u00eda&#8221;, coment\u00f3 Romero al equipo period\u00edstico de \u00e9poca.<\/p>\n\n\n\n<p>Con respecto al tiempo de obra, comunic\u00f3 que se estima que aproximadamente en nueve meses debe estar concluido el trabajo. &#8220;En nueve meses debemos retomar nuestros puestos. Hubo varios intentos y en esta oportunidad, m\u00e1s all\u00e1 del temor l\u00f3gico, creo que la mayor\u00eda est\u00e1 esperanzado en que el futuro ser\u00e1 para bien&#8221;, dijo la mujer.<\/p>\n\n\n\n<figure class=\"wp-block-image\"><img decoding=\"async\" src=\"https:\/\/www.diarioepoca.com\/content\/bucket\/0\/1260160w762h518c.jpg.webp\" alt=\"\"\/><figcaption>EN NUEVE MESES EL PUERTO TENDR\u00c1 OTRA FISONOM\u00cdA.<\/figcaption><\/figure>\n\n\n\n<p>En cuanto al traslado al predio de avenida Pomar, Romero coment\u00f3 que en principio ser\u00eda el s\u00e1bado 19 de noviembre. &#8220;Todav\u00eda tenemos pendiente un nuevo encuentro con las autoridades municipales. La misma ser\u00e1 el pr\u00f3ximo martes. Por esta raz\u00f3n, el lunes a las 9, los puesteros mantendremos una reuni\u00f3n para definir c\u00f3mo ser\u00e1 el traslado. Si contaremos con camiones de la municipalidad de Corrientes para trasladar nuestros productos y estructuras y otros detalles que planteen los compa\u00f1eros en relaci\u00f3n al retorno al puerto o los nueve meses que vamos a estar en avenida Pomar&#8221;, concluy\u00f3 Romero.<\/p>\n\n\n\n<p>Por su parte, Bruno manifest\u00f3 que est\u00e1 de acuerdo con la construcci\u00f3n de un nuevo lugar de trabajo. &#8220;Somos conscientes que este lugar merece ser refaccionado&#8221;, enfatiz\u00f3 el joven.<\/p>\n","protected":false},"excerpt":{"rendered":"<p>Restan s\u00f3lo 15 d\u00edas para que los trabajadores de este sector realicen la mudanza. Ayer, el secretario de Desarrollo Econ\u00f3mico municipal, Juan Esteban Maldonado Yonna, fue el encargado de comunicarles&hellip; <\/p>\n","protected":false},"author":3,"featured_media":17178,"comment_status":"closed","ping_status":"open","sticky":false,"template":"","format":"standard","meta":{"footnotes":""},"categories":[1],"tags":[],"class_list":["post-17177","post","type-post","status-publish","format-standard","has-post-thumbnail","hentry","category-informacion-general"],"_links":{"self":[{"href":"https:\/\/corrientesdetarde.com\/index.php\/wp-json\/wp\/v2\/posts\/17177","targetHints":{"allow":["GET"]}}],"collection":[{"href":"https:\/\/corrientesdetarde.com\/index.php\/wp-json\/wp\/v2\/posts"}],"about":[{"href":"https:\/\/corrientesdetarde.com\/index.php\/wp-json\/wp\/v2\/types\/post"}],"author":[{"embeddable":true,"href":"https:\/\/corrientesdetarde.com\/index.php\/wp-json\/wp\/v2\/users\/3"}],"replies":[{"embeddable":true,"href":"https:\/\/corrientesdetarde.com\/index.php\/wp-json\/wp\/v2\/comments?post=17177"}],"version-history":[{"count":1,"href":"https:\/\/corrientesdetarde.com\/index.php\/wp-json\/wp\/v2\/posts\/17177\/revisions"}],"predecessor-version":[{"id":17179,"href":"https:\/\/corrientesdetarde.com\/index.php\/wp-json\/wp\/v2\/posts\/17177\/revisions\/17179"}],"wp:featuredmedia":[{"embeddable":true,"href":"https:\/\/corrientesdetarde.com\/index.php\/wp-json\/wp\/v2\/media\/17178"}],"wp:attachment":[{"href":"https:\/\/corrientesdetarde.com\/index.php\/wp-json\/wp\/v2\/media?parent=17177"}],"wp:term":[{"taxonomy":"category","embeddable":true,"href":"https:\/\/corrientesdetarde.com\/index.php\/wp-json\/wp\/v2\/categories?post=17177"},{"taxonomy":"post_tag","embeddable":true,"href":"https:\/\/corrientesdetarde.com\/index.php\/wp-json\/wp\/v2\/tags?post=17177"}],"curies":[{"name":"wp","href":"https:\/\/api.w.org\/{rel}","templated":true}]}}