{"id":172057,"date":"2024-11-11T10:46:24","date_gmt":"2024-11-11T13:46:24","guid":{"rendered":"https:\/\/corrientesdetarde.com\/?p=172057"},"modified":"2024-11-11T10:46:29","modified_gmt":"2024-11-11T13:46:29","slug":"un-gemelo-digital-de-la-basilica-de-san-pedro-permite-hurgar-en-todos-sus-secretos","status":"publish","type":"post","link":"https:\/\/corrientesdetarde.com\/index.php\/informacion-general\/un-gemelo-digital-de-la-basilica-de-san-pedro-permite-hurgar-en-todos-sus-secretos\/","title":{"rendered":"Un \u201cgemelo digital\u201d de la bas\u00edlica de San Pedro permite hurgar en todos sus secretos"},"content":{"rendered":"\n<p><\/p>\n\n\n\n<p>La<strong>&nbsp;bas\u00edlica de San Pedro<\/strong>&nbsp;tiene desde hoy un&nbsp;<strong>\u201cgemelo digital\u201d&nbsp;<\/strong>realizado gracias a la Inteligencia Artificial (IA) con una gran cantidad de datos que se tard\u00f3 dos a\u00f1os y medio en recoger y analizar. Ahora estar\u00e1 disponible para que se puedan observar sus detalles, sus secretos y su transformaci\u00f3n a lo largo de los siglos.E<\/p>\n\n\n\n<p>El proyecto titulado \u201cLa bas\u00edlica de San Pedro&nbsp;<em>AI-Enhanced Experience<\/em>\u201d fue realizado por la empresa francesa Iconem, experta en conservaci\u00f3n digital del patrimonio art\u00edstico de zonas de guerra y el modelo de IA del gigante Microsoft y se podr\u00e1 ver en una nueva p\u00e1gina web, en una app y en una exposici\u00f3n situada en una de las terrazas del templo.<\/p>\n\n\n\n<figure class=\"wp-block-image\"><img decoding=\"async\" src=\"https:\/\/tn.com.ar\/resizer\/v2\/https%3A%2F%2Fthumbs.vodgc.net%2F1-14-0NJFQI1731330211287_480P.jpg?auth=58a256953d34199506c21d1f345e20d2a9725a95cbc51f35bca6f0852e5e8018&amp;width=767\" alt=\"Video Placeholder\"\/><\/figure>\n\n\n\n<p>El clon digital que permite conocer todos sus secretos.<\/p>\n\n\n\n<p>Si para construir la bas\u00edlica vaticana hicieron falta 120 a\u00f1os, \u201cpara capturar, gracias a fotograf\u00edas y drones que sobrevolaron durante d\u00edas a su cierre cada mil\u00edmetro de su superficie han sido necesarios dos a\u00f1os y medio y se han realizado<strong>&nbsp;400.000 fotograf\u00edas<\/strong>&nbsp;en alta definici\u00f3n que despu\u00e9s gracias a la IA compusieron el enorme puzzle\u201d, explic\u00f3 el presidente de Microsoft, Brad Smith.<\/p>\n\n\n\n<p>\u201dNinguna generaci\u00f3n ha podido hasta ahora observar as\u00ed la bas\u00edlica,<strong>&nbsp;desde las tumbas, su subsuelo, hasta la c\u00fapula<\/strong>&nbsp;y comprender su importancia y adem\u00e1s ofrecerlo a todo el mundo a trav\u00e9s de la pagina web. Es un proyecto que vivir\u00e1 para siempre\u201d, agreg\u00f3 Smith.<\/p>\n\n\n\n<figure class=\"wp-block-image\"><img decoding=\"async\" src=\"https:\/\/tn.com.ar\/resizer\/v2\/st-peters-basilica-ai-enhanced-experience-foto-andreas-solaro-afp-HYFYHJZ7TVHYDOYI3QQZVDM7EU.jpg?auth=6d83263b4021962b7bc7373a5c2a429492dfe2a4b221ebb54b06dd58ac617038&amp;width=767\" alt=\"&quot;St. Peter's Basilica AI-Enhanced experience&quot; (Foto: Andreas SOLARO \/ AFP) \"\/><figcaption class=\"wp-element-caption\">&#8220;St. Peter&#8217;s Basilica AI-Enhanced experience&#8221; (Foto: Andreas SOLARO \/ AFP)<\/figcaption><\/figure>\n\n\n\n<p>Estas nuevas tecnolog\u00edas permitir\u00e1n a peregrinos y visitantes de todo el mundo admirar e interactuar con la bas\u00edlica de San Pedro, all\u00ed donde el ojo no llega, \u201cy redescubrir su historia y su papel de coraz\u00f3n del cristianismo\u201d, dijo el arcipreste de la bas\u00edlica vaticana, el cardenal Mauro Mauro Gambetti. \u201cY cada detalle de las obras genios como Bramante y Miguel \u00c1ngel, Bernini y Rafael, Maderno y Canova (y muchos otros) podr\u00e1n ser explorados y estudiados como nunca\u201d, a\u00f1adi\u00f3.<\/p>\n\n\n\n<p>Adem\u00e1s, explic\u00f3 el cardenal, con las nuevas tecnolog\u00edas y la nueva p\u00e1gina web -que dar\u00e1 la posibilidad de reservar algunas nuevas experiencias 3D- se podr\u00e1&nbsp;<strong>mejorar el flujo de los cerca 50.000 visitantes&nbsp;<\/strong>que acceden cada d\u00eda al recinto.<\/p>\n\n\n\n<h2 class=\"wp-block-heading\">La IA tambi\u00e9n sirve para mantener y prevenir problemas en la bas\u00edlica<\/h2>\n\n\n\n<p>Gracias a la IA se ha podido penetrar en las obras de arte de la bas\u00edlica, para&nbsp;<strong>observar su realizaci\u00f3n<\/strong>, comprobar los pasos de elaboraci\u00f3n de la magnifica c\u00fapula y reconstruir el paso del tiempo en la colina vaticana.<\/p>\n\n\n\n<figure class=\"wp-block-image\"><img decoding=\"async\" src=\"https:\/\/tn.com.ar\/resizer\/v2\/st-peters-basilica-ai-enhanced-experience-foto-andreas-solaro-afp-NILSAFEJVBBCZAQNYTWBW636FE.jpg?auth=8de8c238cd5955365620a03a2b21bc31b5dea0a12b69a2abe1aa1d497841a72d&amp;width=767\" alt=\"&quot;St. Peter's Basilica AI-Enhanced experience&quot; (Foto: Andreas SOLARO \/ AFP) \"\/><figcaption class=\"wp-element-caption\">&#8220;St. Peter&#8217;s Basilica AI-Enhanced experience&#8221; (Foto: Andreas SOLARO \/ AFP)<\/figcaption><\/figure>\n\n\n\n<p>Adem\u00e1s, en este caso, la IA ayud\u00f3 a&nbsp;<strong>detectar y mapear las vulnerabilidades estructurales de la bas\u00edlica<\/strong>, como grietas y algunas teselas de los mosaicos que se han desprendido, para guiar mejor los futuros trabajos de conservaci\u00f3n y Gamberti cit\u00f3 \u201calgunos nidos de ara\u00f1as\u201d que habr\u00e1 que eliminar.<\/p>\n\n\n\n<p>El estudio de dise\u00f1o lituano Dadada se encarg\u00f3 de la exposici\u00f3n inmersiva en la bas\u00edlica de San Pedro que ofrecer\u00e1 a peregrinos y visitantes una combinaci\u00f3n \u00fanica de conocimientos hist\u00f3ricos y exploraciones digitales, mostrando aspectos clave en la evoluci\u00f3n de la Bas\u00edlica a lo largo de los siglos.<\/p>\n\n\n\n<p>Esta<strong>&nbsp;exposici\u00f3n permanente, digital y presencial,<\/strong>&nbsp;se inaugurar\u00e1 con motivo del Jubileo de 2025, que se estima atraer\u00e1 a Roma alrededor de 30 millones de visitantes m\u00e1s. Y desde enero Microsoft lanzar\u00e1 una versi\u00f3n de su juego muy popular entre los m\u00e1s j\u00f3venes Minecraft ambientado en el Vaticano para formar a los Miguel Angel del futuro.<\/p>\n","protected":false},"excerpt":{"rendered":"<p>La&nbsp;bas\u00edlica de San Pedro&nbsp;tiene desde hoy un&nbsp;\u201cgemelo digital\u201d&nbsp;realizado gracias a la Inteligencia Artificial (IA) con una gran cantidad de datos que se tard\u00f3 dos a\u00f1os y medio en recoger y&hellip; <\/p>\n","protected":false},"author":12,"featured_media":172059,"comment_status":"closed","ping_status":"open","sticky":false,"template":"","format":"standard","meta":{"footnotes":""},"categories":[1],"tags":[],"class_list":["post-172057","post","type-post","status-publish","format-standard","has-post-thumbnail","hentry","category-informacion-general"],"_links":{"self":[{"href":"https:\/\/corrientesdetarde.com\/index.php\/wp-json\/wp\/v2\/posts\/172057","targetHints":{"allow":["GET"]}}],"collection":[{"href":"https:\/\/corrientesdetarde.com\/index.php\/wp-json\/wp\/v2\/posts"}],"about":[{"href":"https:\/\/corrientesdetarde.com\/index.php\/wp-json\/wp\/v2\/types\/post"}],"author":[{"embeddable":true,"href":"https:\/\/corrientesdetarde.com\/index.php\/wp-json\/wp\/v2\/users\/12"}],"replies":[{"embeddable":true,"href":"https:\/\/corrientesdetarde.com\/index.php\/wp-json\/wp\/v2\/comments?post=172057"}],"version-history":[{"count":1,"href":"https:\/\/corrientesdetarde.com\/index.php\/wp-json\/wp\/v2\/posts\/172057\/revisions"}],"predecessor-version":[{"id":172060,"href":"https:\/\/corrientesdetarde.com\/index.php\/wp-json\/wp\/v2\/posts\/172057\/revisions\/172060"}],"wp:featuredmedia":[{"embeddable":true,"href":"https:\/\/corrientesdetarde.com\/index.php\/wp-json\/wp\/v2\/media\/172059"}],"wp:attachment":[{"href":"https:\/\/corrientesdetarde.com\/index.php\/wp-json\/wp\/v2\/media?parent=172057"}],"wp:term":[{"taxonomy":"category","embeddable":true,"href":"https:\/\/corrientesdetarde.com\/index.php\/wp-json\/wp\/v2\/categories?post=172057"},{"taxonomy":"post_tag","embeddable":true,"href":"https:\/\/corrientesdetarde.com\/index.php\/wp-json\/wp\/v2\/tags?post=172057"}],"curies":[{"name":"wp","href":"https:\/\/api.w.org\/{rel}","templated":true}]}}