{"id":172108,"date":"2024-11-11T13:54:24","date_gmt":"2024-11-11T16:54:24","guid":{"rendered":"https:\/\/corrientesdetarde.com\/?p=172108"},"modified":"2024-11-11T13:54:36","modified_gmt":"2024-11-11T16:54:36","slug":"cardozo-se-reunio-con-referentes-de-ops-y-salud-de-nacion","status":"publish","type":"post","link":"https:\/\/corrientesdetarde.com\/index.php\/bienestar-y-salud\/cardozo-se-reunio-con-referentes-de-ops-y-salud-de-nacion\/","title":{"rendered":"Cardozo se reuni\u00f3 con referentes de OPS y Salud de Naci\u00f3n"},"content":{"rendered":"\n<p><em>En el encuentro se avanz\u00f3 en la recertificaci\u00f3n de la provincia libre de transmisi\u00f3n vectorial de Chagas con autoridades de la Organizaci\u00f3n Panamericana de la Salud.<\/em><\/p>\n\n\n\n<p>En la Sala de Situaci\u00f3n del Ministerio de Salud P\u00fablica, se realiz\u00f3 una reuni\u00f3n para la recertificaci\u00f3n de la provincia libre de transmisi\u00f3n de Chagas. Fue presidida por el ministro Ricardo Cardozo y coordinada por la directora general de Epidemiolog\u00eda, Angelina Bobadilla.&nbsp;Estuvieron presentes la Consultora T\u00e9cnica en la Organizaci\u00f3n Panamericana de la Salud (OPS), Mar\u00eda Florencia P\u00e9rez y, la Coordinadora del Programa Nacional de Chagas de la Direcci\u00f3n de Control de Enfermedades Transmitidas por Vectores del Ministerio de Salud de la Naci\u00f3n, Yael Provecho.<\/p>\n\n\n\n<p>\u201cQuiero agradecer profundamente el acompa\u00f1amiento para conseguir esta meta. Es una enfermedad que tiene una gran carga social, sobre todo en los m\u00e1s vulnerables\u201d, dijo el ministro de Salud P\u00fablica, Ricardo Cardozo.&nbsp;<\/p>\n\n\n\n<p>Adem\u00e1s, el titular de la cartera sanitaria aprovech\u00f3 para felicitar al equipo provincial que trabaja en este tema. En este sentido, expres\u00f3 que \u201ctengo que agradecer el compromiso, nos llena de orgullo la tarea que realizan y lo que ya se consigui\u00f3 \u2013certificaci\u00f3n- porque se demuestra todo el trabajo que hicieron por la gente\u201d.<\/p>\n\n\n\n<p>La directora general de Epidemiolog\u00eda, Angelina Bobadilla, sostuvo que \u201cestamos en la recta final para la recertificaci\u00f3n y estamos muy agradecidos desde la Provincia por la presencia de las referentes\u201d.&nbsp;<\/p>\n\n\n\n<p>Por su parte, la consultora de la OPS, Florencia P\u00e9rez, coment\u00f3 que \u201cestamos trabajando para la elaboraci\u00f3n de informes para la recertificaci\u00f3n\u201d. Precis\u00f3 que \u201cprimero se revisan los indicadores que solicita la OPS\/OMS y se compara con los indicadores provinciales para luego avanzar en l\u00edneas de trabajo puntual y alcanzar la meta\u201d.&nbsp;<\/p>\n\n\n\n<p>\u201cCuando la provincia considere, se har\u00e1 la evaluaci\u00f3n y el posterior informe al cual vamos a apoyar en su elaboraci\u00f3n\u201d, indic\u00f3.&nbsp;<\/p>\n\n\n\n<p>A la vez, desde Salud de la Naci\u00f3n, Yael Provecho dijo que \u201cvemos c\u00f3mo est\u00e1 la provincia y en funci\u00f3n de las necesidades se genera una planificaci\u00f3n\u201d. Precis\u00f3 que \u201cse hace un documento \u00fanico con las provincias que est\u00e1n para presentar la certificaci\u00f3n o recertificaci\u00f3n en la OPS. Esto ser\u00eda a mediados del a\u00f1o que viene, mientras tanto se avanza con ellas y se acompa\u00f1a como lo venimos haciendo hace mucho tiempo. Corrientes se encuentra bastante bien\u201d.&nbsp;<\/p>\n\n\n\n<p>Tambi\u00e9n, recordaron la validaci\u00f3n que la provincia logr\u00f3 en el a\u00f1o 2018 y que, al tener experiencia cercana en el tiempo, hace que la tarea sea m\u00e1s f\u00e1cil.&nbsp;<\/p>\n\n\n\n<p>Todo este desempe\u00f1o, tiene el objetivo de disminuir los riesgos sanitarios. Al respecto remarcaron que \u201cse intenta impactar en la calidad de la salud de las personas\u201d y \u201cdemostrar c\u00f3mo se viene trabajando en la salud de las poblaciones\u201d.&nbsp;<\/p>\n\n\n\n<p>La enfermedad de Chagas es una afecci\u00f3n parasitaria, sist\u00e9mica, cr\u00f3nica, transmitida por vectores y causada por el protozoario Trypanosoma cruzi, con una firme vinculaci\u00f3n con aspectos socioecon\u00f3micos y culturales deficitarios. Es una patolog\u00eda end\u00e9mica en 21 pa\u00edses de Am\u00e9rica, aunque las migraciones de personas infectadas pueden llevarla a pa\u00edses no end\u00e9micos de Am\u00e9rica y el Mundo.<\/p>\n\n\n\n<p>El principal mecanismo de transmisi\u00f3n es vectorial, por hem\u00edpteros (chinches), de la subfamilia Triatominae (con alimentaci\u00f3n hemat\u00f3faga). Infecta a personas expuestas a su picadura, al depositar sus heces contaminadas en heridas de la piel o sobre mucosas. Otras modalidades de transmisi\u00f3n son transfusional, cong\u00e9nita, trasplantes de \u00f3rganos u oral. Aunque la mortalidad ha disminuido significativamente, la enfermedad puede causar consecuencias irreversibles y cr\u00f3nicas en el coraz\u00f3n, el sistema digestivo y el sistema nervioso.<\/p>\n\n\n\n<p><\/p>\n\n\n\n<figure class=\"wp-block-image size-large\"><img loading=\"lazy\" decoding=\"async\" width=\"1024\" height=\"768\" src=\"https:\/\/corrientesdetarde.com\/wp-content\/uploads\/2024\/11\/image-340-1024x768.png\" alt=\"\" class=\"wp-image-172109\" srcset=\"https:\/\/corrientesdetarde.com\/wp-content\/uploads\/2024\/11\/image-340-1024x768.png 1024w, https:\/\/corrientesdetarde.com\/wp-content\/uploads\/2024\/11\/image-340-300x225.png 300w, https:\/\/corrientesdetarde.com\/wp-content\/uploads\/2024\/11\/image-340-768x576.png 768w, https:\/\/corrientesdetarde.com\/wp-content\/uploads\/2024\/11\/image-340.png 1280w\" sizes=\"auto, (max-width: 1024px) 100vw, 1024px\" \/><\/figure>\n\n\n\n<p><\/p>\n\n\n\n<p><\/p>\n","protected":false},"excerpt":{"rendered":"<p>En el encuentro se avanz\u00f3 en la recertificaci\u00f3n de la provincia libre de transmisi\u00f3n vectorial de Chagas con autoridades de la Organizaci\u00f3n Panamericana de la Salud. En la Sala de&hellip; <\/p>\n","protected":false},"author":8,"featured_media":172110,"comment_status":"closed","ping_status":"open","sticky":false,"template":"","format":"standard","meta":{"footnotes":""},"categories":[16],"tags":[],"class_list":["post-172108","post","type-post","status-publish","format-standard","has-post-thumbnail","hentry","category-bienestar-y-salud"],"_links":{"self":[{"href":"https:\/\/corrientesdetarde.com\/index.php\/wp-json\/wp\/v2\/posts\/172108","targetHints":{"allow":["GET"]}}],"collection":[{"href":"https:\/\/corrientesdetarde.com\/index.php\/wp-json\/wp\/v2\/posts"}],"about":[{"href":"https:\/\/corrientesdetarde.com\/index.php\/wp-json\/wp\/v2\/types\/post"}],"author":[{"embeddable":true,"href":"https:\/\/corrientesdetarde.com\/index.php\/wp-json\/wp\/v2\/users\/8"}],"replies":[{"embeddable":true,"href":"https:\/\/corrientesdetarde.com\/index.php\/wp-json\/wp\/v2\/comments?post=172108"}],"version-history":[{"count":1,"href":"https:\/\/corrientesdetarde.com\/index.php\/wp-json\/wp\/v2\/posts\/172108\/revisions"}],"predecessor-version":[{"id":172111,"href":"https:\/\/corrientesdetarde.com\/index.php\/wp-json\/wp\/v2\/posts\/172108\/revisions\/172111"}],"wp:featuredmedia":[{"embeddable":true,"href":"https:\/\/corrientesdetarde.com\/index.php\/wp-json\/wp\/v2\/media\/172110"}],"wp:attachment":[{"href":"https:\/\/corrientesdetarde.com\/index.php\/wp-json\/wp\/v2\/media?parent=172108"}],"wp:term":[{"taxonomy":"category","embeddable":true,"href":"https:\/\/corrientesdetarde.com\/index.php\/wp-json\/wp\/v2\/categories?post=172108"},{"taxonomy":"post_tag","embeddable":true,"href":"https:\/\/corrientesdetarde.com\/index.php\/wp-json\/wp\/v2\/tags?post=172108"}],"curies":[{"name":"wp","href":"https:\/\/api.w.org\/{rel}","templated":true}]}}