{"id":172353,"date":"2024-11-12T09:09:10","date_gmt":"2024-11-12T12:09:10","guid":{"rendered":"https:\/\/corrientesdetarde.com\/?p=172353"},"modified":"2024-11-12T09:09:29","modified_gmt":"2024-11-12T12:09:29","slug":"caso-chirino-finalizaron-los-alegatos-y-el-21-de-noviembre-se-conocera-la-sentencia","status":"publish","type":"post","link":"https:\/\/corrientesdetarde.com\/index.php\/informacion-general\/caso-chirino-finalizaron-los-alegatos-y-el-21-de-noviembre-se-conocera-la-sentencia\/","title":{"rendered":"Caso Chirino: finalizaron los alegatos y el 21 de noviembre se conocer\u00e1 la sentencia"},"content":{"rendered":"\n<p><\/p>\n\n\n\n<p><\/p>\n\n\n\n<p>El juicio por la muerte del subteniente Mat\u00edas Chirino, quien falleci\u00f3 tras un presunto ritual de iniciaci\u00f3n en el Grupo de Artiller\u00eda de Monte 3 en Paso de los Libres, Corrientes, continu\u00f3&nbsp;con la \u00faltima ronda de alegatos este lunes.<\/p>\n\n\n\n<p>Tras las palabras de la defensa que&nbsp;<strong>solicitaron la absoluci\u00f3n de los acusados<\/strong>, &nbsp;se determin\u00f3 que el veredicto final se dictar\u00e1 en&nbsp;<strong>d\u00eda 21 de noviembre.&nbsp;<\/strong><\/p>\n\n\n\n<p>El juicio para determinar las responsabilidades penales que recaen sobre los nueve militares procesados, comenz\u00f3 a principios de octubre y durante la \u00faltima semana del mes presentaron sus argumentos tanto la Fiscal\u00eda como la querella.<\/p>\n\n\n\n<p>Por su parte, la Fiscal\u00eda solicit\u00f3&nbsp;<strong>penas de 20 a\u00f1os<\/strong>&nbsp;de prisi\u00f3n para los coautores del hecho, mientras que la defensa de la familia Chirino \u2014representadas por los Dres. Ricardo Belbruno, Leonardo Monti, Eugenio Vezzaro, Mariano Eduardo Lizardo, Claudia S\u00e1nchez, Mar\u00eda Altamirano, Armando Aquino Britos, Jonas Amir G\u00f3mez, Mat\u00edas Aquino Viudes\u2014, pidi\u00f3 una condena de 21 a\u00f1os para los acusados.<\/p>\n\n\n\n<p>Por la muerte de Chirino, se encuentran acusados los capitanes&nbsp;<strong>Claudio Andr\u00e9s Luna<\/strong>&nbsp;(37),&nbsp;<strong>Rub\u00e9n Dar\u00edo Ruiz<\/strong>&nbsp;(37) y&nbsp;<strong>Hugo Reclus Mart\u00ednez Tarraga<\/strong>&nbsp;(36); los tenientes&nbsp;<strong>Dar\u00edo Emmanuel Mart\u00ednez<\/strong>&nbsp;(33) y&nbsp;<strong>Exequiel Emmanuel Aguilar<\/strong>&nbsp;(33); y los subtenientes&nbsp;<strong>Facundo Luis Acosta<\/strong>&nbsp;(28) y&nbsp;<strong>Gerardo Sebasti\u00e1n Bautista<\/strong>&nbsp;(33), todos bajo la figura de \u201cHomicidio Simple\u201d y \u201cAbuso de Autoridad\u201d; mientras que la subteniente&nbsp;<strong>Claudia Daniela Cayata<\/strong>&nbsp;(36) y el teniente&nbsp;<strong>Franco Dami\u00e1n Grupico<\/strong>&nbsp;(28) est\u00e1n se\u00f1alados como part\u00edcipes secundarios de la muerte del Subteniente.<\/p>\n","protected":false},"excerpt":{"rendered":"<p>El juicio por la muerte del subteniente Mat\u00edas Chirino, quien falleci\u00f3 tras un presunto ritual de iniciaci\u00f3n en el Grupo de Artiller\u00eda de Monte 3 en Paso de los Libres,&hellip; <\/p>\n","protected":false},"author":1,"featured_media":172367,"comment_status":"closed","ping_status":"open","sticky":false,"template":"","format":"standard","meta":{"footnotes":""},"categories":[5,1],"tags":[],"class_list":["post-172353","post","type-post","status-publish","format-standard","has-post-thumbnail","hentry","category-crimen-y-justicia","category-informacion-general"],"_links":{"self":[{"href":"https:\/\/corrientesdetarde.com\/index.php\/wp-json\/wp\/v2\/posts\/172353","targetHints":{"allow":["GET"]}}],"collection":[{"href":"https:\/\/corrientesdetarde.com\/index.php\/wp-json\/wp\/v2\/posts"}],"about":[{"href":"https:\/\/corrientesdetarde.com\/index.php\/wp-json\/wp\/v2\/types\/post"}],"author":[{"embeddable":true,"href":"https:\/\/corrientesdetarde.com\/index.php\/wp-json\/wp\/v2\/users\/1"}],"replies":[{"embeddable":true,"href":"https:\/\/corrientesdetarde.com\/index.php\/wp-json\/wp\/v2\/comments?post=172353"}],"version-history":[{"count":1,"href":"https:\/\/corrientesdetarde.com\/index.php\/wp-json\/wp\/v2\/posts\/172353\/revisions"}],"predecessor-version":[{"id":172368,"href":"https:\/\/corrientesdetarde.com\/index.php\/wp-json\/wp\/v2\/posts\/172353\/revisions\/172368"}],"wp:featuredmedia":[{"embeddable":true,"href":"https:\/\/corrientesdetarde.com\/index.php\/wp-json\/wp\/v2\/media\/172367"}],"wp:attachment":[{"href":"https:\/\/corrientesdetarde.com\/index.php\/wp-json\/wp\/v2\/media?parent=172353"}],"wp:term":[{"taxonomy":"category","embeddable":true,"href":"https:\/\/corrientesdetarde.com\/index.php\/wp-json\/wp\/v2\/categories?post=172353"},{"taxonomy":"post_tag","embeddable":true,"href":"https:\/\/corrientesdetarde.com\/index.php\/wp-json\/wp\/v2\/tags?post=172353"}],"curies":[{"name":"wp","href":"https:\/\/api.w.org\/{rel}","templated":true}]}}