{"id":172379,"date":"2024-11-12T09:52:31","date_gmt":"2024-11-12T12:52:31","guid":{"rendered":"https:\/\/corrientesdetarde.com\/?p=172379"},"modified":"2024-11-12T09:52:35","modified_gmt":"2024-11-12T12:52:35","slug":"dengue-8-jurisdicciones-que-volvieron-a-registrar-casos-autoctonos","status":"publish","type":"post","link":"https:\/\/corrientesdetarde.com\/index.php\/bienestar-y-salud\/dengue-8-jurisdicciones-que-volvieron-a-registrar-casos-autoctonos\/","title":{"rendered":"Dengue: 8 jurisdicciones que volvieron a registrar casos aut\u00f3ctonos"},"content":{"rendered":"\n<p>El dengue produjo la peor epidemia de la que se tiene registro en la Argentina, entre agosto del a\u00f1o pasado y julio de 2024. Murieron 419 personas. Nunca hab\u00edan fallecido tantos afectados en una temporada.<\/p>\n\n\n\n<p>&nbsp;<br>Ahora, en primavera, en un per\u00edodo en el que el Servicio Meteorol\u00f3gico Nacional ha pronosticado que puede haber temperaturas por encima de lo normal, ya se empezaron a registrar casos aut\u00f3ctonos en 8 jurisdicciones, las que hab\u00eda advertido un freno en la circulaci\u00f3n del virus durante el invierno. Por el momento, son considerados casos aislados.<\/p>\n\n\n\n<p>&nbsp;<br>De acuerdo con el \u00faltimo Bolet\u00edn Epidemiol\u00f3gico del Ministerio de Salud de la Naci\u00f3n, en la Ciudad de Buenos Aires se registr\u00f3 un caso de una persona con dengue aut\u00f3ctono en la semana del 20 de octubre. Ten\u00eda el serotipo DEN-1 y reside en la Comuna 3, que est\u00e1 integrada por los barrios de Balvanera y San Crist\u00f3bal.<\/p>\n\n\n\n<p>En la provincia de Buenos Aires tambi\u00e9n confirm\u00f3 un caso con serotipo DEN-1 en octubre. La persona afectada fue atendida en la Capital Federal, pero vive en el partido de La Matanza.<\/p>\n\n\n\n<p>&nbsp;<br>En tanto, en la provincia de C\u00f3rdoba, hubo dos casos confirmados con el serotipo DEN-1. Otro caso de dengue fue reportado en el departamento Cruz Alta, Tucum\u00e1n.<\/p>\n\n\n\n<p>Se notificaron tambi\u00e9n dos casos recientes sin antecedentes de viaje en las provincias de Salta y Santa Fe. El primero correspondi\u00f3 al serotipo DEN-2 y reside en el departamento de Capital. Mientras que el segundo, se identific\u00f3 en el departamento de Castellanos con serotipo DEN-1.<\/p>\n\n\n\n<p>En la provincia de Entre R\u00edos, se ha registrado un caso confirmado de dengue sin antecedentes de viaje en la semana del 27 de octubre. La persona reside en el departamento de Concordia. Mientras que en Mendoza se notificaron 2 casos en diferentes semanas de octubre.<\/p>\n\n\n\n<p>Adem\u00e1s de esas jurisdicciones, dos provincias tambi\u00e9n tienen circulaci\u00f3n aut\u00f3ctona. Son Chaco y Formosa, donde la transmisi\u00f3n no se fren\u00f3 en el invierno pasado.<\/p>\n\n\n\n<p>Durante esta temporada, en Chaco se notificaron afectados por dengue en la mayor\u00eda de las semanas epidemiol\u00f3gicas. El 47% de los casos confirmados y probables fueron registrados en el departamento de San Fernando. Los contagios restantes est\u00e1n distribuidos en otros 12 departamentos de la provincia.<\/p>\n\n\n\n<p>En lo que se refiere a Formosa, se han reportado un total de 92 casos confirmados de dengue durante esta temporada. Se identific\u00f3 el serotipo DEN-2 en 44 afectados y el serotipo DEN-1 en 6 contagios. Los infectados residen principalmente en los departamentos de Capital, Pati\u00f1o, Pilag\u00e1s y Pilcomayo.<\/p>\n\n\n\n<p>En di\u00e1logo con Infobae, la doctora Elizabet Estallo, investigadora en ecolog\u00eda y distribuci\u00f3n de insectos del Instituto de Investigaciones Biol\u00f3gicas y Tecnol\u00f3gicas del Conicet en C\u00f3rdoba, coment\u00f3 que &#8220;la actividad del mosquito vector del virus del dengue continu\u00f3 en los hogares el invierno pasado, y eso magnifica el riesgo de la situaci\u00f3n futura en gran parte del pa\u00eds&#8221;.<\/p>\n\n\n\n<p>Mencion\u00f3 que el reporte de casos en octubre muestra que la actividad de los insectos se adelant\u00f3 en la zona templada del pa\u00eds y la circulaci\u00f3n fue continua en la zona del noreste.<\/p>\n\n\n\n<p>En la Argentina, la re-emergencia del dengue se produjo en el a\u00f1o 1997, cuando se detectaron nuevamente casos aut\u00f3ctonos tras un per\u00edodo de ausencia. Desde entonces, el pa\u00eds ha experimentado varios brotes epid\u00e9micos en a\u00f1os posteriores, en especial en 2009, 2016, 2020 y 2023, con incrementos importantes en el n\u00famero de casos durante esos per\u00edodos.<\/p>\n\n\n\n<p>Gabriel Battistella, subsecretario de atenci\u00f3n primaria del Ministerio de Salud de la Ciudad de Buenos Aires, dijo a Infobae que &#8220;al tener en cuenta la seroprevalencia del virus, esta temporada podr\u00eda ser m\u00e1s leve que la anterior&#8221;.<\/p>\n\n\n\n<h3 class=\"wp-block-heading\">Cu\u00e1l es la situaci\u00f3n del dengue en otros pa\u00edses de Am\u00e9rica<\/h3>\n\n\n\n<p>El impacto de la infecci\u00f3n viral transmitida principalmente por picaduras de hembras de mosquitos Aedes aegypti tambi\u00e9n se viene registrando en otros pa\u00edses de Am\u00e9rica, especialmente el Cono Sur.<\/p>\n\n\n\n<p>Seg\u00fan el \u00faltimo informe de la Organizaci\u00f3n Panamericana de Salud (OPS), el dengue mostr\u00f3 un notable aumento en comparaci\u00f3n con 2023 en Am\u00e9rica.<\/p>\n\n\n\n<p>Durante 2024, se reportaron 12.261.165 casos sospechosos en la regi\u00f3n, con una incidencia acumulada de 1.284 casos por cada 100.000 habitantes.<\/p>\n\n\n\n<p>Esa cifra representa un incremento del 209% en comparaci\u00f3n con el mismo per\u00edodo en 2023, y un 387% respecto al promedio de los \u00faltimos cinco a\u00f1os. En toda Am\u00e9rica, hubo 7.399 muertes por dengue este a\u00f1o.<\/p>\n\n\n\n<h3 class=\"wp-block-heading\">Qu\u00e9 se debe hacer para evitar los criaderos de mosquitos<\/h3>\n\n\n\n<p>La cient\u00edfica Mar\u00eda Sol De Majo, investigadora de la Facultad de Ciencias Exactas y Naturales de la Universidad de Buenos Aires y el Conicet, recomend\u00f3 estas acciones para prevenir el dengue y no tener criaderos de mosquitos cerca:<\/p>\n\n\n\n<p>Limpiar con cepillo las paredes de los recipientes que puedan acumular agua<br>Tirar agua hirviendo en lugares de dif\u00edcil acceso<br>Tirar recipientes que no se utilicen.<br>Mantener boca abajo recipientes en desuso<br>Tratar de perforar los neum\u00e1ticos o desecharlos<br>Destapar canaletas para evitar que se acumule agua<\/p>\n","protected":false},"excerpt":{"rendered":"<p>El dengue produjo la peor epidemia de la que se tiene registro en la Argentina, entre agosto del a\u00f1o pasado y julio de 2024. Murieron 419 personas. Nunca hab\u00edan fallecido&hellip; <\/p>\n","protected":false},"author":1,"featured_media":141859,"comment_status":"closed","ping_status":"open","sticky":false,"template":"","format":"standard","meta":{"footnotes":""},"categories":[16],"tags":[],"class_list":["post-172379","post","type-post","status-publish","format-standard","has-post-thumbnail","hentry","category-bienestar-y-salud"],"_links":{"self":[{"href":"https:\/\/corrientesdetarde.com\/index.php\/wp-json\/wp\/v2\/posts\/172379","targetHints":{"allow":["GET"]}}],"collection":[{"href":"https:\/\/corrientesdetarde.com\/index.php\/wp-json\/wp\/v2\/posts"}],"about":[{"href":"https:\/\/corrientesdetarde.com\/index.php\/wp-json\/wp\/v2\/types\/post"}],"author":[{"embeddable":true,"href":"https:\/\/corrientesdetarde.com\/index.php\/wp-json\/wp\/v2\/users\/1"}],"replies":[{"embeddable":true,"href":"https:\/\/corrientesdetarde.com\/index.php\/wp-json\/wp\/v2\/comments?post=172379"}],"version-history":[{"count":1,"href":"https:\/\/corrientesdetarde.com\/index.php\/wp-json\/wp\/v2\/posts\/172379\/revisions"}],"predecessor-version":[{"id":172385,"href":"https:\/\/corrientesdetarde.com\/index.php\/wp-json\/wp\/v2\/posts\/172379\/revisions\/172385"}],"wp:featuredmedia":[{"embeddable":true,"href":"https:\/\/corrientesdetarde.com\/index.php\/wp-json\/wp\/v2\/media\/141859"}],"wp:attachment":[{"href":"https:\/\/corrientesdetarde.com\/index.php\/wp-json\/wp\/v2\/media?parent=172379"}],"wp:term":[{"taxonomy":"category","embeddable":true,"href":"https:\/\/corrientesdetarde.com\/index.php\/wp-json\/wp\/v2\/categories?post=172379"},{"taxonomy":"post_tag","embeddable":true,"href":"https:\/\/corrientesdetarde.com\/index.php\/wp-json\/wp\/v2\/tags?post=172379"}],"curies":[{"name":"wp","href":"https:\/\/api.w.org\/{rel}","templated":true}]}}