{"id":172643,"date":"2024-11-13T13:22:46","date_gmt":"2024-11-13T16:22:46","guid":{"rendered":"https:\/\/corrientesdetarde.com\/?p=172643"},"modified":"2024-11-13T13:22:58","modified_gmt":"2024-11-13T16:22:58","slug":"cronograma-de-venta-de-garrafa-social-35","status":"publish","type":"post","link":"https:\/\/corrientesdetarde.com\/index.php\/sociales\/cronograma-de-venta-de-garrafa-social-35\/","title":{"rendered":"Cronograma de venta de Garrafa Social"},"content":{"rendered":"\n<p>El Ministerio de Desarrollo Social&nbsp;inform\u00f3 el cronograma de venta de la Garrafa Social que se dar\u00e1 esta semana en el barrio&nbsp;Anah\u00ed desde las&nbsp;10 a 11:30 en las inmediaciones de Leopoldo Lugones 131 y a su vez, tambi\u00e9n se podr\u00e1 concretar en&nbsp;G\u00fcemes 1390.<\/p>\n\n\n\n<p>Cabe destacar que la actividad es realizada por la Subsecretar\u00eda de Desarrollo Humano e Igualdad.<\/p>\n\n\n\n<p><\/p>\n\n\n\n<p><\/p>\n","protected":false},"excerpt":{"rendered":"<p>El Ministerio de Desarrollo Social&nbsp;inform\u00f3 el cronograma de venta de la Garrafa Social que se dar\u00e1 esta semana en el barrio&nbsp;Anah\u00ed desde las&nbsp;10 a 11:30 en las inmediaciones de Leopoldo&hellip; <\/p>\n","protected":false},"author":8,"featured_media":172644,"comment_status":"closed","ping_status":"open","sticky":false,"template":"","format":"standard","meta":{"footnotes":""},"categories":[17],"tags":[],"class_list":["post-172643","post","type-post","status-publish","format-standard","has-post-thumbnail","hentry","category-sociales"],"_links":{"self":[{"href":"https:\/\/corrientesdetarde.com\/index.php\/wp-json\/wp\/v2\/posts\/172643","targetHints":{"allow":["GET"]}}],"collection":[{"href":"https:\/\/corrientesdetarde.com\/index.php\/wp-json\/wp\/v2\/posts"}],"about":[{"href":"https:\/\/corrientesdetarde.com\/index.php\/wp-json\/wp\/v2\/types\/post"}],"author":[{"embeddable":true,"href":"https:\/\/corrientesdetarde.com\/index.php\/wp-json\/wp\/v2\/users\/8"}],"replies":[{"embeddable":true,"href":"https:\/\/corrientesdetarde.com\/index.php\/wp-json\/wp\/v2\/comments?post=172643"}],"version-history":[{"count":1,"href":"https:\/\/corrientesdetarde.com\/index.php\/wp-json\/wp\/v2\/posts\/172643\/revisions"}],"predecessor-version":[{"id":172645,"href":"https:\/\/corrientesdetarde.com\/index.php\/wp-json\/wp\/v2\/posts\/172643\/revisions\/172645"}],"wp:featuredmedia":[{"embeddable":true,"href":"https:\/\/corrientesdetarde.com\/index.php\/wp-json\/wp\/v2\/media\/172644"}],"wp:attachment":[{"href":"https:\/\/corrientesdetarde.com\/index.php\/wp-json\/wp\/v2\/media?parent=172643"}],"wp:term":[{"taxonomy":"category","embeddable":true,"href":"https:\/\/corrientesdetarde.com\/index.php\/wp-json\/wp\/v2\/categories?post=172643"},{"taxonomy":"post_tag","embeddable":true,"href":"https:\/\/corrientesdetarde.com\/index.php\/wp-json\/wp\/v2\/tags?post=172643"}],"curies":[{"name":"wp","href":"https:\/\/api.w.org\/{rel}","templated":true}]}}