{"id":172655,"date":"2024-11-13T14:14:49","date_gmt":"2024-11-13T17:14:49","guid":{"rendered":"https:\/\/corrientesdetarde.com\/?p=172655"},"modified":"2024-11-13T14:15:00","modified_gmt":"2024-11-13T17:15:00","slug":"el-plan-de-racing-con-los-hinchas-que-no-podran-viajar-a-paraguay-para-ver-la-final-de-la-copa-sudamericana","status":"publish","type":"post","link":"https:\/\/corrientesdetarde.com\/index.php\/deportes\/el-plan-de-racing-con-los-hinchas-que-no-podran-viajar-a-paraguay-para-ver-la-final-de-la-copa-sudamericana\/","title":{"rendered":"El plan de Racing con los hinchas que no podr\u00e1n viajar a Paraguay para ver la final de la Copa Sudamericana"},"content":{"rendered":"\n<p>La Academia se enfrentar\u00e1 al Cruzeiro el s\u00e1bado 23 de noviembre y se espera un aluvi\u00f3n de fan\u00e1ticos en las calles.<\/p>\n\n\n\n<p>Los hinchas de <strong>Racing<\/strong> est\u00e1n enloquecidos con la final de la\u00a0<strong>Copa Sudamericana<\/strong>, que se jugar\u00e1 en 10 d\u00edas en el estadio \u201cLa Nueva Olla\u201d, en Paraguay. Como muchos hinchas no lograron conseguir entradas para viajar,\u00a0<strong>la dirigencia acad\u00e9mica tendr\u00eda pensado abrir el estadio el d\u00eda del partido.<\/strong><\/p>\n\n\n\n<p>Adem\u00e1s,<strong>&nbsp;podr\u00eda haber pantallas gigantes<\/strong>, como ocurri\u00f3 en diciembre de 2001, cuando el equipo de Mostaza Merlo se consagr\u00f3 en cancha de V\u00e9lez y los fan\u00e1ticos que no hab\u00edan podido ir a Liniers, tuvieron su lugar de encuentro en el Cilindro.<\/p>\n\n\n\n<p>Pese a que a\u00fan falta la confirmaci\u00f3n oficial, que dar\u00e1 m\u00e1s detalles sobre la organizaci\u00f3n, las informaciones indican que&nbsp;<strong>habr\u00e1 pantallas gigantes en las cuatro tribunas,&nbsp;<\/strong>para ver desde cualquier parte del estadio sin complicaciones.<\/p>\n\n\n\n<figure class=\"wp-block-image\"><img decoding=\"async\" src=\"https:\/\/tn.com.ar\/resizer\/v2\/la-dirigencia-de-racing-abriria-el-cilindro-el-dia-de-la-final-de-la-copa-sudamericana-para-que-los-hinchas-que-se-quedaron-en-argentina-la-vean-a-traves-de-pantallas-gigantes-foto-ig-racingclub-3SPDJTAMENDANBMN5NBVLFP7EQ.jpg?auth=5375cdc5a6ae9d3fdabd4db68413339046624a07bfd5abf130c623749d90abd3&amp;width=767\" alt=\"La dirigencia de Racing abrir\u00eda el Cilindro el d\u00eda de la final de la Copa Sudamericana para que los hinchas que se quedaron en Argentina la vean a trav\u00e9s de pantallas gigantes. (Foto: IG @racingclub)\"\/><\/figure>\n\n\n\n<p>Por otro lado,&nbsp;<strong>se intentar\u00e1 que la gente no acceda al campo de juego, para no maltratar el c\u00e9sped&nbsp;<\/strong>de cara a los \u00faltimos choques de la Liga Profesional.<\/p>\n\n\n\n<p>A\u00fan&nbsp;<strong>resta que Racing informe de qu\u00e9 manera los hinchas podr\u00e1n acercarse al Cilindro y ocupar un lugar.&nbsp;<\/strong>Se espera una gran concurrencia de p\u00fablico dado que las 12.500 entradas que Conmebol le otorg\u00f3 al club, lejos est\u00e1n de cubrir la demanda de tickets por la Copa.<\/p>\n\n\n\n<figure class=\"wp-block-image\"><img decoding=\"async\" src=\"https:\/\/tn.com.ar\/resizer\/v2\/racing-busca-consagrarse-en-la-final-de-la-copa-sudamericana-reutersagustin-marcarian-52SSY3NAJ5XPOPIDFUUUM5PPBY.jpg?auth=dba9bb174d1d24748c8540a8873a4391ee3ad62bfb84771be100d169d0e27a43&amp;width=767\" alt=\"Racing busca consagrarse en la final de la Copa Sudamericana. (REUTERS\/Agustin Marcarian)\"\/><\/figure>\n\n\n\n<p><strong>La final de la Copa Sudamericana entre Racing y Cruzeiro se jugar\u00e1 el pr\u00f3ximo 23 de noviembre<\/strong>&nbsp;en el estadio La Nueva Olla, de Cerro Porte\u00f1o, en Asunci\u00f3n, Paraguay. El horario de arranque ser\u00e1 a las 17, aunque en la previa habr\u00e1 un show musical.<\/p>\n\n\n\n<p>Asunci\u00f3n ya hab\u00eda sido sede en 2019, cuando se jug\u00f3 la final entre Col\u00f3n de Santa Fe e Independiente del Valle.<\/p>\n\n\n\n<h2 class=\"wp-block-heading\">Argentina y Paraguay coordinan controles migratorios por la final de la Sudamericana<\/h2>\n\n\n\n<p>Autoridades de Argentina y Paraguay comenzaron a&nbsp;<strong>coordinar los controles migratorios y de seguridad&nbsp;<\/strong>en pasos fronterizos terrestres, de cara a lo que ser\u00e1 la final de la Copa Sudamericana entre Racing y Cruzeiro.<\/p>\n\n\n\n<p>El objetivo es&nbsp;<strong>\u201cfacilitar el ingreso y egreso seguro y ordenado de los aficionados\u201d<\/strong>&nbsp;que asistan al partido definitorio, se\u00f1al\u00f3 Migraciones en un comunicado.<\/p>\n\n\n\n<p>Se acordaron aspectos log\u00edsticos para los controles migratorios, aduaneros, adem\u00e1s de medidas de seguridad \u201cpara evitar inconvenientes durante su entrada y posterior salida del territorio nacional\u201d, destac\u00f3 la nota.<\/p>\n\n\n\n<figure class=\"wp-block-image\"><img decoding=\"async\" src=\"https:\/\/tn.com.ar\/resizer\/v2\/la-conmebol-ratifico-que-la-final-de-la-sudamericana-se-jugara-en-el-estadio-la-nueva-olla-de-asuncion-foto-sudamericanax-VTECOB7LYJHYJAQCRVYX2J5QJ4.jpeg?auth=1876cb11285d989298b02c3f105a726efb179e0823671fe990b1cce652ef3f87&amp;width=767\" alt=\"La Conmebol ratific\u00f3 que la final de la Sudamericana se jugar\u00e1 en el estadio La Nueva Olla, de Asunci\u00f3n. (Foto: sudamericana\/X).\"\/><\/figure>\n\n\n\n<p><strong>El operativo binacional incluir\u00e1 tambi\u00e9n los pasos fronterizos<\/strong>&nbsp;que podr\u00edan ser utilizados por los hinchas, como It\u00e1 Enramada, Nanawa, Yacyret\u00e1 y Encarnaci\u00f3n, en la frontera con Argentina, as\u00ed como en Ciudad del Este, Salto del Guair\u00e1 y Pedro Juan Caballero, en la frontera con Brasil.<\/p>\n\n\n\n<p>El director nacional de Migraci\u00f3n, Jorge Kronawetter, anunci\u00f3 que&nbsp;<strong>los hinchas de Racing y Cruzeiro con prohibici\u00f3n para asistir a eventos deportivos no ser\u00e1n admitidos en Paraguay.&nbsp;<\/strong>El funcionario avis\u00f3 que solicitar\u00e1n las listas de las barras organizadas de ambos equipos de hinchas que tienen impedimento para asistir a espect\u00e1culos deportivos.<\/p>\n\n\n\n<p>Kronawetter estim\u00f3 que&nbsp;<strong>se preparan para recibir a unos 60.000 seguidores de estos clubes<\/strong>, una cifra superior a los cerca de 40.000 hinchas que arribaron al pa\u00eds hace cinco a\u00f1os, con motivo de la final disputada en ese entonces por Independiente del Valle de Ecuador y Col\u00f3n.<\/p>\n","protected":false},"excerpt":{"rendered":"<p>La Academia se enfrentar\u00e1 al Cruzeiro el s\u00e1bado 23 de noviembre y se espera un aluvi\u00f3n de fan\u00e1ticos en las calles. Los hinchas de Racing est\u00e1n enloquecidos con la final&hellip; <\/p>\n","protected":false},"author":8,"featured_media":172656,"comment_status":"closed","ping_status":"open","sticky":false,"template":"","format":"standard","meta":{"footnotes":""},"categories":[4],"tags":[],"class_list":["post-172655","post","type-post","status-publish","format-standard","has-post-thumbnail","hentry","category-deportes"],"_links":{"self":[{"href":"https:\/\/corrientesdetarde.com\/index.php\/wp-json\/wp\/v2\/posts\/172655","targetHints":{"allow":["GET"]}}],"collection":[{"href":"https:\/\/corrientesdetarde.com\/index.php\/wp-json\/wp\/v2\/posts"}],"about":[{"href":"https:\/\/corrientesdetarde.com\/index.php\/wp-json\/wp\/v2\/types\/post"}],"author":[{"embeddable":true,"href":"https:\/\/corrientesdetarde.com\/index.php\/wp-json\/wp\/v2\/users\/8"}],"replies":[{"embeddable":true,"href":"https:\/\/corrientesdetarde.com\/index.php\/wp-json\/wp\/v2\/comments?post=172655"}],"version-history":[{"count":1,"href":"https:\/\/corrientesdetarde.com\/index.php\/wp-json\/wp\/v2\/posts\/172655\/revisions"}],"predecessor-version":[{"id":172657,"href":"https:\/\/corrientesdetarde.com\/index.php\/wp-json\/wp\/v2\/posts\/172655\/revisions\/172657"}],"wp:featuredmedia":[{"embeddable":true,"href":"https:\/\/corrientesdetarde.com\/index.php\/wp-json\/wp\/v2\/media\/172656"}],"wp:attachment":[{"href":"https:\/\/corrientesdetarde.com\/index.php\/wp-json\/wp\/v2\/media?parent=172655"}],"wp:term":[{"taxonomy":"category","embeddable":true,"href":"https:\/\/corrientesdetarde.com\/index.php\/wp-json\/wp\/v2\/categories?post=172655"},{"taxonomy":"post_tag","embeddable":true,"href":"https:\/\/corrientesdetarde.com\/index.php\/wp-json\/wp\/v2\/tags?post=172655"}],"curies":[{"name":"wp","href":"https:\/\/api.w.org\/{rel}","templated":true}]}}