{"id":172686,"date":"2024-11-13T15:30:04","date_gmt":"2024-11-13T18:30:04","guid":{"rendered":"https:\/\/corrientesdetarde.com\/?p=172686"},"modified":"2024-11-13T15:30:10","modified_gmt":"2024-11-13T18:30:10","slug":"el-gobierno-busca-aprovechar-la-condena-a-cfk-para-presionar-a-uxp-por-los-pliegos-para-la-corte","status":"publish","type":"post","link":"https:\/\/corrientesdetarde.com\/index.php\/politica\/el-gobierno-busca-aprovechar-la-condena-a-cfk-para-presionar-a-uxp-por-los-pliegos-para-la-corte\/","title":{"rendered":"El Gobierno busca aprovechar la condena a CFK para presionar a UxP por los pliegos para la Corte"},"content":{"rendered":"\n<p>La Casa Rosada quiere negociar desde una postura de fortaleza con la oposici\u00f3n. El oficialismo est\u00e1 dispuesto a acordar la ampliaci\u00f3n del m\u00e1ximo tribunal y la integraci\u00f3n de una mujer, pero pone como condici\u00f3n que se voten primero sus candidatos.<\/p>\n\n\n\n<p><strong>El\u00a0Gobierno\u00a0busca acordar cambios en la Corte Suprema con\u00a0Cristina Kirchner\u00a0tras la confirmaci\u00f3n de su condena<\/strong>\u00a0por administraci\u00f3n fraudulenta. El Ejecutivo quiere retomar las negociaciones con el kirchnerismo para sumar jueces al m\u00e1ximo tribunal.<\/p>\n\n\n\n<p><strong>Se trata de los pliegos del juez federal Ariel Lijo y del acad\u00e9mico Manuel Garc\u00eda-Mansilla<\/strong>, que no tienen dictamen de la comisi\u00f3n de Acuerdos del Senado. El encargado de las negociaciones por Naci\u00f3n es el viceministro de Justicia, Sebasti\u00e1n Amerio, que mantiene la mesa de di\u00e1logo con la oposici\u00f3n.<\/p>\n\n\n\n<p>La Casa Rosada&nbsp;<strong>est\u00e1 dispuesta a negociar la ampliaci\u00f3n<\/strong>&nbsp;<strong>y la integraci\u00f3n de una mujer a la Corte Suprema<\/strong>, pero pone como condici\u00f3n que se voten primero los pliegos de sus candidatos. En Balcarce 50 buscan cerrar un acuerdo con el kirchnerismo mientras la expresidenta avanza con su estrategia judicial para apelar la confirmaci\u00f3n de la condena.<\/p>\n\n\n\n<p>En Naci\u00f3n sostienen que negociaron la presentaci\u00f3n del pliego de Lijo con el juez supremo Ricardo Lorenzetti y\u00a0<strong>aseguran que \u201ces el candidato del kirchnerismo\u201d<\/strong>. \u201cNo nos pueden facturar a Lijo porque es de ellos y no vamos a bajar a Garc\u00eda Mansilla\u201d, expres\u00f3 <strong>\u00a0<\/strong>un funcionario de la mesa judicial.<\/p>\n\n\n\n<figure class=\"wp-block-image\"><img decoding=\"async\" src=\"https:\/\/tn.com.ar\/resizer\/v2\/el-juez-federal-ariel-lijo-en-su-presentacion-en-el-senado-en-defensa-de-su-candidatura-a-la-corte-suprema-foto-na-daniel-vides-ETM4QEHGNVFZVPZKTIUMFU25CQ.jpg?auth=a5c71775051734411119919a9ebad7dc5ce96b23aa0e294ce20b113e0d1af941&amp;width=767\" alt=\"El juez federal, Ariel Lijo, en su presentaci\u00f3n en el Senado en defensa de su candidatura a la Corte Suprema (Foto: NA - Daniel Vides).\"\/><\/figure>\n\n\n\n<p>El Gobierno quiere completar la Corte Suprema antes de fin de a\u00f1o y&nbsp;<strong>analiza convocar a sesiones extraordinarias en caso de concretar un acuerdo con el kirchnerismo<\/strong>. Busca evitar que el m\u00e1ximo tribunal quede con tres integrantes el 30 de diciembre, que se oficializa la salida de Juan Carlos Maqueda.<\/p>\n\n\n\n<p>Otra de las opciones que baraja la mesa chica de Balcarce 50 es\u00a0<strong>impulsar la llegada de Lijo y Garc\u00eda Mansilla a trav\u00e9s de un decreto<\/strong>\u00a0durante el receso del Congreso. \u201cSer\u00eda otro tipo de acuerdo, en el que la oposici\u00f3n no se ver\u00eda obligada a votar los pliegos, sino que \u00fanicamente no los rechazar\u00eda en ordinarias\u201d, manifest\u00f3 <strong>\u00a0<\/strong>un colaborador cercano al presidente.<\/p>\n\n\n\n<p>El Gobierno&nbsp;<strong>asegura que evitar\u00e1 imponer una agenda judicial en contra de Cristina Kirchner tras la confirmaci\u00f3n de su condena<\/strong>. Es por eso que no intentar\u00e1 acelerar el proyecto de ficha limpia que promueve el PRO, que convoc\u00f3 a su tratamiento para la semana que viene.<\/p>\n\n\n\n<p>El oficialismo votar\u00e1 a favor si el proyecto avanza en el recinto, pero&nbsp;<strong>no trabajar\u00e1 en la negociaci\u00f3n por los votos ni en el detalle del poroteo<\/strong>. Se trata de la iniciativa que busca impedir que una persona condenada sea candidata electoral en caso de que Casaci\u00f3n confirme el fallo.<\/p>\n\n\n\n<figure class=\"wp-block-image\"><img decoding=\"async\" src=\"https:\/\/tn.com.ar\/resizer\/v2\/manuel-garcia-mansilla-en-su-defensa-en-el-senado-de-su-candidatura-a-la-corte-suprema-foto-x-senadoargentina-4GLVZ6H43VB7XLF2EG6DLG7AEI.jpg?auth=1a2e957d0bf280d2ceb830a12870c4a25ab7acad2db1610d5150f8d973aab0ec&amp;width=767\" alt=\"Manuel Garc\u00eda-Mansilla en su defensa en el Senado de su candidatura a la Corte Suprema (Foto: X @SenadoArgentina).\"\/><\/figure>\n\n\n\n<p>El Gobierno busca incluir la lista de los 150 jueces que enviar\u00e1 al Senado en la negociaci\u00f3n por Lijo y Garc\u00eda Mansilla. Se trata de las vacancias de los juzgados subrogados. Lo mismo aplica para el pliego del Procurador General de la Naci\u00f3n.<\/p>\n\n\n\n<p>El Ejecutivo\u00a0<strong>est\u00e1 en conversaciones con los gobernadores para cambiar algunos de los candidatos que hicieron circular.<\/strong>\u00a0En Naci\u00f3n 50 aseguran que habr\u00e1 cambios en la lista y que la enviar\u00e1n en tandas de a 20 durante los pr\u00f3ximos d\u00edas.<\/p>\n\n\n\n<p>La Casa Rosada&nbsp;<strong>sostiene que le falta una firma para el dictamen de Lijo<\/strong>&nbsp;y tres para concretar la llegada al recinto de la candidatura de Garc\u00eda Mansilla. Hay negociaciones tambi\u00e9n del oficialismo con el radicalismo a trav\u00e9s del vicerrector de la UBA, Emiliano Yacobitti, y el asesor Santiago Caputo.<\/p>\n\n\n\n<p>La mesa chica de Balcarce 50<strong>&nbsp;reconoce que no involucr\u00f3 al PRO en la<\/strong>&nbsp;<strong>negociaci\u00f3n por los pliegos<\/strong>&nbsp;para la Corte Suprema y sostiene que no coordin\u00f3 la cobertura de vacancias de 150 juzgados.<\/p>\n","protected":false},"excerpt":{"rendered":"<p>La Casa Rosada quiere negociar desde una postura de fortaleza con la oposici\u00f3n. El oficialismo est\u00e1 dispuesto a acordar la ampliaci\u00f3n del m\u00e1ximo tribunal y la integraci\u00f3n de una mujer,&hellip; <\/p>\n","protected":false},"author":8,"featured_media":172687,"comment_status":"closed","ping_status":"open","sticky":false,"template":"","format":"standard","meta":{"footnotes":""},"categories":[3],"tags":[],"class_list":["post-172686","post","type-post","status-publish","format-standard","has-post-thumbnail","hentry","category-politica"],"_links":{"self":[{"href":"https:\/\/corrientesdetarde.com\/index.php\/wp-json\/wp\/v2\/posts\/172686","targetHints":{"allow":["GET"]}}],"collection":[{"href":"https:\/\/corrientesdetarde.com\/index.php\/wp-json\/wp\/v2\/posts"}],"about":[{"href":"https:\/\/corrientesdetarde.com\/index.php\/wp-json\/wp\/v2\/types\/post"}],"author":[{"embeddable":true,"href":"https:\/\/corrientesdetarde.com\/index.php\/wp-json\/wp\/v2\/users\/8"}],"replies":[{"embeddable":true,"href":"https:\/\/corrientesdetarde.com\/index.php\/wp-json\/wp\/v2\/comments?post=172686"}],"version-history":[{"count":1,"href":"https:\/\/corrientesdetarde.com\/index.php\/wp-json\/wp\/v2\/posts\/172686\/revisions"}],"predecessor-version":[{"id":172688,"href":"https:\/\/corrientesdetarde.com\/index.php\/wp-json\/wp\/v2\/posts\/172686\/revisions\/172688"}],"wp:featuredmedia":[{"embeddable":true,"href":"https:\/\/corrientesdetarde.com\/index.php\/wp-json\/wp\/v2\/media\/172687"}],"wp:attachment":[{"href":"https:\/\/corrientesdetarde.com\/index.php\/wp-json\/wp\/v2\/media?parent=172686"}],"wp:term":[{"taxonomy":"category","embeddable":true,"href":"https:\/\/corrientesdetarde.com\/index.php\/wp-json\/wp\/v2\/categories?post=172686"},{"taxonomy":"post_tag","embeddable":true,"href":"https:\/\/corrientesdetarde.com\/index.php\/wp-json\/wp\/v2\/tags?post=172686"}],"curies":[{"name":"wp","href":"https:\/\/api.w.org\/{rel}","templated":true}]}}