{"id":172689,"date":"2024-11-13T15:34:24","date_gmt":"2024-11-13T18:34:24","guid":{"rendered":"https:\/\/corrientesdetarde.com\/?p=172689"},"modified":"2024-11-13T15:34:36","modified_gmt":"2024-11-13T18:34:36","slug":"tras-el-acuerdo-con-los-gremios-milei-insistio-con-privatizar-aerolineas-no-seguira-en-manos-del-estado","status":"publish","type":"post","link":"https:\/\/corrientesdetarde.com\/index.php\/economia\/tras-el-acuerdo-con-los-gremios-milei-insistio-con-privatizar-aerolineas-no-seguira-en-manos-del-estado\/","title":{"rendered":"Tras el acuerdo con los gremios, Milei insisti\u00f3 con privatizar Aerol\u00edneas: \u201cNo seguir\u00e1 en manos del Estado\u201d"},"content":{"rendered":"\n<p>En declaraciones radiales, el Presidente habl\u00f3 del conflicto tras conocerse los detalles del preacuerdo al que accedieron los representantes de los tres sindicatos del personal de la l\u00ednea a\u00e9rea.<\/p>\n\n\n\n<p>Luego de semanas con tensas negociaciones,\u00a0<strong>Javier Milei<\/strong>\u00a0cuestion\u00f3 a los\u00a0gremios aeron\u00e1uticos\u00a0 y reafirm\u00f3:\u00a0<strong>\u201cAerol\u00edneas no va a seguir en las manos del Estado\u201d.<\/strong><\/p>\n\n\n\n<p>En declaraciones radiales, el Presidente habl\u00f3 del conflicto tras conocerse los detalles del\u00a0<strong>preacuerdo<\/strong>\u00a0al que accedieron los representantes de los tres sindicatos del personal de la l\u00ednea a\u00e9rea.<\/p>\n\n\n\n<p>\u201cAerol\u00edneas es una empresa que desde que se nacionaliz\u00f3 ha costado US$8000 millones, pierde casi US$2 millones por d\u00eda y alguien lo tiene que pagar\u201d, explic\u00f3 y enfatiz\u00f3:&nbsp;<strong>\u201cSe est\u00e1 beneficiando al 2% de las personas<\/strong>&nbsp;m\u00e1s rico de la poblaci\u00f3n -que son los que viajan- y lo paga el 98% restante, en un pa\u00eds que tiene dos tercios de chicos pobres\u201d.<\/p>\n\n\n\n<figure class=\"wp-block-image\"><img decoding=\"async\" src=\"https:\/\/tn.com.ar\/resizer\/v2\/aerolineas-y-los-gremios-llegaron-a-un-acuerdo-y-empieza-a-destrabarse-el-conflicto-aeronautico-foto-na-juan-vargas-YQ6S2X5KXFFCBADOZYKD623E3E.jpg?auth=ecf0bb8b79d6ffd8aacba10f36700ea430e378846496de05a05b02b8caaa2b4e&amp;width=767\" alt=\"Aerol\u00edneas y los gremios llegaron a un acuerdo y empieza a destrabarse el conflicto aeron\u00e1utico. (Foto: NA \/ JUAN VARGAS)\"\/><\/figure>\n\n\n\n<p>En ese sentido, se\u00f1al\u00f3: \u201cSi usted subsidia una actividad, que es el caso de Aerol\u00edneas, \u00bfd\u00f3nde se ve ese dinero? \u00bfEn mejor calidad, mejor precio? La contracara de esto son los&nbsp;<strong>privilegios que tienen los trabajadores\u201d.<\/strong><\/p>\n\n\n\n<p>\u201cLos defensores de la aerol\u00ednea de bandera nunca lograron que funcione bien. Adem\u00e1s, los gremios rompieron todas las posibilidades de que funcionen. Si los gremios no se atienen a funcionar como corresponde,\u00a0<strong>o se cierra, para cortar con el d\u00e9ficit, o se privatiza<\/strong>, pero no va a seguir en manos del Gobierno\u201d, apunt\u00f3 en declaraciones a\u00a0<em>Radio Rivadavia.<\/em><\/p>\n\n\n\n<p>Por otro lado, Milei celebr\u00f3 la\u00a0confirmaci\u00f3n de la condena a seis a\u00f1os de prisi\u00f3n para Cristina Kirchner\u00a0en la causa Vialidad: \u201cSe termin\u00f3 la Argentina de unos pocos vivos en contra de los argentinos de bien.\u00a0<strong>El que las hace, las paga.<\/strong>\u00a0Nosotros no intervenimos en la justicia, ah\u00ed est\u00e1 la sentencia\u201d.<\/p>\n","protected":false},"excerpt":{"rendered":"<p>En declaraciones radiales, el Presidente habl\u00f3 del conflicto tras conocerse los detalles del preacuerdo al que accedieron los representantes de los tres sindicatos del personal de la l\u00ednea a\u00e9rea. Luego&hellip; <\/p>\n","protected":false},"author":8,"featured_media":172690,"comment_status":"closed","ping_status":"open","sticky":false,"template":"","format":"standard","meta":{"footnotes":""},"categories":[20],"tags":[],"class_list":["post-172689","post","type-post","status-publish","format-standard","has-post-thumbnail","hentry","category-economia"],"_links":{"self":[{"href":"https:\/\/corrientesdetarde.com\/index.php\/wp-json\/wp\/v2\/posts\/172689","targetHints":{"allow":["GET"]}}],"collection":[{"href":"https:\/\/corrientesdetarde.com\/index.php\/wp-json\/wp\/v2\/posts"}],"about":[{"href":"https:\/\/corrientesdetarde.com\/index.php\/wp-json\/wp\/v2\/types\/post"}],"author":[{"embeddable":true,"href":"https:\/\/corrientesdetarde.com\/index.php\/wp-json\/wp\/v2\/users\/8"}],"replies":[{"embeddable":true,"href":"https:\/\/corrientesdetarde.com\/index.php\/wp-json\/wp\/v2\/comments?post=172689"}],"version-history":[{"count":1,"href":"https:\/\/corrientesdetarde.com\/index.php\/wp-json\/wp\/v2\/posts\/172689\/revisions"}],"predecessor-version":[{"id":172691,"href":"https:\/\/corrientesdetarde.com\/index.php\/wp-json\/wp\/v2\/posts\/172689\/revisions\/172691"}],"wp:featuredmedia":[{"embeddable":true,"href":"https:\/\/corrientesdetarde.com\/index.php\/wp-json\/wp\/v2\/media\/172690"}],"wp:attachment":[{"href":"https:\/\/corrientesdetarde.com\/index.php\/wp-json\/wp\/v2\/media?parent=172689"}],"wp:term":[{"taxonomy":"category","embeddable":true,"href":"https:\/\/corrientesdetarde.com\/index.php\/wp-json\/wp\/v2\/categories?post=172689"},{"taxonomy":"post_tag","embeddable":true,"href":"https:\/\/corrientesdetarde.com\/index.php\/wp-json\/wp\/v2\/tags?post=172689"}],"curies":[{"name":"wp","href":"https:\/\/api.w.org\/{rel}","templated":true}]}}