{"id":172692,"date":"2024-11-13T15:37:45","date_gmt":"2024-11-13T18:37:45","guid":{"rendered":"https:\/\/corrientesdetarde.com\/?p=172692"},"modified":"2024-11-13T15:37:57","modified_gmt":"2024-11-13T18:37:57","slug":"cop29-por-orden-de-milei-la-argentina-retiro-a-la-comitiva-que-participaba-de-la-cumbre-de-cambio-climatico","status":"publish","type":"post","link":"https:\/\/corrientesdetarde.com\/index.php\/actualidad\/cop29-por-orden-de-milei-la-argentina-retiro-a-la-comitiva-que-participaba-de-la-cumbre-de-cambio-climatico\/","title":{"rendered":"COP29: por orden de Milei, la Argentina retir\u00f3 a la comitiva que participaba de la cumbre de cambio clim\u00e1tico"},"content":{"rendered":"\n<p>El encuentro, en el que se discute la posibilidad de acceder a financiamiento internacional para afrontar la crisis por el calentamiento global, empez\u00f3 este lunes. La noticia tom\u00f3 po sorpresa a los funcionarios que hab\u00edan viajado.<\/p>\n\n\n\n<p>Por medido de\u00a0Javier Milei y a trav\u00e9s del nuevo canciller, Gerardo Werthein,\u00a0<strong>la Argentina retir\u00f3 a la comitiva que representaba al pa\u00eds en la\u00a0COP29<\/strong>, la cumbre de cambio clim\u00e1tico de la ONU y\u00a0la instancia de negociaci\u00f3n clim\u00e1tica internacional m\u00e1s importante del a\u00f1o. Lo confirm\u00f3 la subsecretaria de Ambiente,\u00a0<strong>Ana Lamas,<\/strong>\u00a0a la prensa que cubre el evento que se est\u00e1 realizando en Bak\u00fa.<\/p>\n\n\n\n<p>Seg\u00fan analiz\u00f3 Andr\u00e9s Napoli, director de la Fundaci\u00f3n Ambiente y Recursos Naturales, esta es una decisi\u00f3n sin precedentes y que impactar\u00e1 en la imagen global de la Argentina, adem\u00e1s de complicar el acceso a financiamiento internacional.<\/p>\n\n\n\n<p>\u201cTenemos \u00f3rdenes del ministro de Relaciones Exteriores de no participar m\u00e1s, es todo lo que puedo decir\u201d, cont\u00f3 Lamas a The Guardian. El evento hab\u00eda empezado este lunes y se extender\u00e1 hasta el 22 de noviembre. De acuerdo a lo que pudo saber en Casa Rosada, la salida de la comitiva fue una directiva de Milei debido a su postura en contra de la ONU y su creencia de que el cambio clim\u00e1tico no es real ni provocado por el hombre. \u201cNo interesa la discusi\u00f3n por fondos ambientales\u201d, aseguraron.<\/p>\n\n\n\n<p>A diferencia de a\u00f1os anteriores, en donde la Argentina enviaba comitivas de peso a las COP (incluso en 2021 viaj\u00f3 Alberto Fern\u00e1ndez), este a\u00f1o la administraci\u00f3n Milei hab\u00eda enviado apenas a un pu\u00f1ado de representantes t\u00e9cnicos de la subsecretar\u00eda de ambiente. El objetivo de esos t\u00e9cnicos, seg\u00fan fuentes oficiales, era informarse sobre c\u00f3mo elaborar los informes de transparencia que deben presentar los pa\u00edses para certificar las estrategias que se est\u00e9n aplicando en la lucha contra el cambio clim\u00e1tico. Es un compromiso internacional que asumi\u00f3 la Argentina.<\/p>\n\n\n\n<p>Sin embargo, cuando lleg\u00f3 a o\u00eddos del Presidente que estaba esta comitiva, defini\u00f3 el retiro. As\u00ed, la Argentina tambi\u00e9n abandon\u00f3 los grupos de negociaci\u00f3n a los que pertenec\u00eda, como el de G77+China, que integran todos los pa\u00edses latinoamericanos y el Grupo Sur junto a Brasil, Uruguay, Paraguay y Ecuador. La noticia result\u00f3 sorpresiva para esos pa\u00edses.<\/p>\n\n\n\n<h2 class=\"wp-block-heading\">El impacto de la crisis clim\u00e1tica en la Argentina<\/h2>\n\n\n\n<p>En esta cumbre, llamada informalmente como&nbsp;<strong>\u201cla COP de las finanzas\u201d<\/strong>&nbsp;apuntaba a dos temas centrales: lograr que los pa\u00edses desarrollados (y principales responsables de la crisis clim\u00e1tica) aporten m\u00e1s al fondo de financiamiento para acci\u00f3n clim\u00e1tica de los m\u00e1s pobres y tambi\u00e9n consolidar el fondo de p\u00e9rdidas y da\u00f1os.<\/p>\n\n\n\n<p><strong>El monto actual del fondo de financiamiento es de 100 mil millones de d\u00f3lares anuales acordado en 2009 en la COP15&nbsp;<\/strong>de Copenhague y qued\u00f3&nbsp;<strong>insuficiente&nbsp;<\/strong>respecto a los esfuerzos necesarios para intentar revertir las consecuencias del cambio clim\u00e1tico. Se espera al menos triplicar esa cifra y tambi\u00e9n garantizar que el acceso a ese dinero no sea a trav\u00e9s de pr\u00e9stamos que engrosen m\u00e1s la deuda de pa\u00edses como la Argentina.<\/p>\n\n\n\n<p>Adem\u00e1s,\u00a0<strong>se har\u00e1 un primer sondeo del alcance que tuvo el fondo para p\u00e9rdidas y da\u00f1os<\/strong> que se aprob\u00f3 en la COP28 de Dub\u00e1i (fue creado en la COP27 de Sharm El Sheikh), que apunta a contribuir con los pa\u00edses vulnerables que sufran eventos clim\u00e1ticos extremos para reparar da\u00f1os ocasionados.<\/p>\n\n\n\n<p>M\u00e1s all\u00e1 de los incendios o inundaciones que vienen afectando al pa\u00eds de manera sucesiva, entre 2020 y 2023 la Argentina sufri\u00f3 una de las peores sequ\u00edas de la historia: los principales cultivos sufrieron p\u00e9rdidas de hasta 50%. Seg\u00fan un reciente informe sobre clima y desarrollo en Argentina elaborado por el Banco Mundial, si el fen\u00f3meno clim\u00e1tico se repite, el pa\u00eds podr\u00eda reducir su \u201cPIB hasta un 4% anual de aqu\u00ed a 2050\u2033.<\/p>\n\n\n\n<p>El informe se\u00f1ala adem\u00e1s: \u201cPara 2050, si no se aplican medidas de adaptaci\u00f3n (como cultivos resistentes a la sequ\u00eda), el cambio clim\u00e1tico podr\u00eda provocar p\u00e9rdidas de rendimiento de hasta el 10% en la producci\u00f3n de girasol, del 30% en la de ma\u00edz y trigo, y del 50% en la de soja (&#8230;) Si no se toman medidas, el cambio clim\u00e1tico comprometer\u00e1 alrededor del 25% de la superficie irrigada del pa\u00eds, causando p\u00e9rdidas anuales de USD 837 millones, principalmente en la regi\u00f3n de Cuyo\u201d.<\/p>\n","protected":false},"excerpt":{"rendered":"<p>El encuentro, en el que se discute la posibilidad de acceder a financiamiento internacional para afrontar la crisis por el calentamiento global, empez\u00f3 este lunes. La noticia tom\u00f3 po sorpresa&hellip; <\/p>\n","protected":false},"author":8,"featured_media":172693,"comment_status":"closed","ping_status":"open","sticky":false,"template":"","format":"standard","meta":{"footnotes":""},"categories":[23],"tags":[],"class_list":["post-172692","post","type-post","status-publish","format-standard","has-post-thumbnail","hentry","category-actualidad"],"_links":{"self":[{"href":"https:\/\/corrientesdetarde.com\/index.php\/wp-json\/wp\/v2\/posts\/172692","targetHints":{"allow":["GET"]}}],"collection":[{"href":"https:\/\/corrientesdetarde.com\/index.php\/wp-json\/wp\/v2\/posts"}],"about":[{"href":"https:\/\/corrientesdetarde.com\/index.php\/wp-json\/wp\/v2\/types\/post"}],"author":[{"embeddable":true,"href":"https:\/\/corrientesdetarde.com\/index.php\/wp-json\/wp\/v2\/users\/8"}],"replies":[{"embeddable":true,"href":"https:\/\/corrientesdetarde.com\/index.php\/wp-json\/wp\/v2\/comments?post=172692"}],"version-history":[{"count":1,"href":"https:\/\/corrientesdetarde.com\/index.php\/wp-json\/wp\/v2\/posts\/172692\/revisions"}],"predecessor-version":[{"id":172694,"href":"https:\/\/corrientesdetarde.com\/index.php\/wp-json\/wp\/v2\/posts\/172692\/revisions\/172694"}],"wp:featuredmedia":[{"embeddable":true,"href":"https:\/\/corrientesdetarde.com\/index.php\/wp-json\/wp\/v2\/media\/172693"}],"wp:attachment":[{"href":"https:\/\/corrientesdetarde.com\/index.php\/wp-json\/wp\/v2\/media?parent=172692"}],"wp:term":[{"taxonomy":"category","embeddable":true,"href":"https:\/\/corrientesdetarde.com\/index.php\/wp-json\/wp\/v2\/categories?post=172692"},{"taxonomy":"post_tag","embeddable":true,"href":"https:\/\/corrientesdetarde.com\/index.php\/wp-json\/wp\/v2\/tags?post=172692"}],"curies":[{"name":"wp","href":"https:\/\/api.w.org\/{rel}","templated":true}]}}