{"id":172696,"date":"2024-11-13T16:19:53","date_gmt":"2024-11-13T19:19:53","guid":{"rendered":"https:\/\/corrientesdetarde.com\/?p=172696"},"modified":"2024-11-13T16:20:05","modified_gmt":"2024-11-13T19:20:05","slug":"alarma-en-espana-activan-la-alerta-roja-porque-hay-riesgo-de-lluvias-torrenciales-en-el-litoral-de-valencia","status":"publish","type":"post","link":"https:\/\/corrientesdetarde.com\/index.php\/internacionales\/alarma-en-espana-activan-la-alerta-roja-porque-hay-riesgo-de-lluvias-torrenciales-en-el-litoral-de-valencia\/","title":{"rendered":"Alarma en Espa\u00f1a: activan la alerta roja porque hay riesgo de lluvias torrenciales en el litoral de Valencia"},"content":{"rendered":"\n<p>Hay miles de evacuados en el sur y el nordeste del pa\u00eds. Cierran escuelas y suspenden el servicio de trenes.<\/p>\n\n\n\n<p>La Agencia Estatal de Meteorolog\u00eda espa\u00f1ola (Aemet) activ\u00f3 la\u00a0<strong>alerta roja<\/strong>\u00a0porque hay riesgo de lluvias torrenciales en el litoral de Valencia, en el este del pa\u00eds, que abarca parte de las zonas arrasadas por\u00a0las inundaciones que dejaron m\u00e1s de 200 muertos hace dos semanas.<\/p>\n\n\n\n<p>\u201dEl peligro es extremo. Evita los desplazamientos. Pueden producirse desbordamientos de cauces e inundaciones\u201d, indic\u00f3 el organismo en la red social X.<\/p>\n\n\n\n<p>El aviso estar\u00e1 activo entre las 21 locales del mi\u00e9rcoles y las 11:59 del jueves<a href=\"http:\/\/jueves.rs\/js\" target=\"_blank\" rel=\"noreferrer noopener\">.<\/a><\/p>\n\n\n\n<h2 class=\"wp-block-heading\">Miles de evacuados, escuelas cerradas y trenes suspendidos<\/h2>\n\n\n\n<p>En tanto, miles de personas fueron evacuadas tras nuevas lluvias torrenciales que cayeron en el sur y el nordeste del pa\u00eds. Las escuelas cerraron las puertas y el servicio de trenes fue suspendido.<\/p>\n\n\n\n<p>La agencia meteorol\u00f3gica nacional manten\u00eda la alerta m\u00e1xima, la roja, en la provincia andaluza de M\u00e1laga, en el sur, y en la de Tarragona, en el noreste, por esta nueva DANA (depresi\u00f3n aislada en niveles altos) o gota fr\u00eda, como se conoce al fen\u00f3meno.<\/p>\n\n\n\n<figure class=\"wp-block-image\"><img decoding=\"async\" src=\"https:\/\/tn.com.ar\/resizer\/v2\/un-hombre-camina-por-una-calle-inundada-de-malaga-foto-reutersjon-nazca-M7CMBRJZSRPG32JVHQI4S62CLM.jpg?auth=e8dcf7836b875c9e45987f72f296a18c3296df7e95a44c7461b98d8b37b12ca7&amp;width=767\" alt=\"Un hombre camina por una calle inundada de M\u00e1laga \/Foto: Reuters\/Jon Nazca)\"\/><\/figure>\n\n\n\n<p>La ciudad de M\u00e1laga es una de las m\u00e1s afectadas, con la evacuaci\u00f3n de m\u00e1s de 3000 personas de mil viviendas pr\u00f3ximas a los r\u00edos, calles inundadas, la suspensi\u00f3n del transporte urbano y del servicio ferroviario con Madrid.<\/p>\n\n\n\n<p>\u201cHoy\u00a0<strong>M\u00e1laga est\u00e1 paralizada<\/strong>\u201d, afirm\u00f3 a periodistas el presidente regional de Andaluc\u00eda,<strong>\u00a0Juan Manuel Moreno<\/strong>. \u201cS\u00e9 que para los ciudadanos es un problema el no poder llevar a los ni\u00f1os a clase\u201d o ir a trabajar, pero tras lo visto en Valencia hay que \u201cprevenir\u201d y \u201cminimizar el impacto en t\u00e9rminos de p\u00e9rdida de vidas humanas\u201d, agreg\u00f3.<\/p>\n\n\n\n<p>En las zonas bajo alerta roja, pr\u00f3ximas a la costa, podr\u00edan acumularse lluvias de entre 120 y 180 mm, seg\u00fan la Aemet. Las precipitaciones se prolongar\u00e1n hasta el viernes.<\/p>\n\n\n\n<h2 class=\"wp-block-heading\">La localidad de Paiporta est\u00e1 otra vez anegada<\/h2>\n\n\n\n<p>Tras una lucha tit\u00e1nica por limpiar las calles, la localidad de Paiporta, uno de los epicentros del desastre que sacudi\u00f3 a Valencia, volv\u00eda a estar anegada de agua, inform\u00f3 el diario local&nbsp;<em>Las Provincias<\/em>.<\/p>\n\n\n\n<p>Varios municipios valencianos pidieron a los miles de voluntarios que cada d\u00eda llegan a sus calles a ayudar que no vengan este mi\u00e9rcoles. La circulaci\u00f3n de veh\u00edculos privados en estas zonas estar\u00e1 restringida entre la tarde del mi\u00e9rcoles y la del jueves.<\/p>\n\n\n\n<p>Las nuevas lluvias afectaron tambi\u00e9n a la b\u00fasqueda de los 17 desaparecidos, centrada principalmente en barrancos y desembocaduras de r\u00edos al mar.<\/p>\n\n\n\n<p>Las autoridades de Andaluc\u00eda y Catalu\u00f1a que se encuentran bajo alerta roja se anticiparon a los efectos de las lluvias y enviaron con antelaci\u00f3n un mensaje de alerta a los celulares. \u201cSea muy prudente, evite los desplazamientos y siga los consejos\u201d de los servicios de emergencia, dec\u00eda la que se envi\u00f3 en M\u00e1laga, cuya recepci\u00f3n provoca un fuerte pitido.<\/p>\n","protected":false},"excerpt":{"rendered":"<p>Hay miles de evacuados en el sur y el nordeste del pa\u00eds. Cierran escuelas y suspenden el servicio de trenes. La Agencia Estatal de Meteorolog\u00eda espa\u00f1ola (Aemet) activ\u00f3 la\u00a0alerta roja\u00a0porque&hellip; <\/p>\n","protected":false},"author":8,"featured_media":172697,"comment_status":"closed","ping_status":"open","sticky":false,"template":"","format":"standard","meta":{"footnotes":""},"categories":[11],"tags":[],"class_list":["post-172696","post","type-post","status-publish","format-standard","has-post-thumbnail","hentry","category-internacionales"],"_links":{"self":[{"href":"https:\/\/corrientesdetarde.com\/index.php\/wp-json\/wp\/v2\/posts\/172696","targetHints":{"allow":["GET"]}}],"collection":[{"href":"https:\/\/corrientesdetarde.com\/index.php\/wp-json\/wp\/v2\/posts"}],"about":[{"href":"https:\/\/corrientesdetarde.com\/index.php\/wp-json\/wp\/v2\/types\/post"}],"author":[{"embeddable":true,"href":"https:\/\/corrientesdetarde.com\/index.php\/wp-json\/wp\/v2\/users\/8"}],"replies":[{"embeddable":true,"href":"https:\/\/corrientesdetarde.com\/index.php\/wp-json\/wp\/v2\/comments?post=172696"}],"version-history":[{"count":1,"href":"https:\/\/corrientesdetarde.com\/index.php\/wp-json\/wp\/v2\/posts\/172696\/revisions"}],"predecessor-version":[{"id":172698,"href":"https:\/\/corrientesdetarde.com\/index.php\/wp-json\/wp\/v2\/posts\/172696\/revisions\/172698"}],"wp:featuredmedia":[{"embeddable":true,"href":"https:\/\/corrientesdetarde.com\/index.php\/wp-json\/wp\/v2\/media\/172697"}],"wp:attachment":[{"href":"https:\/\/corrientesdetarde.com\/index.php\/wp-json\/wp\/v2\/media?parent=172696"}],"wp:term":[{"taxonomy":"category","embeddable":true,"href":"https:\/\/corrientesdetarde.com\/index.php\/wp-json\/wp\/v2\/categories?post=172696"},{"taxonomy":"post_tag","embeddable":true,"href":"https:\/\/corrientesdetarde.com\/index.php\/wp-json\/wp\/v2\/tags?post=172696"}],"curies":[{"name":"wp","href":"https:\/\/api.w.org\/{rel}","templated":true}]}}