{"id":172713,"date":"2024-11-13T17:08:56","date_gmt":"2024-11-13T20:08:56","guid":{"rendered":"https:\/\/corrientesdetarde.com\/?p=172713"},"modified":"2024-11-13T17:09:01","modified_gmt":"2024-11-13T20:09:01","slug":"javier-milei-aseguro-que-buscara-firmar-un-tratado-de-libre-comercio-con-los-estados-unidos","status":"publish","type":"post","link":"https:\/\/corrientesdetarde.com\/index.php\/politica\/javier-milei-aseguro-que-buscara-firmar-un-tratado-de-libre-comercio-con-los-estados-unidos\/","title":{"rendered":"Javier Milei asegur\u00f3 que buscar\u00e1 firmar un tratado de libre comercio con los Estados Unidos"},"content":{"rendered":"\n<p>El Presidente dijo que hablar\u00e1 de la situaci\u00f3n con Donald Trump cuando se re\u00fanan en la CPAC este jueves. Tambi\u00e9n confirm\u00f3 que viajar\u00e1 a China en marzo.<\/p>\n\n\n\n<p>Javier Milei anticip\u00f3 que buscar\u00e1 firmar un tratado de libre comercio con los Estados Unidos. El mandatario asegur\u00f3 que hablar\u00e1 del asunto con Donald Trump, cuando se re\u00fanan este jueves y viernes en la CPAC.<\/p>\n\n\n\n<p>\u201cEn estas condiciones nosotros podemos avanzar en mayores acuerdos comerciales con Estados Unidos, de la misma manera que estamos avanzando con China\u201d, asegur\u00f3 Milei en di\u00e1logo con<em>\u00a0Radio Rivadavia<\/em>.<\/p>\n\n\n\n<p>Asimismo, el mandatario dijo estar confiado con la nueva gesti\u00f3n republicana por la ayuda que puede darle a la Argentina en el marco de las negociaciones con el&nbsp;<strong>Fondo Monetario Internacional (FMI)<\/strong>. Para Milei \u201ces de esperar\u201d que la administraci\u00f3n de Trump \u201capoye para seguir avanzando con el FMI\u201d.<\/p>\n\n\n\n<p>En ese sentido, el libertario asegur\u00f3 que \u201cest\u00e1 claro que el presidente electo se siente mucho m\u00e1s c\u00f3modo trabajando conmigo que con otros&nbsp;<strong>gobiernos\u201d.<\/strong><\/p>\n\n\n\n<p>Sobre la relaci\u00f3n con China, Milei confirm\u00f3 que&nbsp;<strong>viajar\u00e1 a Beinjing en marzo del a\u00f1o que viene,&nbsp;<\/strong>para la cumbre de la Comunidad de Estados Latinoamericanos y Caribe\u00f1os (CELAC).<\/p>\n\n\n\n<p>Este jueves a las 7.30, Javier Milei partir\u00e1 hacia Estados Unidos, Florida, para participar de la Conferencia Pol\u00edtica de Acci\u00f3n Conservadora (CPAC). El evento se realizar\u00e1 en la residencia Mar-a-Lago de Donald Trump. All\u00ed disertar\u00e1, pero tambi\u00e9n se encontrar\u00e1 con el pr\u00f3ximo presidente norteamericano tras su triunfo en las elecciones.<\/p>\n\n\n\n<p>Seg\u00fan Milei, con Trump tiene \u201cuna excelente relaci\u00f3n\u201d. Es por eso que el libertario dijo que el republicano lo acompa\u00f1ar\u00e1 en sus pr\u00f3ximos pasos: \u201cTrump dijo que yo era su Presidente favorito\u201d, ratific\u00f3.<\/p>\n","protected":false},"excerpt":{"rendered":"<p>El Presidente dijo que hablar\u00e1 de la situaci\u00f3n con Donald Trump cuando se re\u00fanan en la CPAC este jueves. Tambi\u00e9n confirm\u00f3 que viajar\u00e1 a China en marzo. Javier Milei anticip\u00f3&hellip; <\/p>\n","protected":false},"author":8,"featured_media":172714,"comment_status":"closed","ping_status":"open","sticky":false,"template":"","format":"standard","meta":{"footnotes":""},"categories":[3],"tags":[],"class_list":["post-172713","post","type-post","status-publish","format-standard","has-post-thumbnail","hentry","category-politica"],"_links":{"self":[{"href":"https:\/\/corrientesdetarde.com\/index.php\/wp-json\/wp\/v2\/posts\/172713","targetHints":{"allow":["GET"]}}],"collection":[{"href":"https:\/\/corrientesdetarde.com\/index.php\/wp-json\/wp\/v2\/posts"}],"about":[{"href":"https:\/\/corrientesdetarde.com\/index.php\/wp-json\/wp\/v2\/types\/post"}],"author":[{"embeddable":true,"href":"https:\/\/corrientesdetarde.com\/index.php\/wp-json\/wp\/v2\/users\/8"}],"replies":[{"embeddable":true,"href":"https:\/\/corrientesdetarde.com\/index.php\/wp-json\/wp\/v2\/comments?post=172713"}],"version-history":[{"count":1,"href":"https:\/\/corrientesdetarde.com\/index.php\/wp-json\/wp\/v2\/posts\/172713\/revisions"}],"predecessor-version":[{"id":172715,"href":"https:\/\/corrientesdetarde.com\/index.php\/wp-json\/wp\/v2\/posts\/172713\/revisions\/172715"}],"wp:featuredmedia":[{"embeddable":true,"href":"https:\/\/corrientesdetarde.com\/index.php\/wp-json\/wp\/v2\/media\/172714"}],"wp:attachment":[{"href":"https:\/\/corrientesdetarde.com\/index.php\/wp-json\/wp\/v2\/media?parent=172713"}],"wp:term":[{"taxonomy":"category","embeddable":true,"href":"https:\/\/corrientesdetarde.com\/index.php\/wp-json\/wp\/v2\/categories?post=172713"},{"taxonomy":"post_tag","embeddable":true,"href":"https:\/\/corrientesdetarde.com\/index.php\/wp-json\/wp\/v2\/tags?post=172713"}],"curies":[{"name":"wp","href":"https:\/\/api.w.org\/{rel}","templated":true}]}}