{"id":172722,"date":"2024-11-13T17:19:23","date_gmt":"2024-11-13T20:19:23","guid":{"rendered":"https:\/\/corrientesdetarde.com\/?p=172722"},"modified":"2024-11-13T17:19:35","modified_gmt":"2024-11-13T20:19:35","slug":"con-mas-de-400-invitados-y-un-discurso-de-milei-se-lanza-esta-noche-el-think-tank-libertario-faro","status":"publish","type":"post","link":"https:\/\/corrientesdetarde.com\/index.php\/actualidad\/con-mas-de-400-invitados-y-un-discurso-de-milei-se-lanza-esta-noche-el-think-tank-libertario-faro\/","title":{"rendered":"Con m\u00e1s de 400 invitados y un discurso de Milei, se lanza esta noche el think tank libertario Faro"},"content":{"rendered":"\n<p>Cada comensal deber\u00e1 pagar su plato para poder asistir. La organizaci\u00f3n estar\u00e1 presidida por el polit\u00f3logo y escritor de derecha, Agust\u00edn Laje.<\/p>\n\n\n\n<p>Este mi\u00e9rcoles a las 20 en Puerto Madero se realizar\u00e1 la cena lanzamiento de la Fundaci\u00f3n Faro, el think tank libertario que estar\u00e1 presidido por el polit\u00f3logo y escritor cercano a\u00a0<strong>Javier Milei,<\/strong>\u00a0Agust\u00edn Laje. El evento contar\u00e1 con la presencia del Presidente y se esperan alrededor de 400 invitados, entre integrantes del arco pol\u00edtico y empresarios.<\/p>\n\n\n\n<p>El objetivo de la cena es dar a conocer la Fundaci\u00f3n, ya que ser\u00e1 el primer evento desde que se anunci\u00f3 su conformaci\u00f3n. Sin embargo,\u00a0<strong>cada comensal deber\u00e1 pagar su plato para poder asistir.<\/strong><\/p>\n\n\n\n<p>Seg\u00fan pudo saber, Laje dar\u00e1 una disertaci\u00f3n entre 15 y 20 minutos donde explicar\u00e1 el concepto de batalla cultural en el que se enfocar\u00e1 la Fundaci\u00f3n Faro. Adem\u00e1s, seg\u00fan uno de los organizadores, tocar\u00e1 tem\u00e1ticas econ\u00f3micas y \u201cabrir\u00e1 el juego para hablar sobre asuntos culturales, como<strong>\u00a0enfrentar la Agenda Woke<\/strong>\u201d. Tambi\u00e9n se espera que Milei\u00a0<strong>exprese unas palabras.<\/strong><\/p>\n\n\n\n<p>El think tank, adem\u00e1s de ser un centro de ideas, quiere ser una<strong>&nbsp;usina de formaci\u00f3n:&nbsp;<\/strong>\u201cVamos a apuntar a tres tipos de perfiles. Uno es orientado hacia los<strong>&nbsp;futuros pol\u00edticos<\/strong>; otro hacia los referentes culturales, influencers, streamers y&nbsp;<strong>periodistas<\/strong>; y el \u00faltimo est\u00e1 focalizado en los&nbsp;<strong>empresarios<\/strong>\u201d, asegur\u00f3 la misma fuente.<\/p>\n\n\n\n<p>Entre los programas que ense\u00f1an aparecen<strong>&nbsp;la \u00e9tica empresarial, la gesti\u00f3n financiera y las habilidades&nbsp;<\/strong>empresariales. Para emprendedores, la Fundaci\u00f3n trabaja junto a Endeavor para \u201cgenerar un espacio de intercambio constante\u201d. Asimismo, el organismo servir\u00e1 para<strong>&nbsp;recaudar fondos para la causa libertaria, aunque desde la organizaci\u00f3n aseguran que no tiene relaci\u00f3n con el Gobierno.<\/strong><\/p>\n\n\n\n<p>La creaci\u00f3n de El Faro fue ideada por el \u201ctri\u00e1ngulo de hierro\u201d del Ejecutivo, conformado por Milei, Karina Milei y Santiago Caputo. La decisi\u00f3n ocurri\u00f3 tras las cr\u00edticas de la Casa Rosada al oficialismo en el Congreso, que los acusa de ser \u201cinfluenciados f\u00e1cilmente por la oposici\u00f3n\u201d. La misi\u00f3n del oficialismo es llegar a las elecciones de medio t\u00e9rmino&nbsp;<strong>sin alianzas como ocurri\u00f3 en 2023.<\/strong><\/p>\n\n\n\n<p>Pero adem\u00e1s, a trav\u00e9s de la fundaci\u00f3n y la cena se busca demostrar cu\u00e1nto<strong>&nbsp;apoyo corporativo tiene la gesti\u00f3n de Javier Milei.<\/strong>&nbsp;Asimismo, el Ejecutivo eval\u00faa&nbsp;<strong>figuras del sector privado<\/strong>&nbsp;con trayectoria empresarial para que integren las listas en el pr\u00f3ximo proceso electoral. Tienen como referencias al CEO de Globant, Mart\u00edn Migoya, y al fundador de Mercado Libre, Marcos Galper\u00edn.<\/p>\n\n\n\n<p><strong>\u201cQueremos que el empresariado se comprometa con las ideas de la libertad&nbsp;<\/strong>y que no termine pasando lo que ocurri\u00f3 en otras latitudes del mundo, donde el empresariado se cas\u00f3 con las ideas socialistas y con la Agenda Woke\u201d, explic\u00f3 una fuente libertaria.<\/p>\n\n\n\n<figure class=\"wp-block-image\"><img decoding=\"async\" src=\"https:\/\/tn.com.ar\/resizer\/v2\/el-logo-de-la-nueva-fundacion-libertaria-foto-fundacion-faro-EM73RVU5WVDQXK64ETRKBH2ULM.jpg?auth=3def337aad0d921cf8331017b513bf0669af923e3e26e37f10fe04f6c8d66122&amp;width=767\" alt=\"El logo de la nueva fundaci\u00f3n libertaria (Foto: Fundaci\u00f3n Faro).\"\/><figcaption class=\"wp-element-caption\">El logo de la nueva fundaci\u00f3n libertaria <\/figcaption><\/figure>\n\n\n\n<p>La Fundaci\u00f3n Faro tambi\u00e9n presenta una direcci\u00f3n ejecutiva, dirigida por Laje, referente\u00a0<strong>libertario \u00edntimo de Milei,\u00a0<\/strong>polit\u00f3logo y escritor. Los subdirectores son Axel Kaiser, Adri\u00e1n Ravier y Alberto Benegas Lynch preside el consejo internacional.<\/p>\n\n\n\n<p>La presencia de Javier Milei en la cena ser\u00e1 la previa de su viaje a Estados Unidos para encontrarse con&nbsp;<strong>Donald Trump<\/strong>&nbsp;en la Conferencia Pol\u00edtica de Acci\u00f3n Conservadora (CPAC) en Florida. En ese evento tambi\u00e9n expondr\u00e1 frente a inversores que podr\u00edan estar interesados en Argentina.<\/p>\n","protected":false},"excerpt":{"rendered":"<p>Cada comensal deber\u00e1 pagar su plato para poder asistir. La organizaci\u00f3n estar\u00e1 presidida por el polit\u00f3logo y escritor de derecha, Agust\u00edn Laje. Este mi\u00e9rcoles a las 20 en Puerto Madero&hellip; <\/p>\n","protected":false},"author":8,"featured_media":172723,"comment_status":"closed","ping_status":"open","sticky":false,"template":"","format":"standard","meta":{"footnotes":""},"categories":[23],"tags":[],"class_list":["post-172722","post","type-post","status-publish","format-standard","has-post-thumbnail","hentry","category-actualidad"],"_links":{"self":[{"href":"https:\/\/corrientesdetarde.com\/index.php\/wp-json\/wp\/v2\/posts\/172722","targetHints":{"allow":["GET"]}}],"collection":[{"href":"https:\/\/corrientesdetarde.com\/index.php\/wp-json\/wp\/v2\/posts"}],"about":[{"href":"https:\/\/corrientesdetarde.com\/index.php\/wp-json\/wp\/v2\/types\/post"}],"author":[{"embeddable":true,"href":"https:\/\/corrientesdetarde.com\/index.php\/wp-json\/wp\/v2\/users\/8"}],"replies":[{"embeddable":true,"href":"https:\/\/corrientesdetarde.com\/index.php\/wp-json\/wp\/v2\/comments?post=172722"}],"version-history":[{"count":1,"href":"https:\/\/corrientesdetarde.com\/index.php\/wp-json\/wp\/v2\/posts\/172722\/revisions"}],"predecessor-version":[{"id":172724,"href":"https:\/\/corrientesdetarde.com\/index.php\/wp-json\/wp\/v2\/posts\/172722\/revisions\/172724"}],"wp:featuredmedia":[{"embeddable":true,"href":"https:\/\/corrientesdetarde.com\/index.php\/wp-json\/wp\/v2\/media\/172723"}],"wp:attachment":[{"href":"https:\/\/corrientesdetarde.com\/index.php\/wp-json\/wp\/v2\/media?parent=172722"}],"wp:term":[{"taxonomy":"category","embeddable":true,"href":"https:\/\/corrientesdetarde.com\/index.php\/wp-json\/wp\/v2\/categories?post=172722"},{"taxonomy":"post_tag","embeddable":true,"href":"https:\/\/corrientesdetarde.com\/index.php\/wp-json\/wp\/v2\/tags?post=172722"}],"curies":[{"name":"wp","href":"https:\/\/api.w.org\/{rel}","templated":true}]}}