{"id":172725,"date":"2024-11-13T19:37:48","date_gmt":"2024-11-13T22:37:48","guid":{"rendered":"https:\/\/corrientesdetarde.com\/?p=172725"},"modified":"2024-11-13T19:37:53","modified_gmt":"2024-11-13T22:37:53","slug":"malena-guinzburg-en-corrientes-y-resistencia-nuevas-funciones-por-entradas-agotadas","status":"publish","type":"post","link":"https:\/\/corrientesdetarde.com\/index.php\/actualidad\/malena-guinzburg-en-corrientes-y-resistencia-nuevas-funciones-por-entradas-agotadas\/","title":{"rendered":"Malena Guinzburg en Corrientes y Resistencia: nuevas funciones por entradas agotadas"},"content":{"rendered":"\n<p>A pedido del p\u00fablico, la actr\u00edz y comediante anunci\u00f3 dos nuevos shows en el NEA para presentar su unipersonal \u201cQuerido Diario\u201d. Las presentaciones ser\u00e1n el viernes 22 de noviembre a las 23.30 horas en el Auditorio Casa del M\u00e9dico (Av. \u00c1valos 450, Resistencia) y el s\u00e1bado 23 de noviembre\u00a0 a las 23 horas en la Sociedad Cultural Israel\u00edta (San Mart\u00edn 1473, Corrientes). Las entradas se pueden adquirir online a trav\u00e9s de\u00a0passline.com\u00a0y en los puntos de ventas oficiales ubicados en Opui (Mitre 225, Resistencia) y en Que sea Rock (Pellegrini 1501, Corrientes).<\/p>\n\n\n\n<p>Malena Guinzburg, naci\u00f3 el 5 de febrero de 1978. Actriz, comediante de stand up y guionista argentina, particip\u00f3 en programas de radio y televisi\u00f3n, donde consigui\u00f3 destacarse con participaciones y mon\u00f3logos en programas como&nbsp;<em>Periodismo para todos&nbsp;<\/em>conducido por Jorge Lanata, el programa de Susana Gimenez y Morfi. Su participaci\u00f3n como panelista en este \u00faltimo programa le vali\u00f3 el premio Tato 2017 y 2018.&nbsp;<\/p>\n\n\n\n<p>En teatro form\u00f3 parte de los espect\u00e1culos: D<em>e a 1 Canchero, M\u00e1s canchero, Cancheritos, Pucha, El \u00e1rbol que tapa el bosque, Mucho y Las chicas de la culpa<\/em>.<\/p>\n\n\n\n<p>Tras una exitosa temporada en Buenos Aires a sala llena, Malena vuelve con un show \u00edntimo y sincero con el que ya hizo re\u00edr a miles por todo el pa\u00eds. Con la iron\u00eda y el humor que la caracterizan, repasa temas de su vida como el amor (el desamor, en realidad), las redes, las dietas, el sexo, los boliches, los rompecabezas.<\/p>\n\n\n\n<p>Recorre desde su infancia, pasando por su adolescencia, hasta su presente. Leyendo partes de su diario \u00edntimo (que de \u00edntimo ya no tiene nada) y cartas que nunca deber\u00eda haber escrito. Esas cosas que todos queremos ocultar, Malena las saca a la luz con ternura para re\u00edrse junto al p\u00fablico.<\/p>\n\n\n\n<p>\u201cQui\u00e9n no atraves\u00f3 una adolescencia sufriendo por amor? Qui\u00e9n no deshoj\u00f3 margaritas preguntando por ese amado? Qui\u00e9n no cre\u00eda que todo era terrible y dram\u00e1tico? Qui\u00e9n no suspiraba por uno en marzo y por otro en Julio? Qui\u00e9n no anotaba en su diario \u00edntimo todo lo que sent\u00eda? Qui\u00e9n no dibuj\u00f3 corazones con su nombre? Qui\u00e9n no escribi\u00f3 un poema horrible? \u00bfQui\u00e9n no hizo dieta alguna vez y le duraba s\u00f3lo un d\u00eda? YO HICE TODO ESO!!!\u201d Cuenta Malena sobre la inspiraci\u00f3n de este unipersonal.<\/p>\n\n\n\n<p>El show en Resistencia ser\u00e1 el viernes 22 de noviembre a las 23.30 horas en el Auditorio Casa del M\u00e9dico (Av. \u00c1valos 450). Las entradas se pueden adquirir online a trav\u00e9s de\u00a0passline.com\u00a0y en el punto de venta oficial ubicado en Opui (Mitre 225, Resistencia).<\/p>\n\n\n\n<p>Al otro d\u00eda, s\u00e1bado 23 de noviembre Malena llega a Corrientes para presentarse el s\u00e1bado 23 de noviembre a las 23 horas en la Sociedad Cultural Israel\u00edta (San Mart\u00edn 1473). Los tickets se pueden comprar online a trav\u00e9s de\u00a0passline.com\u00a0y en el punto de venta oficial ubicado en Que sea Rock (Pellegrini 1501, Corrientes).<\/p>\n\n\n\n<p>+info:<\/p>\n\n\n\n<p>@mambo.produce<\/p>\n\n\n\n<p>Entradas Resistencia:<\/p>\n\n\n\n<p><a href=\"https:\/\/www.passline.com\/eventos-plano\/malena-guinzburg-en-resistencia-nueva-funcion-2330-hs\">https:\/\/www.passline.com\/eventos-plano\/malena-guinzburg-en-resistencia-nueva-funcion-2330-hs<\/a><\/p>\n\n\n\n<p>Entradas Corrientes:<\/p>\n\n\n\n<p><a href=\"https:\/\/www.passline.com\/eventos\/malena-guinzburg-en-corrientes-nueva-funcion-23-hs\">https:\/\/www.passline.com\/eventos\/malena-guinzburg-en-corrientes-nueva-funcion-23-hs<\/a><\/p>\n","protected":false},"excerpt":{"rendered":"<p>A pedido del p\u00fablico, la actr\u00edz y comediante anunci\u00f3 dos nuevos shows en el NEA para presentar su unipersonal \u201cQuerido Diario\u201d. Las presentaciones ser\u00e1n el viernes 22 de noviembre a&hellip; <\/p>\n","protected":false},"author":4,"featured_media":172732,"comment_status":"closed","ping_status":"open","sticky":false,"template":"","format":"standard","meta":{"footnotes":""},"categories":[23],"tags":[],"class_list":["post-172725","post","type-post","status-publish","format-standard","has-post-thumbnail","hentry","category-actualidad"],"_links":{"self":[{"href":"https:\/\/corrientesdetarde.com\/index.php\/wp-json\/wp\/v2\/posts\/172725","targetHints":{"allow":["GET"]}}],"collection":[{"href":"https:\/\/corrientesdetarde.com\/index.php\/wp-json\/wp\/v2\/posts"}],"about":[{"href":"https:\/\/corrientesdetarde.com\/index.php\/wp-json\/wp\/v2\/types\/post"}],"author":[{"embeddable":true,"href":"https:\/\/corrientesdetarde.com\/index.php\/wp-json\/wp\/v2\/users\/4"}],"replies":[{"embeddable":true,"href":"https:\/\/corrientesdetarde.com\/index.php\/wp-json\/wp\/v2\/comments?post=172725"}],"version-history":[{"count":1,"href":"https:\/\/corrientesdetarde.com\/index.php\/wp-json\/wp\/v2\/posts\/172725\/revisions"}],"predecessor-version":[{"id":172733,"href":"https:\/\/corrientesdetarde.com\/index.php\/wp-json\/wp\/v2\/posts\/172725\/revisions\/172733"}],"wp:featuredmedia":[{"embeddable":true,"href":"https:\/\/corrientesdetarde.com\/index.php\/wp-json\/wp\/v2\/media\/172732"}],"wp:attachment":[{"href":"https:\/\/corrientesdetarde.com\/index.php\/wp-json\/wp\/v2\/media?parent=172725"}],"wp:term":[{"taxonomy":"category","embeddable":true,"href":"https:\/\/corrientesdetarde.com\/index.php\/wp-json\/wp\/v2\/categories?post=172725"},{"taxonomy":"post_tag","embeddable":true,"href":"https:\/\/corrientesdetarde.com\/index.php\/wp-json\/wp\/v2\/tags?post=172725"}],"curies":[{"name":"wp","href":"https:\/\/api.w.org\/{rel}","templated":true}]}}