{"id":173634,"date":"2024-11-18T10:00:22","date_gmt":"2024-11-18T13:00:22","guid":{"rendered":"https:\/\/corrientesdetarde.com\/?p=173634"},"modified":"2024-11-18T10:00:26","modified_gmt":"2024-11-18T13:00:26","slug":"facundo-mura-el-heroe-de-la-tarde-para-racing-le-dedico-el-triunfo-a-su-perro","status":"publish","type":"post","link":"https:\/\/corrientesdetarde.com\/index.php\/deportes\/facundo-mura-el-heroe-de-la-tarde-para-racing-le-dedico-el-triunfo-a-su-perro\/","title":{"rendered":"Facundo Mura, el h\u00e9roe de la tarde para Racing, le dedic\u00f3 el triunfo a su perro"},"content":{"rendered":"\n<p>El lateral afirm\u00f3 estar pasando por un momento dif\u00edcil porque su mascota no est\u00e1 bien de salud.<\/p>\n\n\n\n<p>El defensor de Racing Facundo Mura fue el \u00eddolo de la tarde para los hinchas de la &#8220;Academia&#8221;, ya que le dio el triunfo al equipo de Avellaneda con un doblete, y no dej\u00f3 pasar el momento de mandarle fuerzas a su perro y a su novia.<\/p>\n\n\n\n<p>En la entrevista pospartido, en el que Mura fue elegido como la figura, el lateral aprovech\u00f3 la situaci\u00f3n para mandarle un saludo a su novia, por el mal momento de salud que pasa su perro.<\/p>\n\n\n\n<p>Adem\u00e1s, en los festejos de sus dos goles se lo vio besando su canillera, la cual ten\u00eda una foto de su novia, el perro y \u00e9l.&nbsp;<\/p>\n","protected":false},"excerpt":{"rendered":"<p>El lateral afirm\u00f3 estar pasando por un momento dif\u00edcil porque su mascota no est\u00e1 bien de salud. El defensor de Racing Facundo Mura fue el \u00eddolo de la tarde para&hellip; <\/p>\n","protected":false},"author":3,"featured_media":173649,"comment_status":"closed","ping_status":"open","sticky":false,"template":"","format":"standard","meta":{"footnotes":""},"categories":[4],"tags":[],"class_list":["post-173634","post","type-post","status-publish","format-standard","has-post-thumbnail","hentry","category-deportes"],"_links":{"self":[{"href":"https:\/\/corrientesdetarde.com\/index.php\/wp-json\/wp\/v2\/posts\/173634","targetHints":{"allow":["GET"]}}],"collection":[{"href":"https:\/\/corrientesdetarde.com\/index.php\/wp-json\/wp\/v2\/posts"}],"about":[{"href":"https:\/\/corrientesdetarde.com\/index.php\/wp-json\/wp\/v2\/types\/post"}],"author":[{"embeddable":true,"href":"https:\/\/corrientesdetarde.com\/index.php\/wp-json\/wp\/v2\/users\/3"}],"replies":[{"embeddable":true,"href":"https:\/\/corrientesdetarde.com\/index.php\/wp-json\/wp\/v2\/comments?post=173634"}],"version-history":[{"count":1,"href":"https:\/\/corrientesdetarde.com\/index.php\/wp-json\/wp\/v2\/posts\/173634\/revisions"}],"predecessor-version":[{"id":173671,"href":"https:\/\/corrientesdetarde.com\/index.php\/wp-json\/wp\/v2\/posts\/173634\/revisions\/173671"}],"wp:featuredmedia":[{"embeddable":true,"href":"https:\/\/corrientesdetarde.com\/index.php\/wp-json\/wp\/v2\/media\/173649"}],"wp:attachment":[{"href":"https:\/\/corrientesdetarde.com\/index.php\/wp-json\/wp\/v2\/media?parent=173634"}],"wp:term":[{"taxonomy":"category","embeddable":true,"href":"https:\/\/corrientesdetarde.com\/index.php\/wp-json\/wp\/v2\/categories?post=173634"},{"taxonomy":"post_tag","embeddable":true,"href":"https:\/\/corrientesdetarde.com\/index.php\/wp-json\/wp\/v2\/tags?post=173634"}],"curies":[{"name":"wp","href":"https:\/\/api.w.org\/{rel}","templated":true}]}}