{"id":173636,"date":"2024-11-18T10:00:21","date_gmt":"2024-11-18T13:00:21","guid":{"rendered":"https:\/\/corrientesdetarde.com\/?p=173636"},"modified":"2024-11-18T10:00:26","modified_gmt":"2024-11-18T13:00:26","slug":"la-feria-sustentable-capitalina-tuvo-una-buena-presencia-de-publico","status":"publish","type":"post","link":"https:\/\/corrientesdetarde.com\/index.php\/informacion-general\/la-feria-sustentable-capitalina-tuvo-una-buena-presencia-de-publico\/","title":{"rendered":"La feria sustentable capitalina tuvo una buena presencia de p\u00fablico"},"content":{"rendered":"\n<p>Concluido este evento, la organizaci\u00f3n ambiental Correntinos Contra el Cambio Clim\u00e1tico ya trabaja en un encuentro similar, con la promesa de seguir impulsando el consumo responsable y fortaleciendo el ecosistema cultural y emprendedor de Corrientes.<\/p>\n\n\n\n<p>El fin de semana, Casa Mart\u00ednez fue el escenario de la Feria Sustentable, un evento que reuni\u00f3 a m\u00e1s de 28 emprendedores de diversos rubros como gastronom\u00eda, cosm\u00e9tica natural, moda circular y artesan\u00edas realizadas con materiales reutilizables.<\/p>\n\n\n\n<p>Este encuentro no solo convoc\u00f3 a una multitud de vecinos interesados en conocer y adquirir productos innovadores, sino que tambi\u00e9n se destac\u00f3 por promover una tem\u00e1tica central: el estilo de vida vegano.<\/p>\n\n\n\n<p>La edici\u00f3n incluy\u00f3 una fuerte apuesta a la concientizaci\u00f3n sobre el consumo responsable y \u00e9tico, destacando productos libres de crueldad animal, como cosm\u00e9tica natural sin testeo en animales, moda sin cuero ni materiales de origen animal, y opciones de alimentaci\u00f3n vegetariana y vegana. Este enfoque busc\u00f3 fomentar un estilo de vida sostenible y comprometido con el medio ambiente.<\/p>\n\n\n\n<figure class=\"wp-block-image\"><img decoding=\"async\" src=\"https:\/\/www.diarioepoca.com\/content\/bucket\/8\/1396848w380h291c.jpg.webp\" alt=\"\"\/><\/figure>\n\n\n\n<p>Desde la Fundaci\u00f3n Correntinos contra el Cambio Clim\u00e1tico, organizadora del evento, calificaron la feria como un gran \u00e9xito. &#8220;Hubo una excelente convocatoria, los emprendedores lograron muy buenas ventas y, sobre todo, se cumpli\u00f3 el objetivo de generar conciencia sobre el consumo sustentable. Ya estamos planificando una nueva edici\u00f3n para cerrar el a\u00f1o con m\u00e1s actividades,&#8221; destacaron los organizadores.<\/p>\n\n\n\n<p>Adem\u00e1s, el evento cont\u00f3 con un espacio art\u00edstico y cultural que dio visibilidad a talentos locales. Cecilia y Tom\u00e1s Mutio deleitaron al p\u00fablico con covers y canciones propias; mientras que la banda Habladur\u00edas, integrada por Agust\u00edn Scherf, Eugenia Regunaga y Santino Pirchi, hizo su debut en un show que fue muy bien recibido por los asistentes.<\/p>\n\n\n\n<p>La feria con el apoyo de la Direcci\u00f3n de Juventud de la Ciudad de Corrientes y el espacio brindado por Casa Mart\u00ednez, y organizada por la Fundaci\u00f3n Correntinos contra el cambio clim\u00e1tico, consolid\u00e1ndose como una plataforma clave para el desarrollo de emprendedores sustentables, articulando la feria con artistas independientes en la regi\u00f3n. Concluido este evento, la organizaci\u00f3n ambiental ya trabaja en la pr\u00f3xima feria, con la promesa de seguir impulsando el consumo responsable y fortaleciendo el ecosistema cultural y emprendedor de Corrientes.<\/p>\n\n\n\n<h2 class=\"wp-block-heading\">Cooperativa&nbsp;<\/h2>\n\n\n\n<p>Augusto Fr\u00edas, integrante de la cooperativa Corrientes Recicla, expres\u00f3 su preocupaci\u00f3n por la situaci\u00f3n actual que enfrentan los trabajadores, en medio de una creciente demanda de trabajo y una escasez de recursos.<\/p>\n\n\n\n<p>Fr\u00edas destac\u00f3 la dificultad de sostener las operaciones de saneamiento y recolecci\u00f3n diferenciada de residuos en los barrios populares, se\u00f1alando que el \u00fanico apoyo recibido proviene del Municipio, con escasos recursos.<\/p>\n","protected":false},"excerpt":{"rendered":"<p>Concluido este evento, la organizaci\u00f3n ambiental Correntinos Contra el Cambio Clim\u00e1tico ya trabaja en un encuentro similar, con la promesa de seguir impulsando el consumo responsable y fortaleciendo el ecosistema&hellip; <\/p>\n","protected":false},"author":3,"featured_media":173648,"comment_status":"closed","ping_status":"open","sticky":false,"template":"","format":"standard","meta":{"footnotes":""},"categories":[1],"tags":[],"class_list":["post-173636","post","type-post","status-publish","format-standard","has-post-thumbnail","hentry","category-informacion-general"],"_links":{"self":[{"href":"https:\/\/corrientesdetarde.com\/index.php\/wp-json\/wp\/v2\/posts\/173636","targetHints":{"allow":["GET"]}}],"collection":[{"href":"https:\/\/corrientesdetarde.com\/index.php\/wp-json\/wp\/v2\/posts"}],"about":[{"href":"https:\/\/corrientesdetarde.com\/index.php\/wp-json\/wp\/v2\/types\/post"}],"author":[{"embeddable":true,"href":"https:\/\/corrientesdetarde.com\/index.php\/wp-json\/wp\/v2\/users\/3"}],"replies":[{"embeddable":true,"href":"https:\/\/corrientesdetarde.com\/index.php\/wp-json\/wp\/v2\/comments?post=173636"}],"version-history":[{"count":1,"href":"https:\/\/corrientesdetarde.com\/index.php\/wp-json\/wp\/v2\/posts\/173636\/revisions"}],"predecessor-version":[{"id":173670,"href":"https:\/\/corrientesdetarde.com\/index.php\/wp-json\/wp\/v2\/posts\/173636\/revisions\/173670"}],"wp:featuredmedia":[{"embeddable":true,"href":"https:\/\/corrientesdetarde.com\/index.php\/wp-json\/wp\/v2\/media\/173648"}],"wp:attachment":[{"href":"https:\/\/corrientesdetarde.com\/index.php\/wp-json\/wp\/v2\/media?parent=173636"}],"wp:term":[{"taxonomy":"category","embeddable":true,"href":"https:\/\/corrientesdetarde.com\/index.php\/wp-json\/wp\/v2\/categories?post=173636"},{"taxonomy":"post_tag","embeddable":true,"href":"https:\/\/corrientesdetarde.com\/index.php\/wp-json\/wp\/v2\/tags?post=173636"}],"curies":[{"name":"wp","href":"https:\/\/api.w.org\/{rel}","templated":true}]}}