{"id":173638,"date":"2024-11-18T10:00:17","date_gmt":"2024-11-18T13:00:17","guid":{"rendered":"https:\/\/corrientesdetarde.com\/?p=173638"},"modified":"2024-11-18T10:00:26","modified_gmt":"2024-11-18T13:00:26","slug":"el-fresco-y-las-lluvias-vuelven-tras-dias-de-intenso-calor-en-corrientes","status":"publish","type":"post","link":"https:\/\/corrientesdetarde.com\/index.php\/clima\/el-fresco-y-las-lluvias-vuelven-tras-dias-de-intenso-calor-en-corrientes\/","title":{"rendered":"El fresco y las lluvias vuelven tras d\u00edas de intenso calor en Corrientes"},"content":{"rendered":"\n<p>Un clima m\u00e1s templado y precipitaciones dispersas ser\u00e1n protagonistas esta semana. Las temperaturas m\u00e1ximas rondar\u00edan los 26\u00baC. Ayer se suspendieron varios eventos culturales por las inclemencias clim\u00e1ticas.<\/p>\n\n\n\n<p>Luego de una semana complicada por temperaturas superiores a los 35\u00baC, el avance de una masa de aire fri\u00f3 a la regi\u00f3n har\u00e1 caer los registros de los term\u00f3metros. Adem\u00e1s se prev\u00e9n precipitaciones hasta por lo menos el viernes.<\/p>\n\n\n\n<p>El Servicio Meteorol\u00f3gico Nacional (SMN) anticipa para esta semana lluvias, sobre todo entre hoy y ma\u00f1ana con 70% de probabilidad. Mientras que este porcentaje disminuir\u00e1 a medida que se acerque el viernes, con un 40%.<\/p>\n\n\n\n<p>El SMN emiti\u00f3 ayer, a las 18, un Alerta Amarilla por tormentas para Ber\u00f3n de Astrada, Capital, Empedrado, General Paz, Itat\u00ed, Mburucuy\u00e1, Saladas, San Cosme y San Luis del Palmar. El \u00e1rea ser\u00eda afectada por tormentas, algunas localmente fuertes. Se espera que las mismas est\u00e9n acompa\u00f1adas por actividad el\u00e9ctrica frecuente, ca\u00edda de granizo y abundantes precipitaciones. Se estiman valores de agua acumulada entre 40 y 80 mm. El alerta rige durante toda esta ma\u00f1ana.<\/p>\n\n\n\n<p>El Comando Operativo de Emergencias (COE), dependiente del Ministerio de Seguridad de Corrientes, replic\u00f3 el alerta por tormentas, para la ma\u00f1ana del lunes 18 de noviembre. Este domingo, debido a las inclemencias clim\u00e1tica, distintos eventos culturales fueron suspendidos, como por ejemplo la Feria de las Colectividades en el parque Camba Cu\u00e1.<\/p>\n\n\n\n<p>El Instituto Correntino del Agua y el Ambiente (ICAA) registr\u00f3 un total de 30 mil\u00edmetros ca\u00eddos ayer en la zona c\u00e9ntrica de Capital. En horas de la ma\u00f1ana, las precipitaciones fueron m\u00e1s abundantes.<\/p>\n\n\n\n<figure class=\"wp-block-image\"><img decoding=\"async\" src=\"https:\/\/www.diarioepoca.com\/content\/bucket\/0\/1396850w380h898c.jpg.webp\" alt=\"\"\/><\/figure>\n\n\n\n<h2 class=\"wp-block-heading\">Clima templado<\/h2>\n\n\n\n<p>El sitio meteored.com, especializado en pron\u00f3sticos, destac\u00f3 que hoy ser\u00e1 protagonista el avance de un frente de aire fr\u00edo en el extremo Nordeste del pa\u00eds. &#8220;Aqu\u00ed pueden registrarse algunas precipitaciones dispersas, sin riesgos significativos y temperaturas m\u00e1s confortables&#8221;, anticip\u00f3 el meteor\u00f3logo Mauricio Sald\u00edvar.<\/p>\n\n\n\n<p>La previsi\u00f3n de Meteored sostiene que los d\u00edas con m\u00e1s probabilidad de tormentas ser\u00e1n hoy y ma\u00f1ana. En tanto, las temperaturas m\u00e1ximas podr\u00edan promediar a 25\u00baC. Condiciones que se mantendr\u00edan hasta el viernes.<\/p>\n\n\n\n<p>Por su parte, el SMN pronostica m\u00e1ximas promedio de 26\u00ba y m\u00ednimas en torno a los 16\u00ba hasta el \u00faltimo d\u00eda de la semana. Mientras que para el s\u00e1bado y domingo, el calor volver\u00eda a ser protagonista con t\u00e9rmicas superiores a 30\u00baC.<\/p>\n\n\n\n<p>Vale recordar que la masa de aire caliente instalada en la regi\u00f3n favorece la generaci\u00f3n de lluvias. Vale recordar que un frente fr\u00edo es una masa de aire que avanza hacia una regi\u00f3n de aire m\u00e1s c\u00e1lido. Este choque de masas de aire logra un descenso de temperaturas, cambios en el viento y, en ocasiones, precipitaciones.<\/p>\n\n\n\n<p>En el frente fr\u00edo, el aire fr\u00edo es m\u00e1s denso y se desliza por debajo del aire c\u00e1lido, lo que provoca que el aire c\u00e1lido sea forzado a ascender, lo que puede generar nubes y tormentas.<\/p>\n","protected":false},"excerpt":{"rendered":"<p>Un clima m\u00e1s templado y precipitaciones dispersas ser\u00e1n protagonistas esta semana. Las temperaturas m\u00e1ximas rondar\u00edan los 26\u00baC. Ayer se suspendieron varios eventos culturales por las inclemencias clim\u00e1ticas. Luego de una&hellip; <\/p>\n","protected":false},"author":3,"featured_media":173646,"comment_status":"closed","ping_status":"open","sticky":false,"template":"","format":"standard","meta":{"footnotes":""},"categories":[29],"tags":[],"class_list":["post-173638","post","type-post","status-publish","format-standard","has-post-thumbnail","hentry","category-clima"],"_links":{"self":[{"href":"https:\/\/corrientesdetarde.com\/index.php\/wp-json\/wp\/v2\/posts\/173638","targetHints":{"allow":["GET"]}}],"collection":[{"href":"https:\/\/corrientesdetarde.com\/index.php\/wp-json\/wp\/v2\/posts"}],"about":[{"href":"https:\/\/corrientesdetarde.com\/index.php\/wp-json\/wp\/v2\/types\/post"}],"author":[{"embeddable":true,"href":"https:\/\/corrientesdetarde.com\/index.php\/wp-json\/wp\/v2\/users\/3"}],"replies":[{"embeddable":true,"href":"https:\/\/corrientesdetarde.com\/index.php\/wp-json\/wp\/v2\/comments?post=173638"}],"version-history":[{"count":1,"href":"https:\/\/corrientesdetarde.com\/index.php\/wp-json\/wp\/v2\/posts\/173638\/revisions"}],"predecessor-version":[{"id":173668,"href":"https:\/\/corrientesdetarde.com\/index.php\/wp-json\/wp\/v2\/posts\/173638\/revisions\/173668"}],"wp:featuredmedia":[{"embeddable":true,"href":"https:\/\/corrientesdetarde.com\/index.php\/wp-json\/wp\/v2\/media\/173646"}],"wp:attachment":[{"href":"https:\/\/corrientesdetarde.com\/index.php\/wp-json\/wp\/v2\/media?parent=173638"}],"wp:term":[{"taxonomy":"category","embeddable":true,"href":"https:\/\/corrientesdetarde.com\/index.php\/wp-json\/wp\/v2\/categories?post=173638"},{"taxonomy":"post_tag","embeddable":true,"href":"https:\/\/corrientesdetarde.com\/index.php\/wp-json\/wp\/v2\/tags?post=173638"}],"curies":[{"name":"wp","href":"https:\/\/api.w.org\/{rel}","templated":true}]}}