{"id":173640,"date":"2024-11-18T10:00:20","date_gmt":"2024-11-18T13:00:20","guid":{"rendered":"https:\/\/corrientesdetarde.com\/?p=173640"},"modified":"2024-11-18T10:00:26","modified_gmt":"2024-11-18T13:00:26","slug":"pampita-nunca-me-imagine-que-se-iba-a-destruir-todo","status":"publish","type":"post","link":"https:\/\/corrientesdetarde.com\/index.php\/espectaculos\/pampita-nunca-me-imagine-que-se-iba-a-destruir-todo\/","title":{"rendered":"Pampita : &#8220;Nunca me imagin\u00e9 que se iba a destruir todo&#8221;"},"content":{"rendered":"\n<p>La conductora tuvo un mano a mano con Susana Gim\u00e9nez. &#8220;El 20 de septiembre se termin\u00f3 la relaci\u00f3n&#8221;, afirm\u00f3. La confirmaci\u00f3n de su romance con Mart\u00edn Pepa. Sus frases m\u00e1s fuertes.<\/p>\n\n\n\n<p>El esperado mano a mano de Pampita con Susana Gim\u00e9nez se dio el \u00faltimo domingo. La animadora en una charla con la diva profundiz\u00f3 por primera vez en su separaci\u00f3n de Roberto Garc\u00eda Morit\u00e1n, con quien estuvo casada cinco a\u00f1os y tiene una hija en com\u00fan. Adem\u00e1s, confirm\u00f3 su incipiente romance con Mart\u00edn Pepa, el hombre que la enamor\u00f3.<\/p>\n\n\n\n<p>&#8220;Bajaste de peso&#8221;, coment\u00f3 la diva al ver a la conductora entrando al estudio, ce\u00f1ida en un vestido negro. &#8220;S\u00ed, estoy bomba&#8221;, coment\u00f3 Carolina, risue\u00f1a y recibi\u00f3 una tremenda frase del otro lado. &#8220;No me digas que te hizo bajar de peso este tipo&#8221;, arroj\u00f3. En medio de un clima tenso, Susana volvi\u00f3 a la carga contra el economista. &#8220;Bueno, bajaste de peso, est\u00e1s b\u00e1rbara. Hay que agradecerle a ese est\u00fapido&#8221;, lanz\u00f3, pol\u00e9mica, momento en el que la modelo la fren\u00f3. &#8220;Par\u00e1. No le digas as\u00ed a Robert, porfa. No estoy peleada con \u00e9l. Nunca. Yo no quedo peleada con nadie. Yo siempre quedo bien con la gente que fue parte de mi vida. Siempre&#8221;, afirm\u00f3, en son de paz y marcando el tono de la charla.<\/p>\n\n\n\n<p>&#8220;Yo me quedo con lo bueno de este matrimonio. Adem\u00e1s, est\u00e1 Anita. Fue un regalo. Yo necesitaba volver a ser mam\u00e1 y una hija mujer sana un mont\u00f3n de cosas. Para m\u00ed siempre va a ser infinito el agradecimiento que voy a tener con Robert por Anita. Soy muy consciente que es un regalo maravilloso esa hija en mi vida&#8221;, expres\u00f3.<\/p>\n\n\n\n<p>Sin embargo, Susana fue punzante al indagar sobre los motivos por los que se termin\u00f3 el matrimonio y consigui\u00f3, poco a poco, que se abra sobre el esc\u00e1ndalo. &#8220;Fue una bomba. Explot\u00f3 todo y no se pudo pegar&#8221;, se sincer\u00f3, mientras prefer\u00eda no entrar en detalles. En ese momento la animadora le pregunt\u00f3 si &#8220;hab\u00eda revoleado un cenicero&#8221;. &#8220;Pareces una santa&#8221;, le dijo, pero Pampita marc\u00f3 sus diferencias: &#8220;Qu\u00e9 voy a ser una santa. No voy con la mentira&#8221;. &#8220;El 20 de septiembre se termin\u00f3 la relaci\u00f3n&#8221;, pormenoriz\u00f3, sobre la fecha en la que la relaci\u00f3n lleg\u00f3 a su fin, mientras prefer\u00eda no hablar de infidelidades ni de los motivos que los llevaron a su final.<\/p>\n\n\n\n<p>&#8220;Pas\u00f3 algo que destruy\u00f3 la relaci\u00f3n. Yo viv\u00eda en un mundo donde estaba todo bien, que \u00edbamos a estar toda la vida juntos, que era para m\u00ed un proyecto so\u00f1ado. Toda la vida quise tener mi familia. Mis hijitos, un compa\u00f1ero, volver de trabajar y tener a alguien que me abrace, dormir abrazados. Siempre lo busqu\u00e9 y lo voy a seguir buscando porque esa es mi esencia. No me imagin\u00e9 que se iba a acabar, que se iba a destruir, que iba a desaparecer todo&#8221;, lanz\u00f3, sobre su relaci\u00f3n con el exfuncionario p\u00fablico y padre de su hija, Anita.<\/p>\n\n\n\n<figure class=\"wp-block-image\"><img decoding=\"async\" src=\"https:\/\/www.diarioepoca.com\/content\/bucket\/7\/1396877w790h444c.webp.webp\" alt=\"\"\/><\/figure>\n\n\n\n<p>&#8220;\u00bfLa causa fue por un enga\u00f1o? \u00bfPor plata?&#8221;, le pregunt\u00f3 la animadora, insistente. &#8220;Por plata, no, Su. Por Dios&#8221;, contest\u00f3, mientras marcaba que todo hab\u00eda sido sorpresivo y de una forma veloz &#8220;Se termin\u00f3 todo de un d\u00eda para el otro&#8221;, afirm\u00f3, mientras soltaba otras enigm\u00e1ticas frases como &#8220;hay que tener los ojos bien abiertos&#8221; y otras m\u00e1s resonantes como &#8220;el que no quiere estar conmigo, la puerta est\u00e1 ah\u00ed, no le vas a rogar al otro para que se quede&#8221;. &#8220;Yo no era la prioridad de Roberto&#8221;, se\u00f1al\u00f3, en otro de los momentos mientras advert\u00eda que no quer\u00eda referirse en malos t\u00e9rminos a su ex porque tanto sus hijos, como los que \u00e9l tuvo en su matrimonio anterior con Milagros Brito, estaban vi\u00e9ndola.<\/p>\n\n\n\n<p>Otros momentos m\u00e1s livianos de la entrevista fueron cuando Susana se sorprendi\u00f3 por la divisi\u00f3n de bienes que la expareja realiz\u00f3 antes de su casamiento en 2019 y se quej\u00f3 por no haberla tenido cuando se cas\u00f3 con Huberto Roviralta o la reacci\u00f3n de Carolina sobre una versi\u00f3n que fue muy comentada en las redes. &#8220;No le ped\u00ed un novio a la Virgen como dice todo el mundo&#8221;, manifest\u00f3.<\/p>\n\n\n\n<p><strong>Pampita confirm\u00f3 su romance con Mart\u00edn Pepa: &#8220;No iba a desaprovechar la oportunidad&#8221;<\/strong><\/p>\n\n\n\n<p>Otro de los momentos m\u00e1s esperados fue cuando Pampita se refiri\u00f3 a su romance con Mart\u00edn Pepa. &#8220;Estoy conociendo a alguien&#8221;, fue lo primero que dijo, para terminar ahondando en algunos datos que se hab\u00eda hecho p\u00fablicos. Afirm\u00f3 que se conoc\u00edan de La Pampa, de hace muchos a\u00f1os, pero que reci\u00e9n cuando se conoci\u00f3 su separaci\u00f3n de Garc\u00eda Morit\u00e1n hace dos meses, aflor\u00f3 un v\u00ednculo amoroso.<\/p>\n\n\n\n<p>&#8220;No \u00e9ramos tan chicos cuando nos conocimos, pero jam\u00e1s nos miramos con otra intenci\u00f3n porque yo estaba en pareja y \u00e9l tambi\u00e9n. No se nos ocurri\u00f3 de ninguna manera&#8221;, se\u00f1al\u00f3, para terminar pormenorizando en c\u00f3mo fue su primera cita. &#8220;Fue ac\u00e1 en Buenos Aires en el Teatro Col\u00f3n para ver a Piazzolla, que yo soy muy fan (sic). Era tambi\u00e9n una cita con sus hermanos, que conozco a todos, y en grupo. La primera vez que sal\u00ed ya sali\u00f3 la foto, as\u00ed que fue como estar en todos lados y todav\u00eda no hab\u00eda pasado nada&#8221;, cont\u00f3.<\/p>\n\n\n\n<p>&#8220;Mand\u00f3 flores durante muchos d\u00edas&#8221;, termin\u00f3 confesando, sobre c\u00f3mo \u00e9l la conquist\u00f3. &#8220;Eso es lindo para curar tu coraz\u00f3n y tu alma&#8221;, intervino, pero la modelo la corrigi\u00f3. &#8220;Mi coraz\u00f3n se va a curar solo, no es porque aparece alguien. Es algo que tiene que hacer su proceso solo. Una cosa no quita la otra, pero bueno&#8230; Lleg\u00f3 de repente y no voy a desaprovechar una oportunidad de conocer a una persona que tiene ciertas virtudes que a m\u00ed me interesan y me hacen bien&#8221;, destac\u00f3.<\/p>\n\n\n\n<p>&#8220;\u00c9l vive en muchos lados. Nunca tuve una relaci\u00f3n a distancia. Toda la vida quise estar abrazada todos los d\u00edas, ver series el finde y me fue p\u00e9simo, as\u00ed que vamos a probar algo nuevo&#8221;, comparti\u00f3, sobre este cambio.<\/p>\n\n\n\n<p>Un p\u00e1rrafo especial le dedic\u00f3 la exjurado del Bailando a las cr\u00edticas que comenz\u00f3 a recibir estos dos \u00faltimos meses desde que se separ\u00f3 y volvi\u00f3 a apostar al amor. &#8220;Hace cinco a\u00f1os que viajo a todos lados con mis hijos sola y nunca ponen \u2018che, el padre donde est\u00e1&#8221;. Nunca se lo preguntaron todos estos cinco a\u00f1os que me iba al Sur, a Miami o a Ibiza con todos los chicos. Nadie dijo nunca \u2018\u00bfen d\u00f3nde est\u00e1 el padre?\u2019&#8221;, marc\u00f3, molesta.<\/p>\n\n\n\n<p>&#8220;Yo siempre con la valija, visti\u00e9ndolos, ba\u00f1\u00e1ndolos, que los llevo y los traigo&#8230; \u00a1Todo sola! Pero me voy una semana a trabajar y ya soy \u2018la mala madre\u2019. Ah\u00ed est\u00e1n todos dici\u00e9ndolo. Es un placer viajar con mis hijos, pero hay algo machista de las mujeres que \u2018somos tan sororas todas\u2019&#8221;, arroj\u00f3, con iron\u00eda. &#8220;\u2018Ay, apoy\u00e9monos todas, entre mujeres\u2019 y despu\u00e9s parece como si se hubieran quedado con la madre abnegada, llorando, tirada&#8221;, apunt\u00f3.<\/p>\n\n\n\n<p>&#8220;Hay una cosa antigua que todav\u00eda se tienen que sacar de la cabeza. Todav\u00eda hay mucho de eso. Nos tenemos que apoyar entre mujeres. No podemos entre nosotras \u2018bardearnos\u2019, no podemos criticarnos como mujeres y madres unas con otras&#8221;, cuestion\u00f3. &#8220;Conocen algunas piezas del rompecabezas, pero no conocen el rompecabezas entero&#8221;, sentenci\u00f3.<\/p>\n","protected":false},"excerpt":{"rendered":"<p>La conductora tuvo un mano a mano con Susana Gim\u00e9nez. &#8220;El 20 de septiembre se termin\u00f3 la relaci\u00f3n&#8221;, afirm\u00f3. La confirmaci\u00f3n de su romance con Mart\u00edn Pepa. Sus frases m\u00e1s&hellip; <\/p>\n","protected":false},"author":3,"featured_media":173647,"comment_status":"closed","ping_status":"open","sticky":false,"template":"","format":"standard","meta":{"footnotes":""},"categories":[19],"tags":[],"class_list":["post-173640","post","type-post","status-publish","format-standard","has-post-thumbnail","hentry","category-espectaculos"],"_links":{"self":[{"href":"https:\/\/corrientesdetarde.com\/index.php\/wp-json\/wp\/v2\/posts\/173640","targetHints":{"allow":["GET"]}}],"collection":[{"href":"https:\/\/corrientesdetarde.com\/index.php\/wp-json\/wp\/v2\/posts"}],"about":[{"href":"https:\/\/corrientesdetarde.com\/index.php\/wp-json\/wp\/v2\/types\/post"}],"author":[{"embeddable":true,"href":"https:\/\/corrientesdetarde.com\/index.php\/wp-json\/wp\/v2\/users\/3"}],"replies":[{"embeddable":true,"href":"https:\/\/corrientesdetarde.com\/index.php\/wp-json\/wp\/v2\/comments?post=173640"}],"version-history":[{"count":1,"href":"https:\/\/corrientesdetarde.com\/index.php\/wp-json\/wp\/v2\/posts\/173640\/revisions"}],"predecessor-version":[{"id":173669,"href":"https:\/\/corrientesdetarde.com\/index.php\/wp-json\/wp\/v2\/posts\/173640\/revisions\/173669"}],"wp:featuredmedia":[{"embeddable":true,"href":"https:\/\/corrientesdetarde.com\/index.php\/wp-json\/wp\/v2\/media\/173647"}],"wp:attachment":[{"href":"https:\/\/corrientesdetarde.com\/index.php\/wp-json\/wp\/v2\/media?parent=173640"}],"wp:term":[{"taxonomy":"category","embeddable":true,"href":"https:\/\/corrientesdetarde.com\/index.php\/wp-json\/wp\/v2\/categories?post=173640"},{"taxonomy":"post_tag","embeddable":true,"href":"https:\/\/corrientesdetarde.com\/index.php\/wp-json\/wp\/v2\/tags?post=173640"}],"curies":[{"name":"wp","href":"https:\/\/api.w.org\/{rel}","templated":true}]}}