{"id":173974,"date":"2024-11-19T14:23:55","date_gmt":"2024-11-19T17:23:55","guid":{"rendered":"https:\/\/corrientesdetarde.com\/?p=173974"},"modified":"2024-11-19T14:24:00","modified_gmt":"2024-11-19T17:24:00","slug":"telco-amplia-su-certificacion-de-calidad-y-respalda-a-nuevas-empresas-en-el-desarrollo-de-soluciones-innovadoras","status":"publish","type":"post","link":"https:\/\/corrientesdetarde.com\/index.php\/sociales\/telco-amplia-su-certificacion-de-calidad-y-respalda-a-nuevas-empresas-en-el-desarrollo-de-soluciones-innovadoras\/","title":{"rendered":"TelCo ampl\u00eda su certificaci\u00f3n de calidad y respalda a nuevas empresas en el desarrollo de soluciones innovadoras"},"content":{"rendered":"\n<p><em>En diciembre de 2023 la empresa consigui\u00f3 la certificaci\u00f3n de calidad en el proceso de venta de internet mayorista. Ahora, tras una nueva auditor\u00eda, obtuvieron la certificaci\u00f3n ISO9001 sobre otros procesos: la modificaci\u00f3n del servicio, la facturaci\u00f3n y la cobranza. Adem\u00e1s, con una convocatoria espec\u00edfica a emprendedores correntinos, buscan fomentar la creaci\u00f3n de start ups de base tecnol\u00f3gica junto al Gobierno y la Universidad.<\/em><\/p>\n\n\n\n<p>Con un portfolio de productos que crece, la empresa TelCo Corrientes Comunicaciones se afianza luego de un nuevo proceso de auditor\u00eda que permite obtener certificaci\u00f3n de calidad a la firma. Tras haber obtenido la certificaci\u00f3n ISO9001 para el sistema de venta de internet mayorista \u2013 uno de los principales servicios a los que se orienta -, ahora consiguieron ampliar esos est\u00e1ndares a otros procesos que se desarrollan en el sistema.<\/p>\n\n\n\n<p>As\u00ed lo explic\u00f3 Anita Alegre, directora de TelCo, en el marco de la disertaci\u00f3n del rector de la Universidad de Nueva York en Praga \u2013 Rep\u00fablica Checa \u2013 Andreas Antonopoulos, relacionada con el crecimiento de los entornos empresariales, donde adem\u00e1s destac\u00f3 la participaci\u00f3n de TelCo en el fomento de la creaci\u00f3n de nuevas empresas de base tecnol\u00f3gica desde la provincia.<\/p>\n\n\n\n<p>\u201cLa semana pasada tuvimos un proceso de auditor\u00eda de seguimiento, ya que en diciembre de 2023 hab\u00edamos certificado por la venta del servicio de conectividad. La semana pasada nos tocaba hacer el seguimiento para mantenerla. As\u00ed, trabajamos junto a todo el equipo de TelCo con dos auditores que nos acompa\u00f1aron en el proceso y hemos obtenido la ampliaci\u00f3n del sistema, a la vez que avanzamos en otros procesos claves como la modificaci\u00f3n del servicio, la facturaci\u00f3n y la cobranza. La norma que certificamos es la ISO9001\u201d, detall\u00f3 Alegre.<\/p>\n\n\n\n<p><strong>Convocatoria para start ups<\/strong><\/p>\n\n\n\n<p>Desde el 1 de octubre, TelCo \u2013 junto a la Universidad Nacional del Nordeste y el Gobierno de la provincia \u2013 abri\u00f3 una convocatoria especial para start ups correntinas para desarrollar soluciones innovadoras en el \u00e1mbito digital. La propuesta permanecer\u00e1 abierta hasta febrero, y apunta a dos tem\u00e1ticas concretas: prevenci\u00f3n de incendios y ciudades digitales.<\/p>\n\n\n\n<p>\u201cSurgi\u00f3 la idea de trabajar de manera articulada con el Gobierno y la Universidad para promover la creaci\u00f3n de empresas que trabajen en tecnolog\u00eda. Desde TelCo, aunque somos una empresa joven, tenemos conocimiento y queremos ayudar con la experiencia que adquirimos en estos a\u00f1os\u201d, explic\u00f3 Alegre.<\/p>\n\n\n\n<p>En ese sentido, record\u00f3 que se resolvi\u00f3 extender esta convocatoria hasta febrero, para que un n\u00famero mayor de interesados puedan completar la inscripci\u00f3n. \u201cQueremos conocerlos y ver si se adaptan a los requisitos que hemos planteado para acompa\u00f1arlos en este proceso de nacer como empresa de tecnolog\u00eda en la provincia\u201d, destac\u00f3 la directora de TelCo.<\/p>\n\n\n\n<p>Vale recordar que las bases de la convocatoria est\u00e1n disponibles en el sitio web de TelCo (<a href=\"http:\/\/telco.com.ar\/convocatoria\" target=\"_blank\" rel=\"noreferrer noopener\">telco.com.ar\/convocatoria<\/a>) y parte de los requisitos que se mencionan son los de constituir una empresa en formaci\u00f3n, estar radicada en la provincia y conformada por integrantes correntinos. \u201cEn esta oportunidad se llama a trabajar en dos tem\u00e1ticas espec\u00edficas: la de innovaci\u00f3n en la prevenci\u00f3n de incendios y la otra es la de ciudades digitales (Smart cities)\u201d, apunt\u00f3 Alegre.<\/p>\n\n\n\n<p>Para la iniciativa, ya se cuenta con 9 inscriptos, y desde TelCo esperan que sean \u201cmuchos m\u00e1s, ya que la tecnolog\u00eda no tiene fronteras: desde Corrientes se pueden expandir con sus productos al mundo\u201d, destac\u00f3 la referente.<\/p>\n\n\n\n<figure class=\"wp-block-image size-large\"><img loading=\"lazy\" decoding=\"async\" width=\"768\" height=\"1024\" src=\"https:\/\/corrientesdetarde.com\/wp-content\/uploads\/2024\/11\/image-745-768x1024.png\" alt=\"\" class=\"wp-image-173976\" srcset=\"https:\/\/corrientesdetarde.com\/wp-content\/uploads\/2024\/11\/image-745-768x1024.png 768w, https:\/\/corrientesdetarde.com\/wp-content\/uploads\/2024\/11\/image-745-225x300.png 225w, https:\/\/corrientesdetarde.com\/wp-content\/uploads\/2024\/11\/image-745.png 960w\" sizes=\"auto, (max-width: 768px) 100vw, 768px\" \/><\/figure>\n\n\n\n<p><\/p>\n\n\n\n<figure class=\"wp-block-image size-large\"><img loading=\"lazy\" decoding=\"async\" width=\"1024\" height=\"768\" src=\"https:\/\/corrientesdetarde.com\/wp-content\/uploads\/2024\/11\/image-746-1024x768.png\" alt=\"\" class=\"wp-image-173977\" srcset=\"https:\/\/corrientesdetarde.com\/wp-content\/uploads\/2024\/11\/image-746-1024x768.png 1024w, https:\/\/corrientesdetarde.com\/wp-content\/uploads\/2024\/11\/image-746-300x225.png 300w, https:\/\/corrientesdetarde.com\/wp-content\/uploads\/2024\/11\/image-746-768x576.png 768w, https:\/\/corrientesdetarde.com\/wp-content\/uploads\/2024\/11\/image-746.png 1280w\" sizes=\"auto, (max-width: 1024px) 100vw, 1024px\" \/><\/figure>\n\n\n\n<p><\/p>\n\n\n\n<figure class=\"wp-block-image size-large\"><img loading=\"lazy\" decoding=\"async\" width=\"1024\" height=\"768\" src=\"https:\/\/corrientesdetarde.com\/wp-content\/uploads\/2024\/11\/image-747-1024x768.png\" alt=\"\" class=\"wp-image-173978\" srcset=\"https:\/\/corrientesdetarde.com\/wp-content\/uploads\/2024\/11\/image-747-1024x768.png 1024w, https:\/\/corrientesdetarde.com\/wp-content\/uploads\/2024\/11\/image-747-300x225.png 300w, https:\/\/corrientesdetarde.com\/wp-content\/uploads\/2024\/11\/image-747-768x576.png 768w, https:\/\/corrientesdetarde.com\/wp-content\/uploads\/2024\/11\/image-747.png 1280w\" sizes=\"auto, (max-width: 1024px) 100vw, 1024px\" \/><\/figure>\n\n\n\n<p><\/p>\n\n\n\n<figure class=\"wp-block-image size-full\"><img loading=\"lazy\" decoding=\"async\" width=\"976\" height=\"668\" src=\"https:\/\/corrientesdetarde.com\/wp-content\/uploads\/2024\/11\/image-748.png\" alt=\"\" class=\"wp-image-173979\" srcset=\"https:\/\/corrientesdetarde.com\/wp-content\/uploads\/2024\/11\/image-748.png 976w, https:\/\/corrientesdetarde.com\/wp-content\/uploads\/2024\/11\/image-748-300x205.png 300w, https:\/\/corrientesdetarde.com\/wp-content\/uploads\/2024\/11\/image-748-768x526.png 768w\" sizes=\"auto, (max-width: 976px) 100vw, 976px\" \/><\/figure>\n\n\n\n<p><\/p>\n","protected":false},"excerpt":{"rendered":"<p>En diciembre de 2023 la empresa consigui\u00f3 la certificaci\u00f3n de calidad en el proceso de venta de internet mayorista. Ahora, tras una nueva auditor\u00eda, obtuvieron la certificaci\u00f3n ISO9001 sobre otros&hellip; <\/p>\n","protected":false},"author":8,"featured_media":173975,"comment_status":"closed","ping_status":"open","sticky":false,"template":"","format":"standard","meta":{"footnotes":""},"categories":[17],"tags":[],"class_list":["post-173974","post","type-post","status-publish","format-standard","has-post-thumbnail","hentry","category-sociales"],"_links":{"self":[{"href":"https:\/\/corrientesdetarde.com\/index.php\/wp-json\/wp\/v2\/posts\/173974","targetHints":{"allow":["GET"]}}],"collection":[{"href":"https:\/\/corrientesdetarde.com\/index.php\/wp-json\/wp\/v2\/posts"}],"about":[{"href":"https:\/\/corrientesdetarde.com\/index.php\/wp-json\/wp\/v2\/types\/post"}],"author":[{"embeddable":true,"href":"https:\/\/corrientesdetarde.com\/index.php\/wp-json\/wp\/v2\/users\/8"}],"replies":[{"embeddable":true,"href":"https:\/\/corrientesdetarde.com\/index.php\/wp-json\/wp\/v2\/comments?post=173974"}],"version-history":[{"count":1,"href":"https:\/\/corrientesdetarde.com\/index.php\/wp-json\/wp\/v2\/posts\/173974\/revisions"}],"predecessor-version":[{"id":173980,"href":"https:\/\/corrientesdetarde.com\/index.php\/wp-json\/wp\/v2\/posts\/173974\/revisions\/173980"}],"wp:featuredmedia":[{"embeddable":true,"href":"https:\/\/corrientesdetarde.com\/index.php\/wp-json\/wp\/v2\/media\/173975"}],"wp:attachment":[{"href":"https:\/\/corrientesdetarde.com\/index.php\/wp-json\/wp\/v2\/media?parent=173974"}],"wp:term":[{"taxonomy":"category","embeddable":true,"href":"https:\/\/corrientesdetarde.com\/index.php\/wp-json\/wp\/v2\/categories?post=173974"},{"taxonomy":"post_tag","embeddable":true,"href":"https:\/\/corrientesdetarde.com\/index.php\/wp-json\/wp\/v2\/tags?post=173974"}],"curies":[{"name":"wp","href":"https:\/\/api.w.org\/{rel}","templated":true}]}}