{"id":173981,"date":"2024-11-19T14:33:01","date_gmt":"2024-11-19T17:33:01","guid":{"rendered":"https:\/\/corrientesdetarde.com\/?p=173981"},"modified":"2024-11-19T14:33:08","modified_gmt":"2024-11-19T17:33:08","slug":"jornada-organizada-por-camara-de-diputados-importante-conclusion-el-objetivo-interdisciplinario-debe-ser-siniestros-viales-cero","status":"publish","type":"post","link":"https:\/\/corrientesdetarde.com\/index.php\/politica\/jornada-organizada-por-camara-de-diputados-importante-conclusion-el-objetivo-interdisciplinario-debe-ser-siniestros-viales-cero\/","title":{"rendered":"Jornada organizada por C\u00e1mara de Diputados Importante conclusi\u00f3n: \u201cEl objetivo interdisciplinario debe ser Siniestros Viales Cero\u201d"},"content":{"rendered":"\n<p>Del encuentro multidisciplinario denominado &#8220;Siniestros Viales: la otra pandemia que estamos obligados a detener&#8221; surgi\u00f3 informaci\u00f3n valiosa y actualizada; sugerencias y opiniones sobre legislaci\u00f3n provincial y la coincidencia de que &#8220;la educaci\u00f3n vial debe comenzar en la ni\u00f1ez&#8221;.<\/p>\n\n\n\n<hr class=\"wp-block-separator has-alpha-channel-opacity\"\/>\n\n\n\n<p>Se llev\u00f3 a cabo la Jornada sobre Siniestros Viales \u201cLa otra pandemia que estamos obligados a detener\u201d, organizado por la presidencia de la C\u00e1mara de Diputados de Corrientes, con total \u00e9xito e informaci\u00f3n valiosa a ser tenida en cuenta en el trabajo interdisciplinario de los poderes del estado con la ciudadan\u00eda en general.<\/p>\n\n\n\n<p>\u201cLa conclusi\u00f3n tras las disertaciones fue: que todos estamos comprometidos a trabajar para el objetivo final de cero siniestros viales y no solo en disminuir las cifras; las cuales fueron detalladas ruta por ruta y zona de la provincia a cargo del Observatorio Vial de la Provincia y fundamentalmente desde el aspecto sanitario con el director del Hospital Escuela\u201d, se inform\u00f3.<\/p>\n\n\n\n<p>\u201cLa meta se lograr\u00e1 con trabajo conjunto en educaci\u00f3n, implementaci\u00f3n de leyes de tr\u00e1nsito m\u00e1s estrictas y adecuada infraestructura vial\u201d, se se\u00f1al\u00f3 desde el recinto de sesiones en una jornada cargada de informaci\u00f3n, pero tambi\u00e9n de emotividad al distinguirse a una fundaci\u00f3n que se caracteriza por la contenci\u00f3n a las familias v\u00edctimas de los siniestros en rutas y calles.<\/p>\n\n\n\n<p>La bienvenida estuvo a cargo del presidente de la C\u00e1mara de Diputados Dr. Pedro Cassani quien coment\u00f3 que se eligi\u00f3 dicho nombre para la jornada \u201ccomo disparador, llamada de atenci\u00f3n ante un flagelo global\u201d. \u201cDecimos la otra pandemia, como met\u00e1fora para simbolizar su importancia y sus consecuencias, graficando tambi\u00e9n la necesidad de conocer su origen para combatirlo desde la ra\u00edz. \u201c\u00bfimprudencia?, \u00bfalcohol?, \u00bfambos?\u2026 Hoy lo vamos a saber con exactitud con los que est\u00e1n en la trinchera, todos los d\u00edas, acudiendo desde lo m\u00e9dico, policial, y humanitario\u201d, se\u00f1al\u00f3 Cassani a la vez que agradeci\u00f3 la presencia de los funcionarios involucrados en la tem\u00e1tica.<\/p>\n\n\n\n<p>Cabe remarcar que el encuentro es parte de las actividades en el marco del D\u00eda Mundial en Recuerdo de las V\u00edctimas de Siniestros Viales, que incluy\u00f3 la iluminaci\u00f3n del edificio legislativo de amarillo.<\/p>\n\n\n\n<p>\u201cDesde esta C\u00e1mara, humildemente, nos ponemos a disposici\u00f3n, para ir adecuando las normativas a los tiempos que corren, de manera tal de ser lo m\u00e1s eficiente posible en las estrategias que se consensuen\u2026 Creo que podemos tener una sola mirada y en funci\u00f3n de eso tratar de que en esa sinergia podamos tener los mejores resultados\u201d, dijo Cassani ante los disertantes.<\/p>\n\n\n\n<p>Desde el Hospital Escuela<\/p>\n\n\n\n<p>El Dr Jos\u00e9 Alberto Romero, Director Ejecutivo del Hospital Escuela; acompa\u00f1ado de la Directora M\u00e9dica Dra Cristina Marecos; grafic\u00f3 la situaci\u00f3n del nosocomio que dirige: \u201c120 camas habilitadas; 20 son de Terapia Intensiva; 10 de Unidad Coronaria y el resto de las camas se dividen en todos los servicios\u201d, comenz\u00f3 diciendo.<\/p>\n\n\n\n<p>\u201cAl d\u00eda de hoy el servicio de Traumatolog\u00eda presenta 43 pacientes internados y 15 pacientes ambulatorios a la espera de cirug\u00eda\u201d dijo para acotar que de enero a septiembre se atendieron 2185 accidentados\u2026 Por d\u00eda hay 13 cirug\u00edas programadas, 5 de urgencias haciendo un total de 18 todos los d\u00edas\u2026\u201d, expuso.<\/p>\n\n\n\n<p>En cuanto a costos, detall\u00f3 que 15 pacientes cuestan al erario p\u00fablico 2.232.836 de pesos. Por paciente: 160 mil pesos por d\u00eda en estado cl\u00ednico.<\/p>\n\n\n\n<p>Tambi\u00e9n habl\u00f3 de los costos de insumos como: clavos para tibia o femur: 1.800.000 pesos; tutores externos 2 millones; placa y tornillo para huesos: un mill\u00f3n. Placa para construcci\u00f3n de pelvis: 1.400.000 pesos.<\/p>\n\n\n\n<p>Sobre las consecuencias, cit\u00f3: \u201cpasar a ser dependientes; costos econ\u00f3micos elevados para el sistema de salud; p\u00e9rdida de productividad econ\u00f3mica y pedido de pensiones por invalidez\u201d, concluy\u00f3.<\/p>\n\n\n\n<p>Las propuestas que dej\u00f3 el Dr Jos\u00e9 Alberto Romero fueron: \u201dimplementaci\u00f3n de leyes de tr\u00e1nsito m\u00e1s estrictas; campa\u00f1as de concientizaci\u00f3n y educaci\u00f3n vial e infraestructuras viales m\u00e1s seguras\u201d.<\/p>\n\n\n\n<p>Desde el Observatorio Vial<\/p>\n\n\n\n<p>El licenciado Leandro Mazzaro, Director del Observatorio Vial de la Provincia, acompa\u00f1ado del Subsecretario de Seguridad Vial Manuel Saloj y equipo de trabajo, manifest\u00f3 su benepl\u00e1cito por la jornada, diciendo que \u201ctrabajar con la Legislatura en la actualizaci\u00f3n y seguimiento de cumplimientos de las normativas que se emanan desde este \u00f3rgano es muy importante\u201d.<\/p>\n\n\n\n<p>\u201cCreo que uno de los proyectos m\u00e1s importantes que tenemos de ac\u00e1 al futuro es intentar o facilitar los medios para que cada vez m\u00e1s sea gente especializadas que empiece a integrar los equipos de trabajo de la provincia\u201d, coment\u00f3.<\/p>\n\n\n\n<p>\u201cSiniestros viales, hay que decirlo, siniestros viales, ya no son accidentes. Cuando ya se establece una causalidad, una responsabilidad, y algo que se puede investigar de por qu\u00e9 sucede deja de ser accidente\u2026 Hay que empezar a trabajar, empezar a erradicar ese t\u00e9rmino; ya no es una cuesti\u00f3n azarosa o que era algo divino. Ac\u00e1 hay una causa, hay responsabilidades y hay que empezar a trabajar en eso, en el antes, durante y en el despu\u00e9s\u201d, pidi\u00f3.<\/p>\n\n\n\n<p>Relat\u00f3 que la franja horaria m\u00e1s peligrosa es de tarde, seg\u00fan las estad\u00edsticas de enero a octubre.<\/p>\n\n\n\n<p>\u201cTarde, de 12 a 18 hs: 266. Noche, de 18 A 00: 229; Ma\u00f1ana, 6 A 12: 216. Madrugada de 01 A 6: 98\u201d, indicaba el power point.<\/p>\n\n\n\n<p>Con respecto a los siniestros viales 2024 de Enero a Octubre: se registraron 132 fallecidos; 636 heridos graves; 490 heridos leves y 680 ilesos.<\/p>\n\n\n\n<p>Sobre las rutas donde se registraron m\u00e1s siniestros: 146 en rutas nacionales; 69 en rutas provinciales y 594 en ejido urbano.<br>Las rutas provinciales m\u00e1s afectadas son: la 27 y la 5. Los motivos: exceso de velocidad, alcohol, maniobras de sobrepaso, mal estado de rutas y el clima.<\/p>\n\n\n\n<p>Las ciudades con m\u00e1s siniestros son: Corrientes, Goya, Ituzaing\u00f3, Mercedes y Gdor Virasoro.<\/p>\n\n\n\n<p>&#8220;Nuestro debut accidentol\u00f3gico fue en la ruta 12, en la autov\u00eda; nos encargaron la tarea de poder hacer un relevamiento de las personas que hab\u00edan fallecido desde que se inici\u00f3 hasta que termin\u00f3, pero no termin\u00f3. Es un foco de gran conflicto vial para la ciudad m\u00e1s importante de la provincia, es decir, el problema que dej\u00f3 la Naci\u00f3n para la provincia con esa autov\u00eda desde el punto vial es enorme. 20 personas hab\u00edan muerto, otras tantas lesionadas en todo ese trayecto que tuvo la construcci\u00f3n de la autov\u00eda&#8221;, afirm\u00f3.<\/p>\n\n\n\n<p>&#8220;La causa era falta de se\u00f1alizaci\u00f3n, falta de iluminaci\u00f3n pero la causa principal de los siniestros viales porque en su mayor\u00eda eran motos, era no tener en condiciones la cinta asf\u00e1ltica, es decir la cantidad de piedras que hab\u00eda, la cantidad de suciedad evitaba que los veh\u00edculos puedan frenar o detenerse&#8221;, coment\u00f3 sobre el particular.<\/p>\n\n\n\n<p>El licenciado Mazzaro pidi\u00f3 que los proyectos de ley a gestarse en el parlamento provincial est\u00e9n sujetos a la realidad propia de Corrientes y en forma articulada entre todos los poderes del estado, incluyendo al Judicial, ya que ser\u00eda muy importante la creaci\u00f3n de Fiscal\u00edas de Tr\u00e1nsito.<\/p>\n\n\n\n<p>Desde la Municipalidad de Corrientes<\/p>\n\n\n\n<p>La Licenciada Cinthia De Jes\u00fas, Directora Del Observatorio Vial de la Municipalidad de Corrientes comenz\u00f3 su alocuci\u00f3n se\u00f1alando lo grato de poder aportar a la tem\u00e1tica desde el trabajo que desarrolla el \u00e1rea que dirige.<\/p>\n\n\n\n<p>Coment\u00f3 que \u201cel Observatorio Vial nos permiti\u00f3 tener los datos certeros, estad\u00edsticos de lo que pasa en la Ciudad de Corrientes y poder hacer inferencias a trav\u00e9s de ellos marcando pol\u00edticas de estado desde el Municipio y ver donde ten\u00edamos que fijar nuestra atenci\u00f3n y poder desarrollar distintas acciones\u201d.<\/p>\n\n\n\n<p>\u201cEl usuario de la v\u00eda p\u00fablica no tiene la percepci\u00f3n del peligro\u201d, enfatiz\u00f3 para que acotar que \u201ccon el tema de las estad\u00edsticas nos dimos cuenta que nuestra tasa de los siniestrados eran j\u00f3venes que no terminaban con consecuencias fatales, pero s\u00ed leves. Eran j\u00f3venes de los 16 a\u00f1os en adelante. Muchos sin conocimiento de lo que era transitar de manera correcta\u201d.<\/p>\n\n\n\n<p>\u201cSi las personas no toman conciencia, y no toman el valor a la vida mucho no vamos a poder hacer; porque podemos seguir capacit\u00e1ndonos, creando leyes y ordenanzas, pero si no hacemos un cambio cultural en lo que es la concepci\u00f3n de la seguridad vial y la percepci\u00f3n del peligro, no vamos a poder avanzar mucho\u201d, sostuvo.<\/p>\n\n\n\n<p>Relat\u00f3 que el problema mayor en la capital de la provincia radica en las motocicletas, detallando las cifras del parque automotor y la campa\u00f1a de educaci\u00f3n.<\/p>\n\n\n\n<p>\u201cLa Licencia de Conducir es un arma\u201d\u2026 \u201cLa v\u00eda p\u00fablica es un espacio compartido\u201d, fueron dos frases que dej\u00f3 para reflexionar adem\u00e1s de enfatizar en la necesidad de que la educaci\u00f3n comience en las escuelas primarias, con los ni\u00f1os.<\/p>\n\n\n\n<p>Reconocimiento<\/p>\n\n\n\n<p>La Dra Graciela Soto Ortiz recibi\u00f3 un reconocimiento de la C\u00e1mara de Diputados por la labor que desarrolla desde la Fundaci\u00f3n Estrellas Amarillas, organizaci\u00f3n que existe hace 15 a\u00f1os y 10 meses.<\/p>\n\n\n\n<p>\u201cEs el primer reconocimiento\u201d, dijo emocionada quien sufre la ausencia de 2 hijos fallecidos en siniestro vial.<\/p>\n\n\n\n<p>\u201cYo nunca quise encontrarme en este lugar, pero las circunstancias as\u00ed lo decidieron y tuve que tomar una decisi\u00f3n. Pens\u00e9: en no darle importancia y quedarme en mi casa lament\u00e1ndome todos los d\u00edas o salir al mundo otra vez y buscar familias que hab\u00edan padecido lo mismo que yo y acercarme a ellas y decirles: yo S\u00cd s\u00e9 lo que significa; a m\u00ed me interesa; a m\u00ed me importa; porque yo en aquel tiempo sent\u00eda que a nadie le importaba\u201d, relat\u00f3 antes de recibir un diploma y presente institucional.<\/p>\n\n\n\n<p>La declaraci\u00f3n 637 aprobada por unanimidad declara: de \u201cInter\u00e9s\u201d de esta C\u00e1mara, las actividades de educaci\u00f3n y concientizaci\u00f3n vial, adem\u00e1s de su solidaridad con familias v\u00edctimas de accidentes de tr\u00e1nsito, que desarrolla la Fundaci\u00f3n Estrellas Amarillas.<\/p>\n\n\n\n<p>La doctora Graciela Soto Ort\u00edz y su esposo perdieron a dos hijos en un siniestro del a\u00f1o 2006 en la ciudad de Corrientes.<\/p>\n\n\n\n<p>Cabe remarcar que cualquier ciudadano puede acceder a la informaci\u00f3n brindada a trav\u00e9s del Youtube y Facebook institucional: Diputados Corrientes Prensa.<\/p>\n\n\n\n<p><\/p>\n\n\n\n<figure class=\"wp-block-image size-large\"><img loading=\"lazy\" decoding=\"async\" width=\"1024\" height=\"682\" src=\"https:\/\/corrientesdetarde.com\/wp-content\/uploads\/2024\/11\/RECONOCIMIENTO-1024x682.jpg\" alt=\"\" class=\"wp-image-173984\" srcset=\"https:\/\/corrientesdetarde.com\/wp-content\/uploads\/2024\/11\/RECONOCIMIENTO-1024x682.jpg 1024w, https:\/\/corrientesdetarde.com\/wp-content\/uploads\/2024\/11\/RECONOCIMIENTO-300x200.jpg 300w, https:\/\/corrientesdetarde.com\/wp-content\/uploads\/2024\/11\/RECONOCIMIENTO-768x512.jpg 768w, https:\/\/corrientesdetarde.com\/wp-content\/uploads\/2024\/11\/RECONOCIMIENTO.jpg 1280w\" sizes=\"auto, (max-width: 1024px) 100vw, 1024px\" \/><\/figure>\n\n\n\n<figure class=\"wp-block-image size-large\"><img loading=\"lazy\" decoding=\"async\" width=\"1024\" height=\"682\" src=\"https:\/\/corrientesdetarde.com\/wp-content\/uploads\/2024\/11\/policias-1024x682.jpg\" alt=\"\" class=\"wp-image-173986\" srcset=\"https:\/\/corrientesdetarde.com\/wp-content\/uploads\/2024\/11\/policias-1024x682.jpg 1024w, https:\/\/corrientesdetarde.com\/wp-content\/uploads\/2024\/11\/policias-300x200.jpg 300w, https:\/\/corrientesdetarde.com\/wp-content\/uploads\/2024\/11\/policias-768x512.jpg 768w, https:\/\/corrientesdetarde.com\/wp-content\/uploads\/2024\/11\/policias.jpg 1280w\" sizes=\"auto, (max-width: 1024px) 100vw, 1024px\" \/><\/figure>\n\n\n\n<figure class=\"wp-block-image size-large\"><img loading=\"lazy\" decoding=\"async\" width=\"1024\" height=\"682\" src=\"https:\/\/corrientesdetarde.com\/wp-content\/uploads\/2024\/11\/0-1024x682.jpg\" alt=\"\" class=\"wp-image-173988\" srcset=\"https:\/\/corrientesdetarde.com\/wp-content\/uploads\/2024\/11\/0-1024x682.jpg 1024w, https:\/\/corrientesdetarde.com\/wp-content\/uploads\/2024\/11\/0-300x200.jpg 300w, https:\/\/corrientesdetarde.com\/wp-content\/uploads\/2024\/11\/0-768x512.jpg 768w, https:\/\/corrientesdetarde.com\/wp-content\/uploads\/2024\/11\/0.jpg 1280w\" sizes=\"auto, (max-width: 1024px) 100vw, 1024px\" \/><\/figure>\n\n\n\n<figure class=\"wp-block-image size-large\"><img loading=\"lazy\" decoding=\"async\" width=\"1024\" height=\"682\" src=\"https:\/\/corrientesdetarde.com\/wp-content\/uploads\/2024\/11\/Cassani-1-1024x682.jpg\" alt=\"\" class=\"wp-image-173985\" srcset=\"https:\/\/corrientesdetarde.com\/wp-content\/uploads\/2024\/11\/Cassani-1-1024x682.jpg 1024w, https:\/\/corrientesdetarde.com\/wp-content\/uploads\/2024\/11\/Cassani-1-300x200.jpg 300w, https:\/\/corrientesdetarde.com\/wp-content\/uploads\/2024\/11\/Cassani-1-768x512.jpg 768w, https:\/\/corrientesdetarde.com\/wp-content\/uploads\/2024\/11\/Cassani-1.jpg 1280w\" sizes=\"auto, (max-width: 1024px) 100vw, 1024px\" \/><\/figure>\n\n\n\n<figure class=\"wp-block-image size-large\"><img loading=\"lazy\" decoding=\"async\" width=\"1024\" height=\"682\" src=\"https:\/\/corrientesdetarde.com\/wp-content\/uploads\/2024\/11\/cinthia-1024x682.jpg\" alt=\"\" class=\"wp-image-173989\" srcset=\"https:\/\/corrientesdetarde.com\/wp-content\/uploads\/2024\/11\/cinthia-1024x682.jpg 1024w, https:\/\/corrientesdetarde.com\/wp-content\/uploads\/2024\/11\/cinthia-300x200.jpg 300w, https:\/\/corrientesdetarde.com\/wp-content\/uploads\/2024\/11\/cinthia-768x512.jpg 768w, https:\/\/corrientesdetarde.com\/wp-content\/uploads\/2024\/11\/cinthia.jpg 1280w\" sizes=\"auto, (max-width: 1024px) 100vw, 1024px\" \/><\/figure>\n\n\n\n<figure class=\"wp-block-image size-large\"><img loading=\"lazy\" decoding=\"async\" width=\"1024\" height=\"682\" src=\"https:\/\/corrientesdetarde.com\/wp-content\/uploads\/2024\/11\/saloj-1024x682.jpg\" alt=\"\" class=\"wp-image-173982\" srcset=\"https:\/\/corrientesdetarde.com\/wp-content\/uploads\/2024\/11\/saloj-1024x682.jpg 1024w, https:\/\/corrientesdetarde.com\/wp-content\/uploads\/2024\/11\/saloj-300x200.jpg 300w, https:\/\/corrientesdetarde.com\/wp-content\/uploads\/2024\/11\/saloj-768x512.jpg 768w, https:\/\/corrientesdetarde.com\/wp-content\/uploads\/2024\/11\/saloj.jpg 1280w\" sizes=\"auto, (max-width: 1024px) 100vw, 1024px\" \/><\/figure>\n\n\n\n<figure class=\"wp-block-image size-large\"><img loading=\"lazy\" decoding=\"async\" width=\"1024\" height=\"682\" src=\"https:\/\/corrientesdetarde.com\/wp-content\/uploads\/2024\/11\/Mazzaro-1024x682.jpg\" alt=\"\" class=\"wp-image-173987\" srcset=\"https:\/\/corrientesdetarde.com\/wp-content\/uploads\/2024\/11\/Mazzaro-1024x682.jpg 1024w, https:\/\/corrientesdetarde.com\/wp-content\/uploads\/2024\/11\/Mazzaro-300x200.jpg 300w, https:\/\/corrientesdetarde.com\/wp-content\/uploads\/2024\/11\/Mazzaro-768x512.jpg 768w, https:\/\/corrientesdetarde.com\/wp-content\/uploads\/2024\/11\/Mazzaro.jpg 1280w\" sizes=\"auto, (max-width: 1024px) 100vw, 1024px\" \/><\/figure>\n\n\n\n<figure class=\"wp-block-image size-large\"><img loading=\"lazy\" decoding=\"async\" width=\"1024\" height=\"682\" src=\"https:\/\/corrientesdetarde.com\/wp-content\/uploads\/2024\/11\/soto-reconocimiento-1024x682.jpg\" alt=\"\" class=\"wp-image-173990\" srcset=\"https:\/\/corrientesdetarde.com\/wp-content\/uploads\/2024\/11\/soto-reconocimiento-1024x682.jpg 1024w, https:\/\/corrientesdetarde.com\/wp-content\/uploads\/2024\/11\/soto-reconocimiento-300x200.jpg 300w, https:\/\/corrientesdetarde.com\/wp-content\/uploads\/2024\/11\/soto-reconocimiento-768x512.jpg 768w, https:\/\/corrientesdetarde.com\/wp-content\/uploads\/2024\/11\/soto-reconocimiento.jpg 1280w\" sizes=\"auto, (max-width: 1024px) 100vw, 1024px\" \/><\/figure>\n\n\n\n<figure class=\"wp-block-image size-large\"><img loading=\"lazy\" decoding=\"async\" width=\"1024\" height=\"682\" src=\"https:\/\/corrientesdetarde.com\/wp-content\/uploads\/2024\/11\/disertacion-romero-1024x682.jpg\" alt=\"\" class=\"wp-image-173983\" srcset=\"https:\/\/corrientesdetarde.com\/wp-content\/uploads\/2024\/11\/disertacion-romero-1024x682.jpg 1024w, https:\/\/corrientesdetarde.com\/wp-content\/uploads\/2024\/11\/disertacion-romero-300x200.jpg 300w, https:\/\/corrientesdetarde.com\/wp-content\/uploads\/2024\/11\/disertacion-romero-768x512.jpg 768w, https:\/\/corrientesdetarde.com\/wp-content\/uploads\/2024\/11\/disertacion-romero.jpg 1280w\" sizes=\"auto, (max-width: 1024px) 100vw, 1024px\" \/><\/figure>\n\n\n\n<p><\/p>\n","protected":false},"excerpt":{"rendered":"<p>Del encuentro multidisciplinario denominado &#8220;Siniestros Viales: la otra pandemia que estamos obligados a detener&#8221; surgi\u00f3 informaci\u00f3n valiosa y actualizada; sugerencias y opiniones sobre legislaci\u00f3n provincial y la coincidencia de que&hellip; <\/p>\n","protected":false},"author":8,"featured_media":173990,"comment_status":"closed","ping_status":"open","sticky":false,"template":"","format":"standard","meta":{"footnotes":""},"categories":[3],"tags":[],"class_list":["post-173981","post","type-post","status-publish","format-standard","has-post-thumbnail","hentry","category-politica"],"_links":{"self":[{"href":"https:\/\/corrientesdetarde.com\/index.php\/wp-json\/wp\/v2\/posts\/173981","targetHints":{"allow":["GET"]}}],"collection":[{"href":"https:\/\/corrientesdetarde.com\/index.php\/wp-json\/wp\/v2\/posts"}],"about":[{"href":"https:\/\/corrientesdetarde.com\/index.php\/wp-json\/wp\/v2\/types\/post"}],"author":[{"embeddable":true,"href":"https:\/\/corrientesdetarde.com\/index.php\/wp-json\/wp\/v2\/users\/8"}],"replies":[{"embeddable":true,"href":"https:\/\/corrientesdetarde.com\/index.php\/wp-json\/wp\/v2\/comments?post=173981"}],"version-history":[{"count":1,"href":"https:\/\/corrientesdetarde.com\/index.php\/wp-json\/wp\/v2\/posts\/173981\/revisions"}],"predecessor-version":[{"id":173991,"href":"https:\/\/corrientesdetarde.com\/index.php\/wp-json\/wp\/v2\/posts\/173981\/revisions\/173991"}],"wp:featuredmedia":[{"embeddable":true,"href":"https:\/\/corrientesdetarde.com\/index.php\/wp-json\/wp\/v2\/media\/173990"}],"wp:attachment":[{"href":"https:\/\/corrientesdetarde.com\/index.php\/wp-json\/wp\/v2\/media?parent=173981"}],"wp:term":[{"taxonomy":"category","embeddable":true,"href":"https:\/\/corrientesdetarde.com\/index.php\/wp-json\/wp\/v2\/categories?post=173981"},{"taxonomy":"post_tag","embeddable":true,"href":"https:\/\/corrientesdetarde.com\/index.php\/wp-json\/wp\/v2\/tags?post=173981"}],"curies":[{"name":"wp","href":"https:\/\/api.w.org\/{rel}","templated":true}]}}