{"id":174067,"date":"2024-11-19T21:52:09","date_gmt":"2024-11-20T00:52:09","guid":{"rendered":"https:\/\/corrientesdetarde.com\/?p=174067"},"modified":"2024-11-19T21:52:13","modified_gmt":"2024-11-20T00:52:13","slug":"javier-milei-la-economia-esta-en-un-momento-floreciente-y-eso-se-sostiene-con-reformas-de-largo-plazo","status":"publish","type":"post","link":"https:\/\/corrientesdetarde.com\/index.php\/economia\/javier-milei-la-economia-esta-en-un-momento-floreciente-y-eso-se-sostiene-con-reformas-de-largo-plazo\/","title":{"rendered":"Javier Milei: &#8220;La econom\u00eda est\u00e1 en un momento floreciente y eso se sostiene con reformas de largo plazo&#8221;"},"content":{"rendered":"\n<p>El Presidente le dio una entrevista de casi dos horas al inform\u00e1tico ruso-estadounidense Lex Fridman para su podcast. Destac\u00f3 el rumbo del Gobierno, habl\u00f3 de la corrupci\u00f3n del kirchnerismo, de la pobreza y de su v\u00ednculo con Donald Trump y Elon Musk.<\/p>\n\n\n\n<p>Javier Milei volvi\u00f3 a resaltar el rumbo econ\u00f3mico del Gobierno, que en las \u00faltimas semanas logr\u00f3 una importante baja del riesgo pa\u00eds y de las distintas cotizaciones del d\u00f3lar, adem\u00e1s de una alza de los bonos en el mercado local e internacional. Por eso, en una entrevista de casi dos horas para el podcast del inform\u00e1tico ruso-estadounidense Lex Fridman, el Presidente afirm\u00f3: &#8220;La econom\u00eda est\u00e1 en un momento floreciente y eso se sostiene con reformas de largo plazo&#8221;.&nbsp;<\/p>\n\n\n\n<p>El mandatario lleg\u00f3 a esta conclusi\u00f3n luego de hacer un an\u00e1lisis sobre el nivel de pobreza que enfrenta la Argentina y c\u00f3mo se lleg\u00f3 a eso. &#8220;La econom\u00eda ten\u00eda controles de precios, d\u00e9ficit fiscal que financiaba con emisi\u00f3n monetaria. En el \u00faltimo a\u00f1o, financi\u00f3 13 puntos del PBI con emisi\u00f3n monetaria. Eso genera una estimulaci\u00f3n artificial de la demanda que pone presi\u00f3n sobre los precios. El control se aplica adem\u00e1s sobre los productos que ingresan en el IPC, con lo cual la inflaci\u00f3n estaba desfigurada. Eso lo que hac\u00eda era distorsionar los verdaderos niveles de pobreza, eran bastante m\u00e1s altos de lo que mostraba el gobierno anterior&#8221;, comenz\u00f3.<\/p>\n\n\n\n<p>Y continu\u00f3: &#8220;Lo \u00fanico que usted puede hacer para salvar gente es sincerar los precios y que los productos vuelvan a aparecer. Se sinceran los precios de la canasta b\u00e1sica, es decir que cambian las l\u00edneas de pobreza y de indigencia, cuando usted hace eso claramente va a tener un salto de la pobreza. Eso la llev\u00f3 al 57%&#8221;.<\/p>\n\n\n\n<p>&#8220;Argentina encontr\u00f3 su piso de actividad en el mes de abril. A partir de ese momento empezamos a experimentar una recuperaci\u00f3n c\u00edclica. Los salarios vienen creciendo todos los meses por encima de la inflaci\u00f3n. o sea, creciendo. Los salarios nominales le est\u00e1n ganando a la inflaci\u00f3n. Ya estamos en niveles similares a los que ten\u00edamos en noviembre, lo mismo para las jubilaciones&#8221;, agreg\u00f3.<\/p>\n\n\n\n<p>En varios fragmentos de la entrevista, el jefe de Estado reiter\u00f3 los argumentos que suele ofrecer para defender su gesti\u00f3n de la econom\u00eda del pa\u00eds. &#8220;Con el fuerte ajuste fiscal que hicimos hemos bajado el riesgo pa\u00eds de 3.000 puntos b\u00e1sicos a 770. Eso se traduce en menores tasas de inter\u00e9s y eso genera un aumento de la inversi\u00f3n y del consumo. La econom\u00eda argentina en este momento est\u00e1 floreciente. Y eso se sostiene a largo plazo con reformas estructurales, que es lo que hacemos d\u00eda a d\u00eda desregulando la econom\u00eda&#8221;.<\/p>\n\n\n\n<p>Luego, finaliz\u00f3 con la mejora de los \u00faltimos meses: &#8220;Tambi\u00e9n hay un rebote de actividad por la recuperaci\u00f3n del ciclo de stocks, eso tambi\u00e9n est\u00e1 colaborando a que haya m\u00e1s puestos de trabajo y mejor remunerados. Esto es tan evidente que los salarios que m\u00e1s est\u00e1n creciendo son los del sector informal, quiere decir que la pobreza y la indigencia est\u00e1n cayendo mucho m\u00e1s r\u00e1pido de lo que imaginamos&#8221;, sostuvo.<\/p>\n\n\n\n<p>Batalla cultural<br>Por otro lado, el presidente habl\u00f3 de otro aspecto que considera una eje fundamental para desplegar en su presidencia, la batalla cultural. La describi\u00f3 de la siguiente manera: &#8220;Si Usted no da la batalla cultural le va a pasar lo que a Chile, que tuvo un exitoso modelo econ\u00f3mico, fue sostenido en el tiempo, pero en alg\u00fan momento se cay\u00f3 porque el socialismo de a poco fue tomando las instituciones, la educaci\u00f3n y los medios de comunicaci\u00f3n. Con eso atac\u00f3 el sistema. Hay que dar la batalla en todos los planes, si uno no tiene presente eso va camino al fracaso&#8221;, afirm\u00f3.<\/p>\n\n\n\n<p>Entre sus cuestionamientos, apunt\u00f3 contra el feminismo y el ambientalismo. En ese apunto hizo una dura referencia al ex presidente Alberto Fern\u00e1ndez. &#8220;El presidente m\u00e1s feminista de la historia argentina, Alberto Fern\u00e1ndez, mol\u00eda a golpes a su mujer. Qu\u00e9 feminista raro&#8221;, ironiz\u00f3 luego. Finalmente remat\u00f3: &#8220;Son formas que el socialismo llev\u00f3 la lucha de clases a otros aspectos, generando discusiones y mentiras para cobrar impuestos&#8221;.<\/p>\n\n\n\n<p>Para Milei, la discusi\u00f3n pol\u00edtica debe centrarse en tres planos. &#8220;En el econ\u00f3mico, capitalismo de libre empresa. En el pol\u00edtico, la democracia liberal republicana con control de poderes. Finalmente, la batalla cultural. En este \u00faltimo el socialismo ha sido exitoso, gan\u00f3 muchas elecciones. Pero se est\u00e1 resquebrajando porque produce miseria&#8221;, describi\u00f3 el jefe de Estado.<\/p>\n\n\n\n<p>En contraste, justific\u00f3 su posici\u00f3n con los buenos resultados en el plano econ\u00f3mico que le atribuye al liberalismo. &#8220;Los liberales producen buenos resultados en la econom\u00eda y eso puede dar lugar a gobiernos s\u00f3lidos. El problema es que los liberales no han dado la batalla cultural&#8221;, sostuvo.<\/p>\n\n\n\n<p>Cristina Kirchner, condena y jubilaci\u00f3n de privilegio<br>Durante otro pasaje, el presidente Milei defendi\u00f3 su gesti\u00f3n en materia de transparencia, poniendo como ejemplo la reacci\u00f3n que la administraci\u00f3n libertaria tuvo luego de que se confirme en segunda instancia la condena contra la ex presidenta en la causa Vialidad.<\/p>\n\n\n\n<p>&#8220;Hemos vuelto a darle libertad a la Justicia, no presionamos. Durante mi gobierno no solo se conden\u00f3 a Cristina Fern\u00e1ndez de Kirchner, sino que adem\u00e1s se conden\u00f3 los dos ataques asesinos terroristas que hizo Ir\u00e1n&#8221;, ejemplific\u00f3. Luego sostuvo: &#8220;Si hay un gobierno que est\u00e1 peleando contra la corrupci\u00f3n somos nosotros. Cada desregulaci\u00f3n es un privilegio que le quitamos ya sea a un pol\u00edtico, a una empresa prebendaria o a un grupo de poder&#8221;.<\/p>\n\n\n\n<p>&#8220;El kirchnerismo usaba pensiones por discapacidad para actos de corrupci\u00f3n. Por ejemplo, hay una ciudad que tienen m\u00e1s pensiones por discapacidad que gente&#8221;, agreg\u00f3 el Presidente. &#8220;Nunca nadie en la Argentina luch\u00f3 contra la corrupci\u00f3n de la manera que hemos hecho nosotros&#8221;, cerr\u00f3 ese pasaje.<\/p>\n","protected":false},"excerpt":{"rendered":"<p>El Presidente le dio una entrevista de casi dos horas al inform\u00e1tico ruso-estadounidense Lex Fridman para su podcast. Destac\u00f3 el rumbo del Gobierno, habl\u00f3 de la corrupci\u00f3n del kirchnerismo, de&hellip; <\/p>\n","protected":false},"author":4,"featured_media":174068,"comment_status":"closed","ping_status":"open","sticky":false,"template":"","format":"standard","meta":{"footnotes":""},"categories":[20],"tags":[],"class_list":["post-174067","post","type-post","status-publish","format-standard","has-post-thumbnail","hentry","category-economia"],"_links":{"self":[{"href":"https:\/\/corrientesdetarde.com\/index.php\/wp-json\/wp\/v2\/posts\/174067","targetHints":{"allow":["GET"]}}],"collection":[{"href":"https:\/\/corrientesdetarde.com\/index.php\/wp-json\/wp\/v2\/posts"}],"about":[{"href":"https:\/\/corrientesdetarde.com\/index.php\/wp-json\/wp\/v2\/types\/post"}],"author":[{"embeddable":true,"href":"https:\/\/corrientesdetarde.com\/index.php\/wp-json\/wp\/v2\/users\/4"}],"replies":[{"embeddable":true,"href":"https:\/\/corrientesdetarde.com\/index.php\/wp-json\/wp\/v2\/comments?post=174067"}],"version-history":[{"count":1,"href":"https:\/\/corrientesdetarde.com\/index.php\/wp-json\/wp\/v2\/posts\/174067\/revisions"}],"predecessor-version":[{"id":174069,"href":"https:\/\/corrientesdetarde.com\/index.php\/wp-json\/wp\/v2\/posts\/174067\/revisions\/174069"}],"wp:featuredmedia":[{"embeddable":true,"href":"https:\/\/corrientesdetarde.com\/index.php\/wp-json\/wp\/v2\/media\/174068"}],"wp:attachment":[{"href":"https:\/\/corrientesdetarde.com\/index.php\/wp-json\/wp\/v2\/media?parent=174067"}],"wp:term":[{"taxonomy":"category","embeddable":true,"href":"https:\/\/corrientesdetarde.com\/index.php\/wp-json\/wp\/v2\/categories?post=174067"},{"taxonomy":"post_tag","embeddable":true,"href":"https:\/\/corrientesdetarde.com\/index.php\/wp-json\/wp\/v2\/tags?post=174067"}],"curies":[{"name":"wp","href":"https:\/\/api.w.org\/{rel}","templated":true}]}}