{"id":174326,"date":"2024-11-21T01:23:17","date_gmt":"2024-11-21T04:23:17","guid":{"rendered":"https:\/\/corrientesdetarde.com\/?p=174326"},"modified":"2024-11-21T01:23:22","modified_gmt":"2024-11-21T04:23:22","slug":"en-el-club-central-goya-valdes-inauguro-iluminacion-y-anuncio-construccion-de-tinglado-para-la-institucion","status":"publish","type":"post","link":"https:\/\/corrientesdetarde.com\/index.php\/actualidad\/en-el-club-central-goya-valdes-inauguro-iluminacion-y-anuncio-construccion-de-tinglado-para-la-institucion\/","title":{"rendered":"En el Club Central Goya, Vald\u00e9s inaugur\u00f3 iluminaci\u00f3n y anunci\u00f3 construcci\u00f3n de tinglado para la instituci\u00f3n"},"content":{"rendered":"\n<p>Tras su visita a Cecilio Echevarr\u00eda y Carolina, el gobernador Gustavo Vald\u00e9s se dirigi\u00f3 esta noche al Club Atl\u00e9tico Central de la ciudad de Goya. All\u00ed, inaugur\u00f3 la nueva iluminaci\u00f3n del campo de f\u00fatbol de &#8220;esta gloriosa&#8221; instituci\u00f3n. Asimismo, anunci\u00f3 la construcci\u00f3n de un tinglado para la disciplina del B\u00e1squetbol ante el pedido de la comunidad deportiva.<\/p>\n\n\n\n<p>Cerca de las 19, el gobernador Vald\u00e9s se hizo presente en las instalaciones del Club Atl\u00e9tico Central Goya ubicado por las calles Jos\u00e9 G\u00f3mez y Uruguay y habilit\u00f3 la nueva iluminaci\u00f3n de esa centenaria instituci\u00f3n deportiva.<\/p>\n\n\n\n<p><strong>Vald\u00e9s<\/strong><\/p>\n\n\n\n<p>Al dirigirse a los presentes, el gobernador, Gustavo Vald\u00e9s dijo que \u201choy entraba por la secretar\u00eda y parec\u00eda la venta o el lugar donde se venden trofeos, lleno de trofeos, lleno completamente paredes y paredes de trofeos y le dec\u00eda un poco en chiste a cu\u00e1nto est\u00e1n vendiendo los trofeos\u201d remarc\u00f3 el Primer mandatario y revel\u00f3 que \u201cpero en realidad lo que estamos viendo es un Club de Corrientes con gloria, con mucho sacrificio, con mucho esfuerzo, es donde dirigentes deportivos, donde deportistas como Pancho Sa pas\u00f3 por este lugar y pudieron ver tantas cosas y nosotros los correntinos tenemos que ser conscientes de que el deporte tiene que ser una pol\u00edtica de Estado\u201d.<\/p>\n\n\n\n<figure class=\"wp-block-image size-large\"><img loading=\"lazy\" decoding=\"async\" width=\"1024\" height=\"677\" src=\"https:\/\/corrientesdetarde.com\/wp-content\/uploads\/2024\/11\/Captura-de-pantalla-2024-11-21-012131-1024x677.png\" alt=\"\" class=\"wp-image-174327\" srcset=\"https:\/\/corrientesdetarde.com\/wp-content\/uploads\/2024\/11\/Captura-de-pantalla-2024-11-21-012131-1024x677.png 1024w, https:\/\/corrientesdetarde.com\/wp-content\/uploads\/2024\/11\/Captura-de-pantalla-2024-11-21-012131-300x198.png 300w, https:\/\/corrientesdetarde.com\/wp-content\/uploads\/2024\/11\/Captura-de-pantalla-2024-11-21-012131-768x508.png 768w, https:\/\/corrientesdetarde.com\/wp-content\/uploads\/2024\/11\/Captura-de-pantalla-2024-11-21-012131.png 1358w\" sizes=\"auto, (max-width: 1024px) 100vw, 1024px\" \/><\/figure>\n\n\n\n<p>\u201cEs el gobierno de la provincia de Corrientes a trav\u00e9s de la Loter\u00eda Correntina que podemos administrarla correctamente y poder brindar al deporte de la provincia de Corrientes cosas que no le pueden brindar por su costo los socios de un club y hoy estamos con una inversi\u00f3n cercana a los 67 millones de pesos invirtiendo en este lugar para que se haga de d\u00eda y para que siga brillando este club en el firmamento de la provincia de Corrientes\u201d indic\u00f3 el Gobernador y agreg\u00f3 que \u201cas\u00ed que de esta manera dejamos inaugurada estas luces para todos ustedes\u201d.<\/p>\n\n\n\n<p>Por \u00faltimo, Vald\u00e9s manifest\u00f3 que \u201cuno de los se\u00f1ores me dec\u00eda a la entrada, Gobernador, no se olvide que usted nos prometi\u00f3 el tinglado, y s\u00e9 que lo estamos trabajando, as\u00ed que para este club le vamos a dejar el tinglado para que vuelvan a la pr\u00e1ctica del b\u00e1squet para que sean competitivos nuevamente\u201d y a\u00f1adi\u00f3 para concluir que \u201ces una inversi\u00f3n cercana a los 150 millones de pesos, que la plata ya la tenemos, as\u00ed que vamos a estar invirtiendo, as\u00ed que vamos a estar haciendo y espero que lo disfruten\u201d.<\/p>\n\n\n\n<p><strong>Intendente de Goya<\/strong><\/p>\n\n\n\n<p>Al expresarse, el intendente de Goya, Mariano Hormaechea, manifest\u00f3 que \u201chay que reconocer el trabajo de la comisi\u00f3n del club, aqu\u00ed pasan j\u00f3venes que vienen a practicar deportes\u201d.,<\/p>\n\n\n\n<p>\u201cComo Municipio es importante que la Provincia nos apoye, no es solamente en el Club Atl\u00e9tico Central que la Provincia realiza este tipo de inversiones, sino es en la mayor\u00eda de los clubes de nuestra ciudad\u201d, destac\u00f3 el jefe Comunal.<\/p>\n\n\n\n<p><strong>Terrile<\/strong><\/p>\n\n\n\n<p>Al tomar la palabra el Secretario de Deportes de la provincia, Jorge Terrile dijo que \u201ces un placer acompa\u00f1ar al Gobernador en esta inauguraci\u00f3n, en un club que tiene m\u00e1s de 100 a\u00f1os y que eso habla de lo que es el potencial dirigencial\u201d y luego recalc\u00f3 que \u201ccuando cumplimos esos a\u00f1os, m\u00e1s all\u00e1 de haber pasado por el b\u00e1squet y despu\u00e9s por el f\u00fatbol y seguir apostando y ver este semillero, y hacer eso que nosotros llamamos pol\u00edtica social del deporte todos los d\u00edas con la pelota, con la camiseta, con el bot\u00edn, con los padres que est\u00e1n, con la presidenta del Infanto, con todos los que dejan todo, porque el Club termina siendo la segunda casa de estos chicos y de estos clubes\u201d.<\/p>\n\n\n\n<p>Por \u00faltimo, remarc\u00f3 que \u201ccomo no ver lo que a veces le llaman gastos, es una inversi\u00f3n en el deporte, algo que tenemos que seguir haciendo, una obra P\u00fablica y m\u00e1s all\u00e1 de los tiempos dif\u00edciles, eso es realmente invertir en el futuro\u201d.<\/p>\n\n\n\n<p><strong>Presidente del Club<\/strong><\/p>\n\n\n\n<p>El presidente del Club Atl\u00e9tico Central, Juan Soto, le brind\u00f3 la bienvenida al Gobernador Vald\u00e9s y le dijo \u201cestoy agradecido por todo, porque podemos seguir trabajando en esto que es el semillero del Club\u201d.<\/p>\n\n\n\n<p>\u201cLa obra que hicieron es fundamental, cambiaron el sistema de iluminaci\u00f3n que ten\u00edamos hace 50 a\u00f1os, es fundamental porque retiene el deseo y las ganas de permanecer en el deporte\u201d, apunt\u00f3 Soto.<\/p>\n\n\n\n<p><strong>Presencias<\/strong><\/p>\n\n\n\n<p>Participaron junto al Gobernador, Gustavo Vald\u00e9s; el intendente de Goya, Mariano Hormaechea; el intendente de Corrientes, Eduardo Tassano; el vicepresidente 1\u00b0 del Senado, Henry Fick; el ministro de Desarrollo Social, Ad\u00e1n Gaya; de Producci\u00f3n, Claudio Anselmo; de Obras P\u00fablicas, Claudio Polich; secretarios y subsecretarios Provinciales; el presidente del Club Atl\u00e9tico Central, Juan Soto; y dem\u00e1s autoridades.<\/p>\n","protected":false},"excerpt":{"rendered":"<p>Tras su visita a Cecilio Echevarr\u00eda y Carolina, el gobernador Gustavo Vald\u00e9s se dirigi\u00f3 esta noche al Club Atl\u00e9tico Central de la ciudad de Goya. All\u00ed, inaugur\u00f3 la nueva iluminaci\u00f3n&hellip; <\/p>\n","protected":false},"author":4,"featured_media":174328,"comment_status":"closed","ping_status":"open","sticky":false,"template":"","format":"standard","meta":{"footnotes":""},"categories":[23],"tags":[],"class_list":["post-174326","post","type-post","status-publish","format-standard","has-post-thumbnail","hentry","category-actualidad"],"_links":{"self":[{"href":"https:\/\/corrientesdetarde.com\/index.php\/wp-json\/wp\/v2\/posts\/174326","targetHints":{"allow":["GET"]}}],"collection":[{"href":"https:\/\/corrientesdetarde.com\/index.php\/wp-json\/wp\/v2\/posts"}],"about":[{"href":"https:\/\/corrientesdetarde.com\/index.php\/wp-json\/wp\/v2\/types\/post"}],"author":[{"embeddable":true,"href":"https:\/\/corrientesdetarde.com\/index.php\/wp-json\/wp\/v2\/users\/4"}],"replies":[{"embeddable":true,"href":"https:\/\/corrientesdetarde.com\/index.php\/wp-json\/wp\/v2\/comments?post=174326"}],"version-history":[{"count":1,"href":"https:\/\/corrientesdetarde.com\/index.php\/wp-json\/wp\/v2\/posts\/174326\/revisions"}],"predecessor-version":[{"id":174329,"href":"https:\/\/corrientesdetarde.com\/index.php\/wp-json\/wp\/v2\/posts\/174326\/revisions\/174329"}],"wp:featuredmedia":[{"embeddable":true,"href":"https:\/\/corrientesdetarde.com\/index.php\/wp-json\/wp\/v2\/media\/174328"}],"wp:attachment":[{"href":"https:\/\/corrientesdetarde.com\/index.php\/wp-json\/wp\/v2\/media?parent=174326"}],"wp:term":[{"taxonomy":"category","embeddable":true,"href":"https:\/\/corrientesdetarde.com\/index.php\/wp-json\/wp\/v2\/categories?post=174326"},{"taxonomy":"post_tag","embeddable":true,"href":"https:\/\/corrientesdetarde.com\/index.php\/wp-json\/wp\/v2\/tags?post=174326"}],"curies":[{"name":"wp","href":"https:\/\/api.w.org\/{rel}","templated":true}]}}