{"id":174330,"date":"2024-11-21T08:11:16","date_gmt":"2024-11-21T11:11:16","guid":{"rendered":"https:\/\/corrientesdetarde.com\/?p=174330"},"modified":"2024-11-21T08:11:28","modified_gmt":"2024-11-21T11:11:28","slug":"milei-villarruel-no-tiene-ningun-tipo-de-injerencia-en-la-toma-de-decisiones-ella-esta-cerca-de-la-casta","status":"publish","type":"post","link":"https:\/\/corrientesdetarde.com\/index.php\/politica\/milei-villarruel-no-tiene-ningun-tipo-de-injerencia-en-la-toma-de-decisiones-ella-esta-cerca-de-la-casta\/","title":{"rendered":"Milei: \u201cVillarruel no tiene ning\u00fan tipo de injerencia en la toma de decisiones, ella est\u00e1 cerca de la casta\u201d"},"content":{"rendered":"\n<p>Javier Milei sorprendi\u00f3 con una fuerte declaraci\u00f3n contra Victoria Villarruel, su vicepresidenta, con quien la relaci\u00f3n est\u00e1 tensa desde hace varios meses, pero desde el Gobierno se encargaron siempre de dejar este cortocircuito fuera de la discusi\u00f3n p\u00fablica. Sin embargo, ahora, en una entrevista con Esteban Trebucq por LN+, el jefe de Estado lanz\u00f3 dur\u00edsimos dichos contra quien fuera su compa\u00f1era de f\u00f3rmula en 2023.<\/p>\n\n\n\n<p><strong>\u201cVillarruel no tiene ning\u00fan tipo de injerencia en la toma de decisiones. No participa de las reuniones de Gabinete. Decidi\u00f3 no participar. Hace mucho tiempo que decide no participar en las reuniones de Gabinete. El di\u00e1logo es lo que se necesita institucionalmente para cumplir con nuestros roles. Ella en su visi\u00f3n, en muchas de las cosas que nosotros hacemos est\u00e1 m\u00e1s cerca del c\u00edrculo rojo, de lo que ella llama la alta pol\u00edtica, y lo que nosotros llamamos la casta<\/strong>\u201d,&nbsp; afirm\u00f3 el mandatario.<\/p>\n\n\n\n<p>Otro de los momentos clave fue cuando habl\u00f3 de una posible alianza con el PRO para las elecciones de 2025: \u201cCreo que con el PRO debemos caminar hacia un rumbo que nos encuentre juntos. El enemigo son los colectivistas que aman el rumbo que nos llev\u00f3 a la miseria. Puede tener la cara de N\u00e9stor, Cristina o Massa. Si vos quer\u00e9s lograr que esto sea permanente, ten\u00e9s que tener tres patas: econ\u00f3mica, pol\u00edtica y cultural\u201d.<\/p>\n\n\n\n<p>Al respecto, a\u00f1adi\u00f3: \u201cLa izquierda arm\u00f3 una estrategia basada en Gramsci y fue exitosa. Son cucarachas y pido perd\u00f3n a las cucarachas, hay un bicho peor. Fueron muy exitosos, tuviste tres periodos Kirchner m\u00e1s Alberto cuatro, Chile, Paraguay, Uruguay, Brasil, Per\u00fa, Colombia, Espa\u00f1a, M\u00e9xico. La persona que est\u00e1 ahora en M\u00e9xico es comunista declarada. Fueron muy exitosos pol\u00edticamente. Dieron la batalla cultural. Venezuela. Vamos. Fueron exitosos en lo cultural y en lo pol\u00edtico, pero un desastre en lo econ\u00f3mico por eso se est\u00e1n cayendo a pedazos\u201d.<\/p>\n\n\n\n<p>En este punto, elogi\u00f3 a su hermana, Karina Milei, a cargo del armado pol\u00edtico de La Libertad Avanza: \u201cOtra cosa que necesit\u00e1s es tener un brazo pol\u00edtico. Cuesta armar un partido. Otros partidos libertarios no ten\u00edan un partido de gobierno, se ca\u00edan las afiliaciones, te impugnaban. Mi hermana, la supuesta pastelera o repostera (como si eso fuera un delito), en seis meses arm\u00f3 un partido. Mir\u00e1 donde nos puso la repostera. Sin mi hermana. Si va a ser candidata es problema de ella\u201d.<\/p>\n\n\n\n<p>De esta manera, plante\u00f3 que lo que falta es la \u201cbatalla cultural\u201d. \u201cLo que estamos haciendo es integrar esos tres elementos. Estamos trabajando en los tres frentes activamente\u201d, asegur\u00f3 en relaci\u00f3n con c\u00f3mo contin\u00faa el plan de su armado pol\u00edtico.<\/p>\n\n\n\n<p>Al comienzo del reportaje, el Presidente habl\u00f3 sobre la herencia econ\u00f3mica y el rumbo que est\u00e1 adoptando la Casa Rosada, lanzando cr\u00edticas al PJ: \u201cAsumimos con un d\u00e9ficit consolidado de 15 puntos del PBI, un desequilibrio monetario dos veces mayor al del Rodrigazo, un desbalance del Banco Central peor al de Alfons\u00edn y una situaci\u00f3n social peor al 2001. Podr\u00edamos haber quintuplicado la cantidad de dinero. Deuda en pesos por nueve bases monetarias m\u00e1s. Era una bomba armada para que en diciembre comenzaran los saqueos y en enero el peronismo hubiera estado volviendo al poder. Ten\u00edamos 50 mil millones de d\u00f3lares de deuda de las SIRAS y reservas netas negativas por 12 mil millones de d\u00f3lares\u201d.<\/p>\n\n\n\n<p>Y agreg\u00f3: \u201cDijimos que \u00edbamos a un d\u00e9ficit cero en un a\u00f1o. Nos dijeron que era imposible. Lo hicimos en un fin de semana de semana, fijate la potencia del programa. En enero, el primer mes, ya no ten\u00edamos d\u00e9ficit fiscal. Lo que hicimos fue, conforme a mejorar las cuentas p\u00fablicas, eso nos permiti\u00f3 deuda del Banco Central al tesoro. No lo hicimos con un plan Bonex sino en forma voluntaria. Dise\u00f1amos el crawling peg. Sacar el cepo, lo voy a sacar. Pero esto es un proceso de mercado y se tiene que resolver a trav\u00e9s de los individuos\u201d.<\/p>\n\n\n\n<p>En la misma l\u00ednea, continu\u00f3: \u201cEn seis meses hicimos un ajuste fiscal de 15 puntos del PBI, es un milagro. Iba a ocurrir un cataclismo y no ocurri\u00f3. El caso argentino se estudia en el mundo. Dos premios nobel se fijaron. El modelo es reconocido en el mundo. Bajamos la inflaci\u00f3n m\u00e1s de mil veces. La verdadera inflaci\u00f3n es 0,2 mensual, 5% anual\u201d.<\/p>\n\n\n\n<p>\u201cEl nivel de pobreza hoy es 46%, bajamos la pobreza 11 puntos en 10 meses. Estamos destruyendo la inflaci\u00f3n, no sufrimos en actividad ni empleo, los salarios b\u00e1sicos reales est\u00e1n encima que cuando asumimos. Ven\u00ed a hablarme de recuperaci\u00f3n\u201d, sentenci\u00f3. M\u00e1s adelante en la entrevista, celebr\u00f3: \u201cEs un caso verdaderamente milagroso. Nuestro programa de estabilizaci\u00f3n est\u00e1 dando pruebas de que es mejor que la convertibilidad, es sostenible\u201d.<\/p>\n\n\n\n<p>A casi un a\u00f1o de haber asumido la gesti\u00f3n, el Presidente destac\u00f3 el apoyo que recibe por parte de la sociedad. \u201cEn t\u00e9rminos de encuestas, estamos mejor que cuando arrancamos, despu\u00e9s de haber tomado medidas impopulares. Es fuerte eso\u201d, resalt\u00f3.<\/p>\n\n\n\n<p>A su vez, en lo relacionado con pol\u00edtica econ\u00f3mica, se refiri\u00f3 al cepo y explic\u00f3: \u201cAhora necesitas que durante tres meses tengamos un IPC en torno al 2,5%. Si validamos dos meses m\u00e1s con esa cifra, y despu\u00e9s vamos a 1,5%, se termina el problema del crawl in peg. Con la ayuda financiera lo tenemos m\u00e1s f\u00e1cil\u201d.<\/p>\n\n\n\n<p>Por otro lado, habl\u00f3 sobre la demora en el tratamiento de las candidaturas a la Corte Suprema al decir: \u201cSi no avanza, no avanza. Voy a tratar de agotar la instancia institucional. El jefe de gabinete Guillermo Francos labura a brazo partido con el Congreso, las provincias. Me gustar\u00eda que salga por el Senado y no tener que encontrarme con una situaci\u00f3n en la que quede atascado y no pueda funcionar en el orden institucional\u201d.<\/p>\n\n\n\n<p>Sobre el final de la entrevista, Milei aprovech\u00f3 la oportunidad para enviarle un mensaje a la sociedad. \u201cLe digo a la gente que apueste por el pa\u00eds porque esto no se vio en el mundo, el mundo nos tiene admiraci\u00f3n, estamos haciendo la argentina grande nuevamente\u201d, cerr\u00f3.<\/p>\n","protected":false},"excerpt":{"rendered":"<p>Javier Milei sorprendi\u00f3 con una fuerte declaraci\u00f3n contra Victoria Villarruel, su vicepresidenta, con quien la relaci\u00f3n est\u00e1 tensa desde hace varios meses, pero desde el Gobierno se encargaron siempre de&hellip; <\/p>\n","protected":false},"author":1,"featured_media":132540,"comment_status":"closed","ping_status":"open","sticky":false,"template":"","format":"standard","meta":{"footnotes":""},"categories":[3],"tags":[],"class_list":["post-174330","post","type-post","status-publish","format-standard","has-post-thumbnail","hentry","category-politica"],"_links":{"self":[{"href":"https:\/\/corrientesdetarde.com\/index.php\/wp-json\/wp\/v2\/posts\/174330","targetHints":{"allow":["GET"]}}],"collection":[{"href":"https:\/\/corrientesdetarde.com\/index.php\/wp-json\/wp\/v2\/posts"}],"about":[{"href":"https:\/\/corrientesdetarde.com\/index.php\/wp-json\/wp\/v2\/types\/post"}],"author":[{"embeddable":true,"href":"https:\/\/corrientesdetarde.com\/index.php\/wp-json\/wp\/v2\/users\/1"}],"replies":[{"embeddable":true,"href":"https:\/\/corrientesdetarde.com\/index.php\/wp-json\/wp\/v2\/comments?post=174330"}],"version-history":[{"count":1,"href":"https:\/\/corrientesdetarde.com\/index.php\/wp-json\/wp\/v2\/posts\/174330\/revisions"}],"predecessor-version":[{"id":174341,"href":"https:\/\/corrientesdetarde.com\/index.php\/wp-json\/wp\/v2\/posts\/174330\/revisions\/174341"}],"wp:featuredmedia":[{"embeddable":true,"href":"https:\/\/corrientesdetarde.com\/index.php\/wp-json\/wp\/v2\/media\/132540"}],"wp:attachment":[{"href":"https:\/\/corrientesdetarde.com\/index.php\/wp-json\/wp\/v2\/media?parent=174330"}],"wp:term":[{"taxonomy":"category","embeddable":true,"href":"https:\/\/corrientesdetarde.com\/index.php\/wp-json\/wp\/v2\/categories?post=174330"},{"taxonomy":"post_tag","embeddable":true,"href":"https:\/\/corrientesdetarde.com\/index.php\/wp-json\/wp\/v2\/tags?post=174330"}],"curies":[{"name":"wp","href":"https:\/\/api.w.org\/{rel}","templated":true}]}}