{"id":174332,"date":"2024-11-21T08:05:43","date_gmt":"2024-11-21T11:05:43","guid":{"rendered":"https:\/\/corrientesdetarde.com\/?p=174332"},"modified":"2024-11-21T08:05:56","modified_gmt":"2024-11-21T11:05:56","slug":"desregularon-la-comercializacion-de-medicamentos-de-venta-libre","status":"publish","type":"post","link":"https:\/\/corrientesdetarde.com\/index.php\/bienestar-y-salud\/desregularon-la-comercializacion-de-medicamentos-de-venta-libre\/","title":{"rendered":"Desregularon la comercializaci\u00f3n de medicamentos de venta libre"},"content":{"rendered":"\n<p>El Gobierno de la Libertad Avanza (LLA) dio un nuevo paso en su proceso de desregulaci\u00f3n de las actividades comerciales del pa\u00eds. En este caso fue el turno de los medicamentos de venta libre, los cuales, seg\u00fan lo contenido en el Decreto 1024\/2024 publicado ayer en el Bolet\u00edn Oficial, de ahora en m\u00e1s &#8220;podr\u00e1n ser exhibidos en las g\u00f3ndolas de establecimientos habilitados como farmacias, de modo tal que conserven inalteradas sus propiedades fisicoqu\u00edmicas y el p\u00fablico general pueda acceder directamente a ellos sin necesidad de intermediarios&#8221;.<\/p>\n\n\n\n<p>Tambi\u00e9n postul\u00f3 que el expendio de medicamentos de venta libre, &#8220;cuando fuera en g\u00f3ndolas, deber\u00e1 sujetarse a las siguientes condiciones: las g\u00f3ndolas deben ser correctamente se\u00f1alizadas. Los medicamentos deben ser ofrecidos en caja cerrada, con su respectivo prospecto y exclusivamente a personas mayores de 18 a\u00f1os. Adem\u00e1s, establece que &#8220;la edad del adquiriente ser\u00e1 constatada con el Documento Nacional de Identidad al momento de efectuar el pago&#8221;.<\/p>\n\n\n\n<p>En tanto, se plante\u00f3 que en los establecimientos &#8220;que no est\u00e9n habilitados como farmacias, la comercializaci\u00f3n de medicamentos de condici\u00f3n de expendio de venta libre estar\u00e1 limitada a los anti\u00e1cidos y los analg\u00e9sicos&#8221;, dejando de esta manera la posibilidad oficial de que esos remedios puedan venderse en kioscos, supermercados y otros negocios.<\/p>\n\n\n\n<h2 class=\"wp-block-heading\">Reacci\u00f3n<\/h2>\n\n\n\n<p>El decreto, que lleva la firma del presidente Javier Milei, el ministro de Salud Mario Lugones y el jefe de Gabinete Guillermo Francos gener\u00f3 la r\u00e1pida reacci\u00f3n de la Federaci\u00f3n Argentina de C\u00e1mara de Farmacias (FACAF), que es presidida por el correntino Miguel Lombardo.<\/p>\n\n\n\n<p>Desde ese n\u00facleo dieron a conocer un comunicado que advirti\u00f3: &#8220;Bajo el argumento de proteger al consumidor, garantizar un tratamiento fehaciente y veraz de la informaci\u00f3n y asegurar la libertad de elecci\u00f3n sin menoscabar el derecho a la salud, la normativa habilita a que los medicamentos y productos indicados puedan ser exhibidos y comprados directamente desde las g\u00f3ndolas de las farmacias, sin necesidad de intermediarios, denostando la labor del profesional farmac\u00e9utico&#8221;.<\/p>\n\n\n\n<p>&#8220;Desde las entidades farmac\u00e9uticas venimos alertando respecto a que ning\u00fan medicamento es inocuo. Incluso, los mal denominados de venta libre pueden tener consecuencias y efectos adversos graves si no se usan correctamente&#8221;, prosigue la misiva.<\/p>\n\n\n\n<p>&#8220;Al exhibirlos en g\u00f3ndolas como si fueran simples mercanc\u00edas, se pone en riesgo la salud de los pacientes. Sin la orientaci\u00f3n adecuada sobre su uso, interacciones con otros f\u00e1rmacos y contraindicaciones, se incrementa el riesgo de automedicaci\u00f3n incorrecta, con consecuencias potencialmente peligrosas&#8221;, a\u00f1ade el texto.<\/p>\n\n\n\n<p>Bajo esa tesitura, FACAF ampli\u00f3 su postura en torno a la citada disposici\u00f3n federal: &#8220;Las farmacias no son formadoras de precios de los medicamentos, por lo tanto las medidas propuestas por el decreto en cuesti\u00f3n para nada contribuyen a lograr un objetivo de ese tenor. Un importante n\u00famero de provincias tiene su propia ley sanitaria en salvaguarda del medicamento y la salud de su poblaci\u00f3n, es decir, proh\u00edbe expresamente la venta de medicamentos de venta libre fuera de las farmacias y proh\u00edbe que est\u00e9n en g\u00f3ndolas al alcance del p\u00fablico&#8221;.<\/p>\n\n\n\n<p>Por \u00faltimo, la federaci\u00f3n encabezada por Lombardo describi\u00f3 que &#8220;la farmacia argentina es un modelo de eficacia sanitaria a nivel mundial, pero este decreto busca transformarla en un simple negocio al servicio de los intereses econ\u00f3micos de unos pocos, del modelo sanitario al \u0091farmashopping\u0092, convirtiendo al medicamento de un bien social en un objeto de consumo al que solo algunos argentinos podr\u00e1n acceder&#8221;.<\/p>\n\n\n\n<h2 class=\"wp-block-heading\">Desde CEPROFAR advierten un trasfondo mercantilista<\/h2>\n\n\n\n<figure class=\"wp-block-image\"><img decoding=\"async\" src=\"https:\/\/www.diarioepoca.com\/content\/bucket\/6\/1397476w380h238c.jpg.webp\" alt=\"\"\/><\/figure>\n\n\n\n<p>El director del Centro de Profesionales Farmac\u00e9uticos Argentinos (CEPROFAR), Rub\u00e9n Sajem, apunt\u00f3 al Gobierno Nacional por la desregulaci\u00f3n de los medicamentos, medida que permite que los que son de venta libre puedan ser exhibidos en las g\u00f3ndolas y comprados sin mediaci\u00f3n de un farmac\u00e9utico.<\/p>\n\n\n\n<p>Seg\u00fan Sajem, esta normativa &#8220;significa volver atr\u00e1s&#8221; y record\u00f3 que en 1991 el decreto de desregulaci\u00f3n del por entonces ministro de Econom\u00eda Domingo Cavallo hizo lo propio con &#8220;intenci\u00f3n puramente mercantil&#8221;.<\/p>\n\n\n\n<p>&#8220;Se permiti\u00f3 la venta de medicamentos de venta libre en supermercados, kioscos, almacenes, estaciones de servicios. Estuvo en vigencia durante 18 a\u00f1os. En 2009 se sancion\u00f3 una ley casi por unanimidad para que vuelvan los medicamentos a las farmacias para que no haya en g\u00f3ndolas porque se dec\u00eda que esto fomentaba la automedicaci\u00f3n, se encontraban medicamentos robados en estos espacios alternativos a las farmacias, no se pod\u00edan devolver los lotes defectuosos&#8221;, puntualiz\u00f3 en declaraciones a medios nacionales.<\/p>\n\n\n\n<p>El titular de CEPROFAR se pregunt\u00f3 cu\u00e1l es el beneficio. &#8220;La accesibilidad no es comprar cualquier cosa en cualquier lado. Si hay un lugar accesible es una farmacia que est\u00e1 obligada a hacer turnos y est\u00e1 abierta por las noches. Esto es para favorecer a quienes quieren hacer de los medicamentos un bien mercantil m\u00e1s&#8221;, advirti\u00f3.<\/p>\n","protected":false},"excerpt":{"rendered":"<p>El Gobierno de la Libertad Avanza (LLA) dio un nuevo paso en su proceso de desregulaci\u00f3n de las actividades comerciales del pa\u00eds. En este caso fue el turno de los&hellip; <\/p>\n","protected":false},"author":1,"featured_media":81357,"comment_status":"closed","ping_status":"open","sticky":false,"template":"","format":"standard","meta":{"footnotes":""},"categories":[16,26],"tags":[],"class_list":["post-174332","post","type-post","status-publish","format-standard","has-post-thumbnail","hentry","category-bienestar-y-salud","category-destacados"],"_links":{"self":[{"href":"https:\/\/corrientesdetarde.com\/index.php\/wp-json\/wp\/v2\/posts\/174332","targetHints":{"allow":["GET"]}}],"collection":[{"href":"https:\/\/corrientesdetarde.com\/index.php\/wp-json\/wp\/v2\/posts"}],"about":[{"href":"https:\/\/corrientesdetarde.com\/index.php\/wp-json\/wp\/v2\/types\/post"}],"author":[{"embeddable":true,"href":"https:\/\/corrientesdetarde.com\/index.php\/wp-json\/wp\/v2\/users\/1"}],"replies":[{"embeddable":true,"href":"https:\/\/corrientesdetarde.com\/index.php\/wp-json\/wp\/v2\/comments?post=174332"}],"version-history":[{"count":1,"href":"https:\/\/corrientesdetarde.com\/index.php\/wp-json\/wp\/v2\/posts\/174332\/revisions"}],"predecessor-version":[{"id":174337,"href":"https:\/\/corrientesdetarde.com\/index.php\/wp-json\/wp\/v2\/posts\/174332\/revisions\/174337"}],"wp:featuredmedia":[{"embeddable":true,"href":"https:\/\/corrientesdetarde.com\/index.php\/wp-json\/wp\/v2\/media\/81357"}],"wp:attachment":[{"href":"https:\/\/corrientesdetarde.com\/index.php\/wp-json\/wp\/v2\/media?parent=174332"}],"wp:term":[{"taxonomy":"category","embeddable":true,"href":"https:\/\/corrientesdetarde.com\/index.php\/wp-json\/wp\/v2\/categories?post=174332"},{"taxonomy":"post_tag","embeddable":true,"href":"https:\/\/corrientesdetarde.com\/index.php\/wp-json\/wp\/v2\/tags?post=174332"}],"curies":[{"name":"wp","href":"https:\/\/api.w.org\/{rel}","templated":true}]}}