{"id":174333,"date":"2024-11-21T08:01:58","date_gmt":"2024-11-21T11:01:58","guid":{"rendered":"https:\/\/corrientesdetarde.com\/?p=174333"},"modified":"2024-11-21T08:02:10","modified_gmt":"2024-11-21T11:02:10","slug":"con-el-horizonte-hacia-un-desarrollo-sostenible-valdes-rubrico-el-pacto-2030-de-la-ciudad-de-goya","status":"publish","type":"post","link":"https:\/\/corrientesdetarde.com\/index.php\/locales\/con-el-horizonte-hacia-un-desarrollo-sostenible-valdes-rubrico-el-pacto-2030-de-la-ciudad-de-goya\/","title":{"rendered":"Con el horizonte hacia un desarrollo sostenible, Vald\u00e9s rubric\u00f3 el Pacto 2030 de la ciudad de Goya"},"content":{"rendered":"\n<p><em>Al finalizar sus actividades en la localidad de Goya, el gobernador Gustavo Vald\u00e9s firm\u00f3 en la noche de este mi\u00e9rcoles el Pacto 2030, un documento que servir\u00e1 como herramienta de gesti\u00f3n para construir una ciudad pr\u00f3spera, moderna e inclusiva. En el mismo acto, el mandatario tambi\u00e9n rubric\u00f3 la escrituraci\u00f3n de lotes que la Provincia donar\u00e1 a la Comuna para la construcci\u00f3n de viviendas, y el compromiso para la ejecuci\u00f3n de la segunda etapa de la costanera local.<\/em><\/p>\n\n\n\n<p>Con los objetivos del desarrollo, la modernizaci\u00f3n y la inclusi\u00f3n social, se suscribi\u00f3 este mi\u00e9rcoles por la noche el llamado Pacto Goya 2030, un compromiso que cont\u00f3 con los representantes de distintas instituciones de la ciudad \u2013 entre ellos la Sociedad Rural, C\u00e1maras empresariales, Consorcio del Parque Industrial y referentes de las fuerzas armadas -; un acto que desde la bienvenida a los presentes busc\u00f3 comprometer a toda la ciudadan\u00eda goyana con un \u201cporvenir sostenible e inclusivo\u201d.<\/p>\n\n\n\n<p>Entre los puntos m\u00e1s relevantes de la noche, adem\u00e1s de la firma del Pacto, se cuenta la r\u00fabrica de un compromiso de inversi\u00f3n por parte del gobierno provincial de $6.000 millones para finalizar la costanera de Goya, as\u00ed como la donaci\u00f3n de 288 lotes que ser\u00e1n destinados a la construcci\u00f3n de viviendas.<\/p>\n\n\n\n<p>El acto, realizado en Plaza Mitre de la ciudad, fue la \u00faltima de las actividades encabezadas por el gobernador Gustavo Vald\u00e9s este mi\u00e9rcoles, quien comenz\u00f3 la jornada con una serie de inauguraciones de obras y entrega de viviendas en Cecilio Echeverr\u00eda, Carolina y Goya.<\/p>\n\n\n\n<p>Antes de la entonaci\u00f3n del Himno Nacional y darle la palabra a los numerosos oradores con que contar\u00eda el acto, en una presentaci\u00f3n audiovisual qued\u00f3 plasmado el esp\u00edritu del evento que convoc\u00f3 de manera masiva a la comunidad a la Plaza y que fue definido como un \u201chito hist\u00f3rico\u201d para la localidad.<\/p>\n\n\n\n<p><strong>Acompa\u00f1ar a cumplir los objetivos<\/strong><\/p>\n\n\n\n<p>\u201cLos vamos a acompa\u00f1ar a cumplir cada uno de esos objetivos que est\u00e1n fijados en el Pacto Goya 2030\u201d, asegur\u00f3 el gobernador Gustavo Vald\u00e9s al tomar la palabra durante el acto. Tras analizar los turbulentos cambios por los que atraviesa el mundo desde la segunda guerra mundial en adelante, el gobernador acentu\u00f3 los hitos en la historia de Corrientes: \u201ccuando nos convertimos en provincia, trabajamos por la libertad de nuestra patria chica y peleamos por nuestra Constituci\u00f3n\u201d.<\/p>\n\n\n\n<p>En ese contexto, record\u00f3 la importancia de \u201cla necesidad de generar nuevos pactos que implican compromisos sociales\u201d, a la vez que destac\u00f3 el cumplimiento de al menos un 80% de los compromisos fijados en el Pacto 2020.<\/p>\n\n\n\n<p>\u201cNecesitamos Pactos para que trabajemos por el futuro de todos. Un futuro que se logra con educaci\u00f3n, modernizaci\u00f3n e inclusi\u00f3n\u201d, remarc\u00f3. En ese sentido, record\u00f3 la inversi\u00f3n Provincial para la compra del predio de Massalin Particulars con destino a la instalaci\u00f3n de una Universidad, as\u00ed como la del rol de TelCo para llegar con conectividad y modernizaci\u00f3n, y avizor\u00f3 la importancia de construir el futuro un Hospital de Ni\u00f1os para la regi\u00f3n.<\/p>\n\n\n\n<p>En otro momento, elogi\u00f3 el desarrollo del Parque Industrial de la ciudad, y finalmente anunci\u00f3 la inversi\u00f3n de m\u00e1s de 6 mil millones de pesos para la segunda etapa de a construcci\u00f3n de la Costanera.<\/p>\n\n\n\n<p>Al final, inst\u00f3 a \u201cseguir trabajando juntos, levantando la cabeza en tiempos dif\u00edciles, para salir con esto que dice nuestra bandera de 1891: Patria, Libertad y Constituci\u00f3n\u201d.<\/p>\n\n\n\n<p><strong>Un faro para el futuro<\/strong><\/p>\n\n\n\n<p>\u201cEste Pacto no es s\u00f3lo un documento, es una promesa de trabajar juntos para fomentar un crecimiento econ\u00f3mico sostenible, adoptar tecnolog\u00edas innovadoras y construir infraestructuras inteligentes que transformen nuestra ciudad. Es una promesa de fortalecer la inclusi\u00f3n social, asegurar el acceso equitativo a servicios esenciales y consolidar un entorno de respeto por el medio ambiente\u201d, definieron en la presentaci\u00f3n.<\/p>\n\n\n\n<p>En ese sentido, se refirieron al Pacto Goya 2030 como \u201cuna hoja de ruta para quienes estamos aqu\u00ed, y tambi\u00e9n como un faro para quienes vendr\u00e1n: una herramienta de gesti\u00f3n y un instrumento de revisi\u00f3n constante\u201d.<\/p>\n\n\n\n<p>En otro p\u00e1rrafo, instaron al compromiso de todos los sectores, p\u00fablicos y privados, instituciones y de los ciudadanos para \u201calcanzar los objetivos, que ser\u00e1n el resultado del trabajo compartido y una mirada hacia adelante que prioriza el bienestar com\u00fan\u201d.<\/p>\n\n\n\n<p>Entre los oradores que luego estampar\u00edan su firma para rubricar el documento, se cont\u00f3 a Daniel Lesteime (rector del ISG) como representante del sector educativo; Carlos V\u00e1squez, presidente del Consejo Vecinal de Goya; en nombre del Honorable Concejo Deliberante tom\u00f3 la palabra la concejal M\u00f3nica Cortinovis; en representaci\u00f3n de las fuerzas armadas fue el Teniente Coronel Sergio Ortiz; como un ejemplo de mujer comprometida con la comunidad fue convocada la emprendedora Stella Araya; luego fue el turno del Obispo, Monse\u00f1or Adolfo Canec\u00edn, y como \u00faltimos dos oradores tomaron la palabra el Intendente Mariano Hormaechea y al final el gobernador Gustavo Vald\u00e9s.<\/p>\n\n\n\n<p>El documento tambi\u00e9n fue suscripto por los ministros de Ciencia y Tecnolog\u00eda, Jorge G\u00f3mez; de Seguridad, Alfredo Vallejos y de Obras y Servicios P\u00fablicos, Claudio Polich.<\/p>\n\n\n\n<p><strong>Cambio generacional<\/strong><\/p>\n\n\n\n<p>Para el intendente Mariano Hormaechea, el Pacto Goya 2030 es el resultado del compromiso y el trabajo conjunto de la comunidad. \u201cTuvimos m\u00e1s de 30 reuniones\u201d, record\u00f3 el jefe comunal. \u201cEn el a\u00f1o 2021 le planteamos a la ciudadan\u00eda un cambio generacional dentro de un proyecto pol\u00edtico liderado por el gobernador Gustavo Vald\u00e9s. Y de cara a la ciudadan\u00eda planteamos trabajar juntos en los &nbsp;tres ejes con que ven\u00eda trabajando la provincia: el desarrollo, la modernizaci\u00f3n y la inclusi\u00f3n social\u201d, apunt\u00f3 Hormaechea.<\/p>\n\n\n\n<p>Luego record\u00f3 haber suscripto el Pacto Correntino 2030 en su rol de intendente en 2022. \u201cHicimos mucho, pero a\u00fan falta mucho por hacer. Por eso convocamos el a\u00f1o pasado a todas las instituciones y hacer nuestro propio pacto\u201d, expres\u00f3, a la vez que defini\u00f3 a su ciudad como \u201cun centro comercial, de servicios y de atenci\u00f3n en el sur de la provincia. Este Pacto nos da una visi\u00f3n de futuro, una gu\u00eda en el camino de la modernizaci\u00f3n con inclusi\u00f3n social que Goya necesita\u201d, afirm\u00f3.<\/p>\n\n\n\n<p><strong>Presencias<\/strong><\/p>\n\n\n\n<p>Entre otras autoridades, estuvieron presentes el Intendente Municipal de Goya, Mariano Hormaechea; el Vicepresidente Primero del Senado, Henry Fick; &nbsp;la Vicepresidente Segunda del Honorable Concejo Deliberante de Goya, Vivian Merlo; adem\u00e1s de las autoridades locales, de municipios vecinos, legisladores, concejales e integrantes del gabinete del Ejecutivo municipales, estuvieron presentes entre otros el Ministro de Desarrollo Social de la Provincia, Ad\u00e1n Gaya, el intendente de la ciudad de Corrientes, Eduardo Tassano y la Ministra de Educaci\u00f3n de la provincia, Pr\u00e1xedes L\u00f3pez; por otra parte, el Obispo de la Di\u00f3cesis de Goya, Monse\u00f1or Adolfo Canec\u00edn; el Jefe del Batall\u00f3n de Ingenieros de Monte 12, Teniente Coronel Sergio Ortiz; Intendentes de localidades vecinas, funcionarios del gabinete del Ejecutivo Provincial, legisladores, concejales y los representantes de Fuerzas Armadas, c\u00e1maras empresariales, comisiones vecinales y entidades de la sociedad civil, quienes serian parte de la r\u00fabrica del Pacto.<\/p>\n","protected":false},"excerpt":{"rendered":"<p>Al finalizar sus actividades en la localidad de Goya, el gobernador Gustavo Vald\u00e9s firm\u00f3 en la noche de este mi\u00e9rcoles el Pacto 2030, un documento que servir\u00e1 como herramienta de&hellip; <\/p>\n","protected":false},"author":1,"featured_media":174334,"comment_status":"closed","ping_status":"open","sticky":false,"template":"","format":"standard","meta":{"footnotes":""},"categories":[8],"tags":[],"class_list":["post-174333","post","type-post","status-publish","format-standard","has-post-thumbnail","hentry","category-locales"],"_links":{"self":[{"href":"https:\/\/corrientesdetarde.com\/index.php\/wp-json\/wp\/v2\/posts\/174333","targetHints":{"allow":["GET"]}}],"collection":[{"href":"https:\/\/corrientesdetarde.com\/index.php\/wp-json\/wp\/v2\/posts"}],"about":[{"href":"https:\/\/corrientesdetarde.com\/index.php\/wp-json\/wp\/v2\/types\/post"}],"author":[{"embeddable":true,"href":"https:\/\/corrientesdetarde.com\/index.php\/wp-json\/wp\/v2\/users\/1"}],"replies":[{"embeddable":true,"href":"https:\/\/corrientesdetarde.com\/index.php\/wp-json\/wp\/v2\/comments?post=174333"}],"version-history":[{"count":1,"href":"https:\/\/corrientesdetarde.com\/index.php\/wp-json\/wp\/v2\/posts\/174333\/revisions"}],"predecessor-version":[{"id":174335,"href":"https:\/\/corrientesdetarde.com\/index.php\/wp-json\/wp\/v2\/posts\/174333\/revisions\/174335"}],"wp:featuredmedia":[{"embeddable":true,"href":"https:\/\/corrientesdetarde.com\/index.php\/wp-json\/wp\/v2\/media\/174334"}],"wp:attachment":[{"href":"https:\/\/corrientesdetarde.com\/index.php\/wp-json\/wp\/v2\/media?parent=174333"}],"wp:term":[{"taxonomy":"category","embeddable":true,"href":"https:\/\/corrientesdetarde.com\/index.php\/wp-json\/wp\/v2\/categories?post=174333"},{"taxonomy":"post_tag","embeddable":true,"href":"https:\/\/corrientesdetarde.com\/index.php\/wp-json\/wp\/v2\/tags?post=174333"}],"curies":[{"name":"wp","href":"https:\/\/api.w.org\/{rel}","templated":true}]}}