{"id":174652,"date":"2024-11-22T23:35:33","date_gmt":"2024-11-23T02:35:33","guid":{"rendered":"https:\/\/corrientesdetarde.com\/?p=174652"},"modified":"2024-11-22T23:35:38","modified_gmt":"2024-11-23T02:35:38","slug":"valeria-mazza-tras-la-muerte-de-roberto-giordano-expreso-el-fue-el-primero-que-me-vio-cuando-desfilaba-en-mi-ciudad","status":"publish","type":"post","link":"https:\/\/corrientesdetarde.com\/index.php\/espectaculos\/valeria-mazza-tras-la-muerte-de-roberto-giordano-expreso-el-fue-el-primero-que-me-vio-cuando-desfilaba-en-mi-ciudad\/","title":{"rendered":"Valeria Mazza, tras la muerte de Roberto Giordano, expres\u00f3: \u201c\u00c9l fue el primero que me vio cuando desfilaba en mi ciudad.\u201d"},"content":{"rendered":"\n<h2 class=\"wp-block-heading\">La modelo record\u00f3 los inicios de su carrera junto al estilista e hizo referencia a su trayectoria en exclusiva con Noticias Argentinas.<\/h2>\n\n\n\n<p>La modelo<strong>&nbsp;Valeria Mazza r<\/strong>ecord\u00f3 al estilista&nbsp;<strong>Roberto Giordano<\/strong>&nbsp;que falleci\u00f3 esta tarde y revel\u00f3 que \u201cfue el primero\u201d en verla cuando desfilaba en su ciudad natal, Paran\u00e1, Entre R\u00edos.<\/p>\n\n\n\n<p>\u201c<strong>Recib\u00ed con mucha tristeza la noticia<\/strong>. Si bien hace unos a\u00f1os que no lo ve\u00eda a Roberto, lo recuerdo con much\u00edsimo cari\u00f1o y con mucho agradecimiento\u201d, inici\u00f3 Mazza en di\u00e1logo con Noticias Argentinas.<\/p>\n\n\n\n<p>\u201cLo conoc\u00ed en el a\u00f1o 1988 -remarc\u00f3 la exactitud del recuerdo-, en un desfile en Paran\u00e1.&nbsp;<mark><strong>\u00c9l fue el primero que me vio cuando desfilaba ah\u00ed, en mi ciudad<\/strong><\/mark>, y me dijo de venir a participar en sus micro desfiles de moda que eran todos los d\u00edas, de cinco minutos, en ATC, canal 7\u201d, continu\u00f3 la modelo.<\/p>\n\n\n\n<p>\u201cAs\u00ed nos conocimos. Vine con mis padres un d\u00eda, a grabar y despu\u00e9s empec\u00e9 a venir una vez cada dos o tres meses, despu\u00e9s, de manera mensual. Cuando termin\u00e9 el colegio, vine a Buenos Aires y<strong>&nbsp;\u00e9l fue el primero que me present\u00f3 a mi agencia de modelos<\/strong>. Si bien, yo<strong>&nbsp;segu\u00ed mi carrera internacional, todos los a\u00f1os empezaba en su desfile<\/strong>&nbsp;en Punta del Este, Mar del Plata, Pinamar (&#8230;)\u201d, continu\u00f3 Valeria.<\/p>\n\n\n\n<p>Mazza record\u00f3 a Giordano como \u201cuna persona muy creativa y visionaria\u201d y agreg\u00f3: \u201c<strong>Fue un adelantado -a su tiempo- seguramente<\/strong>.&nbsp;<strong>Llev\u00f3 la moda a la televisi\u00f3n<\/strong>, primero con sus micros de moda y, m\u00e1s tarde, haciendo estos desfiles que eran un show televisivo\u201d.&nbsp;<\/p>\n\n\n\n<p>\u201cPon\u00eda cien modelos arriba de la pasarela y toda la primera fila, no s\u00e9 lo pod\u00eda perder nadie, desde todas las figuras nacionales e internacionales que ha tra\u00eddo. Nadie quer\u00eda dejar de estar en ese show\u201d, agreg\u00f3 la modelo.<\/p>\n\n\n\n<p>\u201cNos dej\u00f3 muchas frases, fue muy generoso siempre en abrir las puertas para much\u00edsima gente que todav\u00eda estamos, hoy en d\u00eda, en el mundo de la moda, que<strong>&nbsp;le agradecemos a Roberto que nos di\u00f3 la posibilidad y visibilidad<\/strong>\u201d, asegur\u00f3 Valeria conmovida.<\/p>\n\n\n\n<p>\u201c<strong>Era un gran impulsor, como un motor que siempre tuvo. Era un generador de ideas. Lo voy a recordar siempre con una sonrisa y muy agradecida<\/strong>\u201d, concluy\u00f3 la modelo que, adem\u00e1s envi\u00f3 un saludo a la familia del estilista y, \u201cen especial\u201d a Mirtha Almir\u00f3n, su esposa y \u201ccompa\u00f1era de toda la vida que siempre estaba\u201d.<\/p>\n","protected":false},"excerpt":{"rendered":"<p>La modelo record\u00f3 los inicios de su carrera junto al estilista e hizo referencia a su trayectoria en exclusiva con Noticias Argentinas. La modelo&nbsp;Valeria Mazza record\u00f3 al estilista&nbsp;Roberto Giordano&nbsp;que falleci\u00f3&hellip; <\/p>\n","protected":false},"author":4,"featured_media":174692,"comment_status":"closed","ping_status":"open","sticky":false,"template":"","format":"standard","meta":{"footnotes":""},"categories":[19],"tags":[],"class_list":["post-174652","post","type-post","status-publish","format-standard","has-post-thumbnail","hentry","category-espectaculos"],"_links":{"self":[{"href":"https:\/\/corrientesdetarde.com\/index.php\/wp-json\/wp\/v2\/posts\/174652","targetHints":{"allow":["GET"]}}],"collection":[{"href":"https:\/\/corrientesdetarde.com\/index.php\/wp-json\/wp\/v2\/posts"}],"about":[{"href":"https:\/\/corrientesdetarde.com\/index.php\/wp-json\/wp\/v2\/types\/post"}],"author":[{"embeddable":true,"href":"https:\/\/corrientesdetarde.com\/index.php\/wp-json\/wp\/v2\/users\/4"}],"replies":[{"embeddable":true,"href":"https:\/\/corrientesdetarde.com\/index.php\/wp-json\/wp\/v2\/comments?post=174652"}],"version-history":[{"count":1,"href":"https:\/\/corrientesdetarde.com\/index.php\/wp-json\/wp\/v2\/posts\/174652\/revisions"}],"predecessor-version":[{"id":174693,"href":"https:\/\/corrientesdetarde.com\/index.php\/wp-json\/wp\/v2\/posts\/174652\/revisions\/174693"}],"wp:featuredmedia":[{"embeddable":true,"href":"https:\/\/corrientesdetarde.com\/index.php\/wp-json\/wp\/v2\/media\/174692"}],"wp:attachment":[{"href":"https:\/\/corrientesdetarde.com\/index.php\/wp-json\/wp\/v2\/media?parent=174652"}],"wp:term":[{"taxonomy":"category","embeddable":true,"href":"https:\/\/corrientesdetarde.com\/index.php\/wp-json\/wp\/v2\/categories?post=174652"},{"taxonomy":"post_tag","embeddable":true,"href":"https:\/\/corrientesdetarde.com\/index.php\/wp-json\/wp\/v2\/tags?post=174652"}],"curies":[{"name":"wp","href":"https:\/\/api.w.org\/{rel}","templated":true}]}}