{"id":174676,"date":"2024-11-22T22:15:35","date_gmt":"2024-11-23T01:15:35","guid":{"rendered":"https:\/\/corrientesdetarde.com\/?p=174676"},"modified":"2024-11-22T22:15:46","modified_gmt":"2024-11-23T01:15:46","slug":"milei-defendio-las-ideas-de-la-libertad-en-una-columna-publicada-en-the-economist","status":"publish","type":"post","link":"https:\/\/corrientesdetarde.com\/index.php\/economia\/milei-defendio-las-ideas-de-la-libertad-en-una-columna-publicada-en-the-economist\/","title":{"rendered":"Milei defendi\u00f3 &#8220;las ideas de la libertad&#8221; en una columna publicada en The Economist"},"content":{"rendered":"\n<h2 class=\"wp-block-heading\">El presidente argentino dio las claves de su programa econ\u00f3mico y se mostr\u00f3 muy optimista de cara a 2025.<\/h2>\n\n\n\n<p>En una nota publicada en el influyente semanario The Economist, el presidente Javier Milei destac\u00f3 logros de su gesti\u00f3n y dijo que la clave para alcanzarlos fue \u201cabrazar las ideas de la libertad\u201d.<\/p>\n\n\n\n<p>Milei hace un repaso de la situaci\u00f3n econ\u00f3mica del pa\u00eds desde los niveles de &#8221;exceso de liquidez monetario&#8221; que causaron el &#8221;infame Rodrigazo&#8221;, hasta la &#8221;ca\u00edda libre&#8221; del PIB &#8221;durante 15 a\u00f1os&#8221;.&nbsp;<\/p>\n\n\n\n<p>Y agrega: &#8221;Ante el desastre inminente, la \u00fanica soluci\u00f3n posible fue actuar con rapidez y decisi\u00f3n. Comenzamos por recortar el gasto p\u00fablico en un 30% en t\u00e9rminos reales, logrando el equilibrio fiscal en nuestro primer mes en el cargo&#8221;.<\/p>\n\n\n\n<p>Dijo que la devaluaci\u00f3n y el aumento de los impuestos a las importaciones logr\u00f3 reducir &#8221;la prima del mercado negro de m\u00e1s del 100% a un 25% m\u00e1s manejable&#8221;, y destac\u00f3 que &#8221;el riesgo pa\u00eds, una medida del riesgo de impago, se desplom\u00f3 un 40% y la inflaci\u00f3n mensual de los precios al por mayor (que se dispar\u00f3 al 54% en diciembre de 2023) cay\u00f3 al 2%&#8221;.<\/p>\n\n\n\n<p>&#8221;Nuestra pol\u00edtica principal es la b\u00fasqueda de un presupuesto equilibrado&#8221;, destacc\u00f3.&nbsp;<\/p>\n\n\n\n<p>Subray\u00f3 que se restablecer\u00e1 la solvencia fiscal y que eso conllevar\u00e1 -junto con el pago de deudas externas pendientes- a que las &#8221;primas de riesgo del pa\u00eds deber\u00edan desaparecer gradualmente, allanando el camino para un mayor ahorro, una mayor productividad y un crecimiento de los salarios reales&#8221;.<\/p>\n\n\n\n<p>&#8221;Hemos disminuido compras de reservas, deteniendo as\u00ed esta fuente restante de impresi\u00f3n de dinero&#8221;.&nbsp;<\/p>\n\n\n\n<p>Esto, seg\u00fan explica, para evitar &#8221;un riesgo de expansi\u00f3n monetaria superior a lo aceptable&#8221;.<br>El &#8221;milagro&#8221; econ\u00f3mico<\/p>\n\n\n\n<p>&#8221;El crecimiento econ\u00f3mico va camino de recuperarse, impulsado tanto por factores c\u00edclicos como estructurales. Tras una pronunciada ca\u00edda, los salarios y las pensiones del sector privado est\u00e1n aumentando, lo que impulsa la demanda agregada y una mayor utilizaci\u00f3n de la capacidad&#8221;, entre otras cosas.<\/p>\n\n\n\n<p>Adem\u00e1s, cit\u00f3 un programa de reformas estructurales y la eliminaci\u00f3n de las leyes de control de alquileres; as\u00ed como tambi\u00e9n la reducci\u00f3n de las primas de riesgo pa\u00eds, lo que &#8221;act\u00faa como un poderoso catalizador para el ahorro y la inversi\u00f3n&#8221;.<\/p>\n\n\n\n<p>&#8221;Lo que nos espera en 2025 es m\u00e1s de lo que ya hemos hecho: equilibrio fiscal estricto, sin crecimiento monetario y desregulaci\u00f3n. Argentina ha sufrido una sobredosis de d\u00e9ficit, impresi\u00f3n de dinero y regulaciones in\u00fatiles. Todo eso tiene que desaparecer. A medida que buscamos un gobierno m\u00e1s peque\u00f1o, la consolidaci\u00f3n fiscal tendr\u00e1 que profundizarse&#8221;, se\u00f1al\u00f3.<\/p>\n\n\n\n<p>Milei destac\u00f3 que se han logrado &#8220;avances importantes, pero a\u00fan queda mucho por hacer. Si lo logramos, muchos podr\u00edan calificar nuestros logros de \u201cmilagro\u201d, pero no es un milagro: es el resultado de gobernar con prudencia macroecon\u00f3mica y adherirse a los principios de libertad econ\u00f3mica que han enriquecido a las naciones. Trabajamos para mostrarle al mundo que abrazar las ideas de libertad trae prosperidad&#8221;.<\/p>\n","protected":false},"excerpt":{"rendered":"<p>El presidente argentino dio las claves de su programa econ\u00f3mico y se mostr\u00f3 muy optimista de cara a 2025. En una nota publicada en el influyente semanario The Economist, el&hellip; <\/p>\n","protected":false},"author":4,"featured_media":174677,"comment_status":"closed","ping_status":"open","sticky":false,"template":"","format":"standard","meta":{"footnotes":""},"categories":[20],"tags":[],"class_list":["post-174676","post","type-post","status-publish","format-standard","has-post-thumbnail","hentry","category-economia"],"_links":{"self":[{"href":"https:\/\/corrientesdetarde.com\/index.php\/wp-json\/wp\/v2\/posts\/174676","targetHints":{"allow":["GET"]}}],"collection":[{"href":"https:\/\/corrientesdetarde.com\/index.php\/wp-json\/wp\/v2\/posts"}],"about":[{"href":"https:\/\/corrientesdetarde.com\/index.php\/wp-json\/wp\/v2\/types\/post"}],"author":[{"embeddable":true,"href":"https:\/\/corrientesdetarde.com\/index.php\/wp-json\/wp\/v2\/users\/4"}],"replies":[{"embeddable":true,"href":"https:\/\/corrientesdetarde.com\/index.php\/wp-json\/wp\/v2\/comments?post=174676"}],"version-history":[{"count":1,"href":"https:\/\/corrientesdetarde.com\/index.php\/wp-json\/wp\/v2\/posts\/174676\/revisions"}],"predecessor-version":[{"id":174678,"href":"https:\/\/corrientesdetarde.com\/index.php\/wp-json\/wp\/v2\/posts\/174676\/revisions\/174678"}],"wp:featuredmedia":[{"embeddable":true,"href":"https:\/\/corrientesdetarde.com\/index.php\/wp-json\/wp\/v2\/media\/174677"}],"wp:attachment":[{"href":"https:\/\/corrientesdetarde.com\/index.php\/wp-json\/wp\/v2\/media?parent=174676"}],"wp:term":[{"taxonomy":"category","embeddable":true,"href":"https:\/\/corrientesdetarde.com\/index.php\/wp-json\/wp\/v2\/categories?post=174676"},{"taxonomy":"post_tag","embeddable":true,"href":"https:\/\/corrientesdetarde.com\/index.php\/wp-json\/wp\/v2\/tags?post=174676"}],"curies":[{"name":"wp","href":"https:\/\/api.w.org\/{rel}","templated":true}]}}