{"id":174679,"date":"2024-11-22T23:04:01","date_gmt":"2024-11-23T02:04:01","guid":{"rendered":"https:\/\/corrientesdetarde.com\/?p=174679"},"modified":"2024-11-22T23:04:12","modified_gmt":"2024-11-23T02:04:12","slug":"el-impuesto-pais-no-sera-reemplazado-ratifico-el-presidente-del-banco-central","status":"publish","type":"post","link":"https:\/\/corrientesdetarde.com\/index.php\/economia\/el-impuesto-pais-no-sera-reemplazado-ratifico-el-presidente-del-banco-central\/","title":{"rendered":"El impuesto PAIS no ser\u00e1 reemplazado, ratific\u00f3 el presidente del Banco Central"},"content":{"rendered":"\n<h2 class=\"wp-block-heading\">Bausili brind\u00f3 precisiones sobre ese gravamen que dejar\u00e1 de operar el 24 de diciembre.<\/h2>\n\n\n\n<p>El impuesto PAIS no ser\u00e1 reemplazado por otro gravamen, ratific\u00f3 el presidente del Banco Central, Santiago Bausili.<\/p>\n\n\n\n<p>Al hablar en un encuentro organizado por la Bolsa de Comercio de C\u00f3rdoba, Bausili tambi\u00e9n se refiri\u00f3 a la demanda de d\u00f3lares para el turismo, ahora que vienen las vacaciones de verano.<\/p>\n\n\n\n<p>Sobre la quita del gravamen sobre el tipo de cambio que se emplea para el turismo y el pago de servicios al exterior, Bausili plante\u00f3 que &#8220;el gasto de los argentinos en turismo en el exterior es una variable que el gobierno no controla&#8221;.<\/p>\n\n\n\n<p>&#8220;Lo que est\u00e1 en discusi\u00f3n ac\u00e1 es si el que no tiene d\u00f3lares va a comprarle al Banco Central y va a consumir reservas netas o se las va a comprar al vecino y no afecta las reservas. Ese es el debate&#8221;, sostuvo. &nbsp;<\/p>\n\n\n\n<p>El funcionario precis\u00f3 que la mitad de los d\u00f3lares que se consumen en el exterior provienen de las reservas, mientras que la otra mitad se consiguen en el mercado financiero.<\/p>\n\n\n\n<p>&#8220;\u00bfPor qu\u00e9 alguien pagar\u00eda $ 1500 con el d\u00f3lar tarjeta, como lo hacen por u$s 400 millones al mes?&#8221;, se pregunt\u00f3. Y vincul\u00f3 esta decisi\u00f3n con que son montos chicos, como los pagos de los servicios de streaming.<\/p>\n\n\n\n<p>Sobre la demanda extra de d\u00f3lares para turismo, Bausilli subray\u00f3 que ir\u00e1 en busca de divisas sobre el mercado financiero, incluso si el tipo de cambio tarjeta se abarata por una quita del impuesto PAIS.<\/p>\n\n\n\n<p>Bausili destac\u00f3 que el gobierno vienen levantando el cepo cambiario por capas y explic\u00f3 que su continuidad se debe al &#8220;riesgo de lo que pase con los stocks&#8221; de deudas a pagar.<\/p>\n\n\n\n<p>&#8220;Ese es el impedimento m\u00e1s relevante para levantarlo y por eso lo que venimos haciendo es ir levantando el cepo por capas, sacando capas de restricciones para mejorar los flujos&#8221;, aclar\u00f3.<\/p>\n\n\n\n<p>Bausilli tambi\u00e9n le rest\u00f3 importancia a la discusi\u00f3n de si hay atraso en el tipo de cambio y descart\u00f3 una devaluaci\u00f3n para acomodar ese valor.<\/p>\n\n\n\n<p>&#8220;No creemos que el ajuste de las variables nominales sea la soluci\u00f3n al debate sobre si Argentina est\u00e1 cara o barata. Argentina va a terminar estando cara o barata, en t\u00e9rminos de si es una econom\u00eda eficiente o no y su estructura impositiva es comparable con los pa\u00edses con los que nos comparamos&#8221;, indic\u00f3.&nbsp;<\/p>\n","protected":false},"excerpt":{"rendered":"<p>Bausili brind\u00f3 precisiones sobre ese gravamen que dejar\u00e1 de operar el 24 de diciembre. El impuesto PAIS no ser\u00e1 reemplazado por otro gravamen, ratific\u00f3 el presidente del Banco Central, Santiago&hellip; <\/p>\n","protected":false},"author":4,"featured_media":174680,"comment_status":"closed","ping_status":"open","sticky":false,"template":"","format":"standard","meta":{"footnotes":""},"categories":[20],"tags":[],"class_list":["post-174679","post","type-post","status-publish","format-standard","has-post-thumbnail","hentry","category-economia"],"_links":{"self":[{"href":"https:\/\/corrientesdetarde.com\/index.php\/wp-json\/wp\/v2\/posts\/174679","targetHints":{"allow":["GET"]}}],"collection":[{"href":"https:\/\/corrientesdetarde.com\/index.php\/wp-json\/wp\/v2\/posts"}],"about":[{"href":"https:\/\/corrientesdetarde.com\/index.php\/wp-json\/wp\/v2\/types\/post"}],"author":[{"embeddable":true,"href":"https:\/\/corrientesdetarde.com\/index.php\/wp-json\/wp\/v2\/users\/4"}],"replies":[{"embeddable":true,"href":"https:\/\/corrientesdetarde.com\/index.php\/wp-json\/wp\/v2\/comments?post=174679"}],"version-history":[{"count":1,"href":"https:\/\/corrientesdetarde.com\/index.php\/wp-json\/wp\/v2\/posts\/174679\/revisions"}],"predecessor-version":[{"id":174681,"href":"https:\/\/corrientesdetarde.com\/index.php\/wp-json\/wp\/v2\/posts\/174679\/revisions\/174681"}],"wp:featuredmedia":[{"embeddable":true,"href":"https:\/\/corrientesdetarde.com\/index.php\/wp-json\/wp\/v2\/media\/174680"}],"wp:attachment":[{"href":"https:\/\/corrientesdetarde.com\/index.php\/wp-json\/wp\/v2\/media?parent=174679"}],"wp:term":[{"taxonomy":"category","embeddable":true,"href":"https:\/\/corrientesdetarde.com\/index.php\/wp-json\/wp\/v2\/categories?post=174679"},{"taxonomy":"post_tag","embeddable":true,"href":"https:\/\/corrientesdetarde.com\/index.php\/wp-json\/wp\/v2\/tags?post=174679"}],"curies":[{"name":"wp","href":"https:\/\/api.w.org\/{rel}","templated":true}]}}