{"id":174682,"date":"2024-11-22T23:16:05","date_gmt":"2024-11-23T02:16:05","guid":{"rendered":"https:\/\/corrientesdetarde.com\/?p=174682"},"modified":"2024-11-22T23:31:30","modified_gmt":"2024-11-23T02:31:30","slug":"cristina-kirchner-reclamo-ante-la-anses-por-su-jubilacion-de-privilegio","status":"publish","type":"post","link":"https:\/\/corrientesdetarde.com\/index.php\/politica\/cristina-kirchner-reclamo-ante-la-anses-por-su-jubilacion-de-privilegio\/","title":{"rendered":"Cristina Kirchner reclam\u00f3 ante la ANSES por su jubilaci\u00f3n de privilegio"},"content":{"rendered":"\n<h2 class=\"wp-block-heading\">La defensa de la ex mandataria se present\u00f3 ante el organismo previsional como paso previo a la instancia judicial. \u00bfQu\u00e9 dice el documento?<\/h2>\n\n\n\n<p>La ex presidenta&nbsp;<strong>Cristina Kirchner<\/strong>&nbsp;interpuso este viernes un recurso de nulidad ante la Anses para reclamar su jubilaci\u00f3n de privilegio, despu\u00e9s de que el gobierno de&nbsp;<strong>Javier Milei&nbsp;<\/strong>dispusiera dar de baja ese beneficio para la ex mandataria, informaron fuentes oficiales.<\/p>\n\n\n\n<p>El subsecretario de Prensa de Presidencia,<strong>&nbsp;Javier Lanari<\/strong>, public\u00f3 en sus redes sociales la presentaci\u00f3n hecha por los abogados de Fern\u00e1ndez de Kirchner ante el titular de ANSES,&nbsp;<strong>Mariano De los Heros<\/strong>.<\/p>\n\n\n\n<p>En el recurso administrativo presentado ante Anses, el abogado<strong>&nbsp;Facundo Fern\u00e1ndez Pastor<\/strong>&nbsp;calific\u00f3 la quita de las jubilaciones como un error material y argument\u00f3 que la resoluci\u00f3n de ANSES&nbsp;<strong>&#8220;viola derechos y garant\u00edas consagrados en las leyes<\/strong>, la Constituci\u00f3n Nacional y la doctrina establecida por la Corte Suprema de Justicia de la Naci\u00f3n&#8221;.&nbsp;&nbsp;&nbsp;<\/p>\n\n\n\n<p>Tambi\u00e9n manifest\u00f3 que el hecho es un &#8220;acto de persecuci\u00f3n con fines de venganza, hostigamiento y partidismo&#8221;.&nbsp;&nbsp;<\/p>\n\n\n\n<p>Adem\u00e1s, solicit\u00f3 la revocaci\u00f3n de la resoluci\u00f3n y la restituci\u00f3n de los haberes correspondientes a las asignaciones mensuales vitalicias retenidas, junto con los intereses acumulados hasta su efectivo pago, seg\u00fan pudo saber la<strong>&nbsp;Agencia Noticias Argentinas<\/strong>&nbsp;de fuentes judiciales.&nbsp;&nbsp;&nbsp;<\/p>\n\n\n\n<p>La defensa de Fern\u00e1ndez de Kirchner plante\u00f3 que &#8220;seg\u00fan la Ley N\u00b0 24.018, los ex presidentes y ex vicepresidentes reciben una asignaci\u00f3n de car\u00e1cter contributivo que se otorga con car\u00e1cter excepcional y extraordinario, como contraprestaci\u00f3n al honor, el m\u00e9rito y el buen desempe\u00f1o en el cargo&#8221;.&nbsp;&nbsp;&nbsp;<\/p>\n\n\n\n<p>El 14 de noviembre \u00faltimo, el Gobierno anunci\u00f3 la baja de los beneficios de privilegios en la jubilaci\u00f3n y la pensi\u00f3n por el fallecimiento de<strong>&nbsp;N\u00e9stor Kirchner&nbsp;<\/strong>que percibe la ex mandataria, tras la ratificaci\u00f3n de la condena a 6 a\u00f1os de prisi\u00f3n en su contra en la causa Vialidad.<\/p>\n","protected":false},"excerpt":{"rendered":"<p>La defensa de la ex mandataria se present\u00f3 ante el organismo previsional como paso previo a la instancia judicial. \u00bfQu\u00e9 dice el documento? La ex presidenta&nbsp;Cristina Kirchner&nbsp;interpuso este viernes un&hellip; <\/p>\n","protected":false},"author":4,"featured_media":174683,"comment_status":"closed","ping_status":"open","sticky":false,"template":"","format":"standard","meta":{"footnotes":""},"categories":[3],"tags":[],"class_list":["post-174682","post","type-post","status-publish","format-standard","has-post-thumbnail","hentry","category-politica"],"_links":{"self":[{"href":"https:\/\/corrientesdetarde.com\/index.php\/wp-json\/wp\/v2\/posts\/174682","targetHints":{"allow":["GET"]}}],"collection":[{"href":"https:\/\/corrientesdetarde.com\/index.php\/wp-json\/wp\/v2\/posts"}],"about":[{"href":"https:\/\/corrientesdetarde.com\/index.php\/wp-json\/wp\/v2\/types\/post"}],"author":[{"embeddable":true,"href":"https:\/\/corrientesdetarde.com\/index.php\/wp-json\/wp\/v2\/users\/4"}],"replies":[{"embeddable":true,"href":"https:\/\/corrientesdetarde.com\/index.php\/wp-json\/wp\/v2\/comments?post=174682"}],"version-history":[{"count":2,"href":"https:\/\/corrientesdetarde.com\/index.php\/wp-json\/wp\/v2\/posts\/174682\/revisions"}],"predecessor-version":[{"id":174686,"href":"https:\/\/corrientesdetarde.com\/index.php\/wp-json\/wp\/v2\/posts\/174682\/revisions\/174686"}],"wp:featuredmedia":[{"embeddable":true,"href":"https:\/\/corrientesdetarde.com\/index.php\/wp-json\/wp\/v2\/media\/174683"}],"wp:attachment":[{"href":"https:\/\/corrientesdetarde.com\/index.php\/wp-json\/wp\/v2\/media?parent=174682"}],"wp:term":[{"taxonomy":"category","embeddable":true,"href":"https:\/\/corrientesdetarde.com\/index.php\/wp-json\/wp\/v2\/categories?post=174682"},{"taxonomy":"post_tag","embeddable":true,"href":"https:\/\/corrientesdetarde.com\/index.php\/wp-json\/wp\/v2\/tags?post=174682"}],"curies":[{"name":"wp","href":"https:\/\/api.w.org\/{rel}","templated":true}]}}