{"id":174687,"date":"2024-11-22T23:33:46","date_gmt":"2024-11-23T02:33:46","guid":{"rendered":"https:\/\/corrientesdetarde.com\/?p=174687"},"modified":"2024-11-22T23:33:52","modified_gmt":"2024-11-23T02:33:52","slug":"la-libertad-avanza-presento-su-partido-en-cordoba-con-fuertes-mensajes-contra-la-casta","status":"publish","type":"post","link":"https:\/\/corrientesdetarde.com\/index.php\/politica\/la-libertad-avanza-presento-su-partido-en-cordoba-con-fuertes-mensajes-contra-la-casta\/","title":{"rendered":"La Libertad Avanza present\u00f3 su partido en C\u00f3rdoba con fuertes mensajes contra la casta"},"content":{"rendered":"\n<h2 class=\"wp-block-heading\">Convoc\u00f3 a cientos de militantes y simpatizantes en la capital provincial.<\/h2>\n\n\n\n<p>La Libertad Avanza (LLA) lanz\u00f3 oficialmente su partido en la provincia de C\u00f3rdoba en un acto que convoc\u00f3 a cientos de militantes y simpatizantes en la capital provincial.<\/p>\n\n\n\n<p>Karina Milei, presidenta del partido y hermana del presidente Javier Milei, encabez\u00f3 el evento junto al vicepresidente Mart\u00edn Menem y Gabriel Bornoroni, titular del espacio en la provincia. La jornada sirvi\u00f3 para reafirmar los principios del movimiento libertario y para destacar la labor de sus referentes y militantes.<\/p>\n\n\n\n<figure class=\"wp-block-image size-full\"><img loading=\"lazy\" decoding=\"async\" width=\"772\" height=\"469\" src=\"https:\/\/corrientesdetarde.com\/wp-content\/uploads\/2024\/11\/image-925.png\" alt=\"\" class=\"wp-image-174688\" srcset=\"https:\/\/corrientesdetarde.com\/wp-content\/uploads\/2024\/11\/image-925.png 772w, https:\/\/corrientesdetarde.com\/wp-content\/uploads\/2024\/11\/image-925-300x182.png 300w, https:\/\/corrientesdetarde.com\/wp-content\/uploads\/2024\/11\/image-925-768x467.png 768w\" sizes=\"auto, (max-width: 772px) 100vw, 772px\" \/><\/figure>\n\n\n\n<p>&#8220;Amo estar en C\u00f3rdoba. Quiero agradecerles por defender las ideas de la libertad. Gabriel Bornoroni y Mart\u00edn Menem han trabajado incansablemente para llevar adelante este proyecto&#8221;, expres\u00f3 Karina Milei, quien adem\u00e1s destac\u00f3 los desaf\u00edos del gobierno de su hermano: &#8220;Javier est\u00e1 cumpliendo con lo prometido, pese a las presiones de la casta pol\u00edtica. Las promesas de los hermanos Milei se cumplen&#8221;.<\/p>\n\n\n\n<p>En su mensaje, Karina subray\u00f3: &#8220;La casta est\u00e1 muy nerviosa porque ven que esto est\u00e1 funcionando, y eso significa que no vuelven m\u00e1s. Necesitamos m\u00e1s argentinos de bien involucrados en la pol\u00edtica para seguir defendiendo nuestras ideas&#8221;.<\/p>\n\n\n\n<p>Por su parte, Mart\u00edn Menem resalt\u00f3 el apoyo clave de C\u00f3rdoba al proyecto nacional de LLA: &#8220;Esta provincia no solo vot\u00f3 masivamente a Javier Milei, sino que fue fundamental para construir un partido nacional. En apenas 11 meses logramos reformas hist\u00f3ricas con 6 senadores y 39 diputados&#8221;.<\/p>\n\n\n\n<figure class=\"wp-block-image size-full\"><img loading=\"lazy\" decoding=\"async\" width=\"780\" height=\"473\" src=\"https:\/\/corrientesdetarde.com\/wp-content\/uploads\/2024\/11\/image-926.png\" alt=\"\" class=\"wp-image-174689\" srcset=\"https:\/\/corrientesdetarde.com\/wp-content\/uploads\/2024\/11\/image-926.png 780w, https:\/\/corrientesdetarde.com\/wp-content\/uploads\/2024\/11\/image-926-300x182.png 300w, https:\/\/corrientesdetarde.com\/wp-content\/uploads\/2024\/11\/image-926-768x466.png 768w\" sizes=\"auto, (max-width: 780px) 100vw, 780px\" \/><\/figure>\n\n\n\n<p>Gabriel Bornoroni, conmovido por el respaldo de los presentes, asegur\u00f3: &#8220;Este no es solo un proyecto pol\u00edtico, es una causa. Trabajamos d\u00eda a d\u00eda para transformar el pa\u00eds con esfuerzo y m\u00e9rito como valores fundamentales&#8221;.<\/p>\n\n\n\n<p>La jornada incluy\u00f3 un espacio especial para la juventud, liderado por Karina Milei y Sharif Menem, quien destac\u00f3: &#8220;La juventud de LLA tiene la misi\u00f3n de dar la batalla cultural sin egos ni soberbia&#8221;.<\/p>\n\n\n\n<p>El evento cerr\u00f3 con un llamado un\u00e1nime a &#8220;llenar el Congreso de legisladores comprometidos con la libertad&#8221; y a continuar difundiendo los valores libertarios en todo el pa\u00eds.<\/p>\n","protected":false},"excerpt":{"rendered":"<p>Convoc\u00f3 a cientos de militantes y simpatizantes en la capital provincial. La Libertad Avanza (LLA) lanz\u00f3 oficialmente su partido en la provincia de C\u00f3rdoba en un acto que convoc\u00f3 a&hellip; <\/p>\n","protected":false},"author":4,"featured_media":174690,"comment_status":"closed","ping_status":"open","sticky":false,"template":"","format":"standard","meta":{"footnotes":""},"categories":[3],"tags":[],"class_list":["post-174687","post","type-post","status-publish","format-standard","has-post-thumbnail","hentry","category-politica"],"_links":{"self":[{"href":"https:\/\/corrientesdetarde.com\/index.php\/wp-json\/wp\/v2\/posts\/174687","targetHints":{"allow":["GET"]}}],"collection":[{"href":"https:\/\/corrientesdetarde.com\/index.php\/wp-json\/wp\/v2\/posts"}],"about":[{"href":"https:\/\/corrientesdetarde.com\/index.php\/wp-json\/wp\/v2\/types\/post"}],"author":[{"embeddable":true,"href":"https:\/\/corrientesdetarde.com\/index.php\/wp-json\/wp\/v2\/users\/4"}],"replies":[{"embeddable":true,"href":"https:\/\/corrientesdetarde.com\/index.php\/wp-json\/wp\/v2\/comments?post=174687"}],"version-history":[{"count":1,"href":"https:\/\/corrientesdetarde.com\/index.php\/wp-json\/wp\/v2\/posts\/174687\/revisions"}],"predecessor-version":[{"id":174691,"href":"https:\/\/corrientesdetarde.com\/index.php\/wp-json\/wp\/v2\/posts\/174687\/revisions\/174691"}],"wp:featuredmedia":[{"embeddable":true,"href":"https:\/\/corrientesdetarde.com\/index.php\/wp-json\/wp\/v2\/media\/174690"}],"wp:attachment":[{"href":"https:\/\/corrientesdetarde.com\/index.php\/wp-json\/wp\/v2\/media?parent=174687"}],"wp:term":[{"taxonomy":"category","embeddable":true,"href":"https:\/\/corrientesdetarde.com\/index.php\/wp-json\/wp\/v2\/categories?post=174687"},{"taxonomy":"post_tag","embeddable":true,"href":"https:\/\/corrientesdetarde.com\/index.php\/wp-json\/wp\/v2\/tags?post=174687"}],"curies":[{"name":"wp","href":"https:\/\/api.w.org\/{rel}","templated":true}]}}