{"id":174947,"date":"2024-11-24T18:41:42","date_gmt":"2024-11-24T21:41:42","guid":{"rendered":"https:\/\/corrientesdetarde.com\/?p=174947"},"modified":"2024-11-24T18:41:54","modified_gmt":"2024-11-24T21:41:54","slug":"murio-roberto-dromi-funcionario-clave-en-las-privatizaciones-del-menemismo","status":"publish","type":"post","link":"https:\/\/corrientesdetarde.com\/index.php\/politica\/murio-roberto-dromi-funcionario-clave-en-las-privatizaciones-del-menemismo\/","title":{"rendered":"Muri\u00f3 Roberto Dromi, funcionario clave en las privatizaciones del menemismo."},"content":{"rendered":"\n<h2 class=\"wp-block-heading\">Fue el exministro de Obras P\u00fablicas de Carlos Menem y dise\u00f1\u00f3 esquema de traspaso del manejo de las empresas de servicios p\u00fablicos bajo concesiones privadas.<\/h2>\n\n\n\n<p>El exministro de Obras P\u00fablicas del gobierno de Carlos Menem,\u00a0<strong>Roberto Dromi, muri\u00f3\u00a0<\/strong>este s\u00e1bado en su casa. Ten\u00eda 79 a\u00f1os y segu\u00eda asesorando sobre privatizaciones.<\/p>\n\n\n\n<p><strong>Dromi fue un funcionario clave durante la d\u00e9cada menemista<\/strong>. Fue quien dise\u00f1\u00f3 el esquema del traspaso del manejo de las empresas de servicios p\u00fablicos bajo concesiones privadas.<\/p>\n\n\n\n<p>Dromi fue el hombre que<strong>&nbsp;dise\u00f1\u00f3 los cambios en la estructura estatal&nbsp;<\/strong>que llev\u00f3 adelante Menem durante la d\u00e9cada del 90. Fue una de las<strong>&nbsp;piezas fundamentales<\/strong>&nbsp;de la gesti\u00f3n del riojano.<strong>&nbsp;Junto a Carlos Corach<\/strong>, las dos m\u00e1s importantes.<\/p>\n\n\n\n<p>Es el autor de una c\u00e9lebre frase que qued\u00f3 grabada en la pol\u00edtica argentina: \u201c<strong>Nada de lo que deba ser del Estado seguir\u00e1 en manos del Estado<\/strong>\u201d.<\/p>\n\n\n\n<h2 class=\"wp-block-heading\">Dromi y su rol de asesor<\/h2>\n\n\n\n<p>Tras el triunfo de&nbsp;<strong>Javier Milei<\/strong>, Dromi se acerc\u00f3 al Gobierno para&nbsp;<strong>asesorarlo&nbsp;<\/strong>en el proceso de privatizaciones. Mantuvo&nbsp;<strong>encuentros&nbsp;<\/strong>tambi\u00e9n con la vicepresidenta<strong>&nbsp;Victoria Villarruel.<\/strong><\/p>\n\n\n\n<p>Si bien -a diferencia del menemismo en la que Dromi dise\u00f1\u00f3 que el proceso de privatizaciones se encar\u00f3 a trav\u00e9s de una norma especial, con una delegaci\u00f3n legislativa, es decir, que el Congreso le deleg\u00f3 el dise\u00f1o de las reformas al Poder Ejecutivo-&nbsp;<strong>Milei logr\u00f3 incluir algunas privatizaciones de empresas p\u00fablicas en la Ley Bases<\/strong>, el manejo de los decretos y las facultades delegadas que le otorg\u00f3 el Parlamento se asemejan y tienen la impronta de los 90.<\/p>\n\n\n\n<p>Tras formar parte del Gobierno de Menem, Dromi&nbsp;<strong>asesor\u00f3 a todos las administraciones siguientes, incluso a N\u00e9stor y Cristina Kirchner<\/strong>, siempre sobre temas vinculados con las privatizaciones o sobre regulaciones y desregulaciones del Estado.<\/p>\n\n\n\n<p>En su experiencia al frente de cargos p\u00fablicos suma el haber sido designado<strong>&nbsp;intendente de la Ciudad de Mendoza,&nbsp;<\/strong>durante la \u00faltima dictadura miliar. Adem\u00e1s, fue&nbsp;<strong>asesor jur\u00eddico de la C\u00e1mara de Diputados y del Senado.<\/strong><\/p>\n\n\n\n<p><strong>La Justicia lo investig\u00f3&nbsp;<\/strong>por presuntas irregularidades en las privatizaciones y otros hechos de corrupci\u00f3n, pero nunca fue condenado. Adem\u00e1s, su estudio jur\u00eddico fue allanado por la Justicia en el marco de una causa contra el exministro kirchnerista Julio De Vido por presunta asociaci\u00f3n il\u00edcita por la compra de gas licuado.<\/p>\n","protected":false},"excerpt":{"rendered":"<p>Fue el exministro de Obras P\u00fablicas de Carlos Menem y dise\u00f1\u00f3 esquema de traspaso del manejo de las empresas de servicios p\u00fablicos bajo concesiones privadas. El exministro de Obras P\u00fablicas&hellip; <\/p>\n","protected":false},"author":6,"featured_media":174949,"comment_status":"closed","ping_status":"open","sticky":false,"template":"","format":"standard","meta":{"footnotes":""},"categories":[3],"tags":[],"class_list":["post-174947","post","type-post","status-publish","format-standard","has-post-thumbnail","hentry","category-politica"],"_links":{"self":[{"href":"https:\/\/corrientesdetarde.com\/index.php\/wp-json\/wp\/v2\/posts\/174947","targetHints":{"allow":["GET"]}}],"collection":[{"href":"https:\/\/corrientesdetarde.com\/index.php\/wp-json\/wp\/v2\/posts"}],"about":[{"href":"https:\/\/corrientesdetarde.com\/index.php\/wp-json\/wp\/v2\/types\/post"}],"author":[{"embeddable":true,"href":"https:\/\/corrientesdetarde.com\/index.php\/wp-json\/wp\/v2\/users\/6"}],"replies":[{"embeddable":true,"href":"https:\/\/corrientesdetarde.com\/index.php\/wp-json\/wp\/v2\/comments?post=174947"}],"version-history":[{"count":2,"href":"https:\/\/corrientesdetarde.com\/index.php\/wp-json\/wp\/v2\/posts\/174947\/revisions"}],"predecessor-version":[{"id":174951,"href":"https:\/\/corrientesdetarde.com\/index.php\/wp-json\/wp\/v2\/posts\/174947\/revisions\/174951"}],"wp:featuredmedia":[{"embeddable":true,"href":"https:\/\/corrientesdetarde.com\/index.php\/wp-json\/wp\/v2\/media\/174949"}],"wp:attachment":[{"href":"https:\/\/corrientesdetarde.com\/index.php\/wp-json\/wp\/v2\/media?parent=174947"}],"wp:term":[{"taxonomy":"category","embeddable":true,"href":"https:\/\/corrientesdetarde.com\/index.php\/wp-json\/wp\/v2\/categories?post=174947"},{"taxonomy":"post_tag","embeddable":true,"href":"https:\/\/corrientesdetarde.com\/index.php\/wp-json\/wp\/v2\/tags?post=174947"}],"curies":[{"name":"wp","href":"https:\/\/api.w.org\/{rel}","templated":true}]}}